{"id":838,"date":"2012-02-23T12:23:51","date_gmt":"2012-02-23T12:23:51","guid":{"rendered":"http:\/\/jordanvalleysolidarity.org\/fr\/2012\/02\/23\/dans-la-vallee-du-jourdain-pour-les-palestiniens-l-exister-cest-resister-r-2\/"},"modified":"2012-02-23T12:23:51","modified_gmt":"2012-02-23T12:23:51","slug":"dans-la-vallee-du-jourdain-pour-les-palestiniens-l-exister-cest-resister-r-2","status":"publish","type":"post","link":"https:\/\/jordanvalleysolidarity.org\/fr\/solidarite\/france\/dans-la-vallee-du-jourdain-pour-les-palestiniens-l-exister-cest-resister-r-2\/","title":{"rendered":"Dans la Vall\u00e9e du Jourdain, pour les palestiniens, \u00ab exister, c\u2019est r\u00e9sister \u00bb"},"content":{"rendered":"<div class=\"article_column column1 cols1\">\n<div class=\"colpad\">\n<div id=\"principal\">\n<p><strong>Publi\u00e9 le vendredi 25 novembre 2011:&nbsp;AFPS Paris Centre<\/strong><\/p>\n<\/p><\/div>\n<p><strong>Le 23 novembre dernier, nous (AFPS Paris-Centre) avons tenu, au FIAP (14e arrondissement de Paris) une r\u00e9union d\u2019information sur les conditions de vie des paysans palestiniens dans la Vall\u00e9e du Jourdain, les difficult\u00e9s qu\u2019ils rencontrent pour s\u2019y maintenir et y vivre, tandis que les terres et l\u2019eau sont accapar\u00e9es par les colons isra\u00e9liens et qu\u2019ils sont sous l\u2019interdiction de construire \u2013 ou restaurer &#8211; des maisons et le point sur le projet \u00ab&nbsp;Dattes&nbsp;\u00bb que nous avons mis sur pied .<\/strong><\/p>\n<div>Cette r\u00e9union \u00e9tait essentiellement destin\u00e9e \u00e0 tous ceux qui ont particip\u00e9 au financement de la campagne \u00ab&nbsp;Parrainez un palmier&nbsp;\u00bb initi\u00e9e par l\u2019association France Palestine Solidarit\u00e9 (AFPS) en partenariat avec deux ONG palestiniennes, ou qui l\u2019ont subventionn\u00e9e, campagne qui a permis la plantation de palmiers et la construction d\u2019une chambre froide pour la conservation des dattes.Notre amie Lauriane G., qui a contribu\u00e9 au lancement de cette campagne et nous a grandement aid\u00e9s alors, travaille maintenant pour le Comit\u00e9 \u00ab&nbsp;Jordan Valley Solidarity&nbsp;\u00bb. Elle a t\u00e9moign\u00e9 des conditions effroyables qui sont ainsi faites aux Palestiniens ayant r\u00e9sist\u00e9 et \u00e9tant demeur\u00e9s dans la Vall\u00e9e malgr\u00e9 cela, soit environ 1\/5e de la population y r\u00e9sidant avant 1967 et de la violence des colons (et de l\u2019arm\u00e9e) qui les entourent, en s\u2019appuyant sur un diaporama tr\u00e8s \u00e9loquent. Elle a d\u00e9montr\u00e9 comment cet isolement avait \u00e9t\u00e9 pens\u00e9 et construit pour satisfaire des enjeux \u00e0 la fois strat\u00e9giques, politiques et \u00e9conomiques, faisant de cette Vall\u00e9e qui avait \u00e9t\u00e9 le \u00ab&nbsp;grenier de la Palestine&nbsp;\u00bb, le grenier maintenant d\u2019Isra\u00ebl et, \u00e0 sa suite, de l\u2019Europe. De la richesse de son expos\u00e9, notons seulement que les 6400 colons (pour environ 60&nbsp;000 Palestiniens confin\u00e9s sur 5% de la surface de la Vall\u00e9e) qui occupent 44% du territoire (le reste \u00e9tant terrains militaires, r\u00e9serves et routes r\u00e9serv\u00e9es) se sont vus offrir leur maison, et leur terrain, ont acc\u00e8s gratuitement \u00e0 l\u2019eau, l\u2019irrigation, la sant\u00e9, l\u2019\u00e9ducation (tout ce dont sont priv\u00e9s les Palestiniens) et ont m\u00eame b\u00e9n\u00e9fici\u00e9 d\u2019un pr\u00eat de 20&nbsp;000 euros pour s\u2019installer. <\/p>\n<p><span class=\"easy_img_caption\" style=\"display: inline-block; line-height: 0.5; vertical-align: top; background-color: #f2f2f2; text-align: left; width: 400px; margin: 0px;\"><img loading=\"lazy\" decoding=\"async\" src=\"http:\/\/www.france-palestine.org\/IMG\/jpg\/photo1.jpg\" alt=\"1\" title=\"1\" border=\"0\" height=\"300\" width=\"400\" \/><span class=\"easy_img_caption_inner\" style=\"display: inline-block; line-height: normal; color: #989334; font-size: 8pt; font-weight: normal; font-style: normal; padding: 4px 8px; margin: 0px;\">1<\/span><\/span><\/p>\n<p><em>Martine G. et Lauriane<\/em><\/p>\n<p><span class=\"easy_img_caption\" style=\"display: inline-block; line-height: 0.5; vertical-align: top; background-color: #f2f2f2; text-align: left; width: 400px; margin: 0px;\"><img loading=\"lazy\" decoding=\"async\" src=\"http:\/\/www.france-palestine.org\/IMG\/jpg\/photo2.jpg\" alt=\"2\" title=\"2\" border=\"0\" height=\"300\" width=\"400\" \/><span class=\"easy_img_caption_inner\" style=\"display: inline-block; line-height: normal; color: #989334; font-size: 8pt; font-weight: normal; font-style: normal; padding: 4px 8px; margin: 0px;\">2<\/span><\/span><\/p>\n<p><em>Un Palestinien assis sur une borne interdisant l\u2019acc\u00e8s au terrain\u2026<\/em><\/p>\n<p style=\"text-align: justify;\">De retour d\u2019une mission dans la vall\u00e9e, des militants des groupes locaux AFPS d\u2019Ile de France qui pilotent en France le \u00ab&nbsp;Projet dattes&nbsp;\u00bb mis en \u0153uvre par les ONG palestiniennes partenaires, ont fait ensuite le point sur sa r\u00e9alisation et son avanc\u00e9e.<\/p>\n<p style=\"text-align: justify;\">Ils ont rencontr\u00e9 le paysan, t\u00eate de file du groupement d\u2019exploitants \u00e0 Al Jiftlik, sur le terrain duquel a \u00e9t\u00e9 construite, en avril 2011, la chambre froide destin\u00e9e \u00e0 la conservation des dattes. La chambre froide n\u2019a \u00e9t\u00e9 utilis\u00e9e qu\u2019\u00e0 la marge pour le stockage des dattes, la r\u00e9colte 2011 ayant \u00e9t\u00e9 vendue par anticipation d\u00e8s janvier 2011 mais a servi pendant 7 semaines (mai\/juin) pour conserver une partie de la production de raisin. Il est consid\u00e9r\u00e9 qu\u2019elle pourrait aussi \u2013 en attendant la prochaine r\u00e9colte de dattes &#8211; \u00eatre utilis\u00e9e en cas de fermeture du check point, permettant alors de conserver en \u00e9tat la production \u2013 l\u00e9gumes\/fruits fragiles \u2013 jusqu\u2019\u00e0 la r\u00e9ouverture. Aucune difficult\u00e9 n\u2019a jusqu\u2019\u00e0 pr\u00e9sent \u00e9t\u00e9 not\u00e9e par rapport au risque d\u2019intervention des Isra\u00e9liens. Il a aussi \u00e9t\u00e9 proc\u00e9d\u00e9 \u00e0 un examen d\u00e9taill\u00e9 des plantations \u00e0 Al Malih avec le PFU, notamment de l\u2019entretien des diverses parcelles, de l\u2019installation des cl\u00f4tures et des citernes afin de d\u00e9terminer les suites \u00e0 donner \u00e0 ce projet, le PFU s\u2019occupant de trouver d\u2019autres paysans pour la tranche suivante de plantation.<\/p>\n<p style=\"text-align: justify;\">Cet expos\u00e9 s\u2019est appuy\u00e9 sur un diaporama qui peut \u00eatre consult\u00e9 sur la fiche \u00ab&nbsp;pr\u00e9sentation&nbsp;\u00bb figurant sur le site&nbsp;: <a href=\"http:\/\/www.france-palestine.org\/article14236.html\" target=\"_blank\">http:\/\/www.france-palestine.org\/art&#8230;<\/a><\/p>\n<p style=\"text-align: justify;\">Une r\u00e9union tout \u00e0 fait riche et nous ne pouvons que vous conseiller, pour de plus amples informations, de vous r\u00e9f\u00e9rer \u00e0 cet article.<\/p>\n<\/p><\/div>\n<\/p><\/div>\n<\/p><\/div>\n<!-- AddThis Advanced Settings generic via filter on the_content --><!-- AddThis Share Buttons generic via filter on the_content -->","protected":false},"excerpt":{"rendered":"<p>Publi\u00e9 le vendredi 25 novembre 2011:&nbsp;AFPS Paris Centre Le 23 novembre dernier, nous (AFPS Paris-Centre) avons tenu, au FIAP (14e [&hellip;]<!-- AddThis Advanced Settings generic via filter on get_the_excerpt --><!-- AddThis Share Buttons generic via filter on get_the_excerpt --><\/p>\n","protected":false},"author":1,"featured_media":2698,"comment_status":"open","ping_status":"open","sticky":false,"template":"","format":"standard","meta":{"footnotes":""},"categories":[4],"tags":[],"yoast_head":"<!-- This site is optimized with the Yoast SEO plugin v22.8 - https:\/\/yoast.com\/wordpress\/plugins\/seo\/ -->\n<title>Dans la Vall\u00e9e du Jourdain, pour les palestiniens, \u00ab exister, c\u2019est r\u00e9sister \u00bb - Jordan Valley Solidarity FR<\/title>\n<meta name=\"robots\" content=\"index, follow, max-snippet:-1, max-image-preview:large, max-video-preview:-1\" \/>\n<link rel=\"canonical\" href=\"https:\/\/jordanvalleysolidarity.org\/fr\/solidarite\/france\/dans-la-vallee-du-jourdain-pour-les-palestiniens-l-exister-cest-resister-r-2\/\" \/>\n<meta property=\"og:locale\" content=\"fr_FR\" \/>\n<meta property=\"og:type\" content=\"article\" \/>\n<meta property=\"og:title\" content=\"Dans la Vall\u00e9e du Jourdain, pour les palestiniens, \u00ab exister, c\u2019est r\u00e9sister \u00bb - Jordan Valley Solidarity FR\" \/>\n<meta property=\"og:description\" content=\"Publi\u00e9 le vendredi 25 novembre 2011:&nbsp;AFPS Paris Centre Le 23 novembre dernier, nous (AFPS Paris-Centre) avons tenu, au FIAP (14e [&hellip;]\" \/>\n<meta property=\"og:url\" content=\"https:\/\/jordanvalleysolidarity.org\/fr\/solidarite\/france\/dans-la-vallee-du-jourdain-pour-les-palestiniens-l-exister-cest-resister-r-2\/\" \/>\n<meta property=\"og:site_name\" content=\"Jordan Valley Solidarity FR\" \/>\n<meta property=\"article:published_time\" content=\"2012-02-23T12:23:51+00:00\" \/>\n<meta property=\"og:image\" content=\"https:\/\/jordanvalleysolidarity.org\/fr\/wp-content\/uploads\/sites\/2\/2016\/03\/photo1-1.jpg\" \/>\n\t<meta property=\"og:image:width\" content=\"400\" \/>\n\t<meta property=\"og:image:height\" content=\"300\" \/>\n\t<meta property=\"og:image:type\" content=\"image\/jpeg\" \/>\n<meta name=\"author\" content=\"jvsadmin\" \/>\n<meta name=\"twitter:card\" content=\"summary_large_image\" \/>\n<meta name=\"twitter:label1\" content=\"\u00c9crit par\" \/>\n\t<meta name=\"twitter:data1\" content=\"jvsadmin\" \/>\n\t<meta name=\"twitter:label2\" content=\"Dur\u00e9e de lecture estim\u00e9e\" \/>\n\t<meta name=\"twitter:data2\" content=\"4 minutes\" \/>\n<script type=\"application\/ld+json\" class=\"yoast-schema-graph\">{\"@context\":\"https:\/\/schema.org\",\"@graph\":[{\"@type\":\"WebPage\",\"@id\":\"https:\/\/jordanvalleysolidarity.org\/fr\/solidarite\/france\/dans-la-vallee-du-jourdain-pour-les-palestiniens-l-exister-cest-resister-r-2\/\",\"url\":\"https:\/\/jordanvalleysolidarity.org\/fr\/solidarite\/france\/dans-la-vallee-du-jourdain-pour-les-palestiniens-l-exister-cest-resister-r-2\/\",\"name\":\"Dans la Vall\u00e9e du Jourdain, pour les palestiniens, \u00ab exister, c\u2019est r\u00e9sister \u00bb - Jordan Valley Solidarity FR\",\"isPartOf\":{\"@id\":\"http:\/\/jordanvalleysolidarity.org\/fr\/#website\"},\"primaryImageOfPage\":{\"@id\":\"https:\/\/jordanvalleysolidarity.org\/fr\/solidarite\/france\/dans-la-vallee-du-jourdain-pour-les-palestiniens-l-exister-cest-resister-r-2\/#primaryimage\"},\"image\":{\"@id\":\"https:\/\/jordanvalleysolidarity.org\/fr\/solidarite\/france\/dans-la-vallee-du-jourdain-pour-les-palestiniens-l-exister-cest-resister-r-2\/#primaryimage\"},\"thumbnailUrl\":\"https:\/\/jordanvalleysolidarity.org\/fr\/wp-content\/uploads\/sites\/2\/2016\/03\/photo1-1.jpg\",\"datePublished\":\"2012-02-23T12:23:51+00:00\",\"dateModified\":\"2012-02-23T12:23:51+00:00\",\"author\":{\"@id\":\"http:\/\/jordanvalleysolidarity.org\/fr\/#\/schema\/person\/9a6ba4dd6dc34314b80b535fb4a49416\"},\"breadcrumb\":{\"@id\":\"https:\/\/jordanvalleysolidarity.org\/fr\/solidarite\/france\/dans-la-vallee-du-jourdain-pour-les-palestiniens-l-exister-cest-resister-r-2\/#breadcrumb\"},\"inLanguage\":\"fr-FR\",\"potentialAction\":[{\"@type\":\"ReadAction\",\"target\":[\"https:\/\/jordanvalleysolidarity.org\/fr\/solidarite\/france\/dans-la-vallee-du-jourdain-pour-les-palestiniens-l-exister-cest-resister-r-2\/\"]}]},{\"@type\":\"ImageObject\",\"inLanguage\":\"fr-FR\",\"@id\":\"https:\/\/jordanvalleysolidarity.org\/fr\/solidarite\/france\/dans-la-vallee-du-jourdain-pour-les-palestiniens-l-exister-cest-resister-r-2\/#primaryimage\",\"url\":\"https:\/\/jordanvalleysolidarity.org\/fr\/wp-content\/uploads\/sites\/2\/2016\/03\/photo1-1.jpg\",\"contentUrl\":\"https:\/\/jordanvalleysolidarity.org\/fr\/wp-content\/uploads\/sites\/2\/2016\/03\/photo1-1.jpg\",\"width\":400,\"height\":300},{\"@type\":\"BreadcrumbList\",\"@id\":\"https:\/\/jordanvalleysolidarity.org\/fr\/solidarite\/france\/dans-la-vallee-du-jourdain-pour-les-palestiniens-l-exister-cest-resister-r-2\/#breadcrumb\",\"itemListElement\":[{\"@type\":\"ListItem\",\"position\":1,\"name\":\"Home\",\"item\":\"http:\/\/jordanvalleysolidarity.org\/fr\/\"},{\"@type\":\"ListItem\",\"position\":2,\"name\":\"Dans la Vall\u00e9e du Jourdain, pour les palestiniens, \u00ab exister, c\u2019est r\u00e9sister \u00bb\"}]},{\"@type\":\"WebSite\",\"@id\":\"http:\/\/jordanvalleysolidarity.org\/fr\/#website\",\"url\":\"http:\/\/jordanvalleysolidarity.org\/fr\/\",\"name\":\"Jordan Valley Solidarity FR\",\"description\":\"Just another Jordan Valley Solidarity Test Sites site\",\"potentialAction\":[{\"@type\":\"SearchAction\",\"target\":{\"@type\":\"EntryPoint\",\"urlTemplate\":\"http:\/\/jordanvalleysolidarity.org\/fr\/?s={search_term_string}\"},\"query-input\":\"required name=search_term_string\"}],\"inLanguage\":\"fr-FR\"},{\"@type\":\"Person\",\"@id\":\"http:\/\/jordanvalleysolidarity.org\/fr\/#\/schema\/person\/9a6ba4dd6dc34314b80b535fb4a49416\",\"name\":\"jvsadmin\",\"image\":{\"@type\":\"ImageObject\",\"inLanguage\":\"fr-FR\",\"@id\":\"http:\/\/jordanvalleysolidarity.org\/fr\/#\/schema\/person\/image\/\",\"url\":\"https:\/\/secure.gravatar.com\/avatar\/3d310b98c27b561cfb32ff94bad7cb9a?s=96&d=mm&r=g\",\"contentUrl\":\"https:\/\/secure.gravatar.com\/avatar\/3d310b98c27b561cfb32ff94bad7cb9a?s=96&d=mm&r=g\",\"caption\":\"jvsadmin\"},\"url\":\"https:\/\/jordanvalleysolidarity.org\/fr\/author\/jvsadmin\/\"}]}<\/script>\n<!-- \/ Yoast SEO plugin. -->","yoast_head_json":{"title":"Dans la Vall\u00e9e du Jourdain, pour les palestiniens, \u00ab exister, c\u2019est r\u00e9sister \u00bb - Jordan Valley Solidarity FR","robots":{"index":"index","follow":"follow","max-snippet":"max-snippet:-1","max-image-preview":"max-image-preview:large","max-video-preview":"max-video-preview:-1"},"canonical":"https:\/\/jordanvalleysolidarity.org\/fr\/solidarite\/france\/dans-la-vallee-du-jourdain-pour-les-palestiniens-l-exister-cest-resister-r-2\/","og_locale":"fr_FR","og_type":"article","og_title":"Dans la Vall\u00e9e du Jourdain, pour les palestiniens, \u00ab exister, c\u2019est r\u00e9sister \u00bb - Jordan Valley Solidarity FR","og_description":"Publi\u00e9 le vendredi 25 novembre 2011:&nbsp;AFPS Paris Centre Le 23 novembre dernier, nous (AFPS Paris-Centre) avons tenu, au FIAP (14e [&hellip;]","og_url":"https:\/\/jordanvalleysolidarity.org\/fr\/solidarite\/france\/dans-la-vallee-du-jourdain-pour-les-palestiniens-l-exister-cest-resister-r-2\/","og_site_name":"Jordan Valley Solidarity FR","article_published_time":"2012-02-23T12:23:51+00:00","og_image":[{"width":400,"height":300,"url":"https:\/\/jordanvalleysolidarity.org\/fr\/wp-content\/uploads\/sites\/2\/2016\/03\/photo1-1.jpg","type":"image\/jpeg"}],"author":"jvsadmin","twitter_card":"summary_large_image","twitter_misc":{"\u00c9crit par":"jvsadmin","Dur\u00e9e de lecture estim\u00e9e":"4 minutes"},"schema":{"@context":"https:\/\/schema.org","@graph":[{"@type":"WebPage","@id":"https:\/\/jordanvalleysolidarity.org\/fr\/solidarite\/france\/dans-la-vallee-du-jourdain-pour-les-palestiniens-l-exister-cest-resister-r-2\/","url":"https:\/\/jordanvalleysolidarity.org\/fr\/solidarite\/france\/dans-la-vallee-du-jourdain-pour-les-palestiniens-l-exister-cest-resister-r-2\/","name":"Dans la Vall\u00e9e du Jourdain, pour les palestiniens, \u00ab exister, c\u2019est r\u00e9sister \u00bb - Jordan Valley Solidarity FR","isPartOf":{"@id":"http:\/\/jordanvalleysolidarity.org\/fr\/#website"},"primaryImageOfPage":{"@id":"https:\/\/jordanvalleysolidarity.org\/fr\/solidarite\/france\/dans-la-vallee-du-jourdain-pour-les-palestiniens-l-exister-cest-resister-r-2\/#primaryimage"},"image":{"@id":"https:\/\/jordanvalleysolidarity.org\/fr\/solidarite\/france\/dans-la-vallee-du-jourdain-pour-les-palestiniens-l-exister-cest-resister-r-2\/#primaryimage"},"thumbnailUrl":"https:\/\/jordanvalleysolidarity.org\/fr\/wp-content\/uploads\/sites\/2\/2016\/03\/photo1-1.jpg","datePublished":"2012-02-23T12:23:51+00:00","dateModified":"2012-02-23T12:23:51+00:00","author":{"@id":"http:\/\/jordanvalleysolidarity.org\/fr\/#\/schema\/person\/9a6ba4dd6dc34314b80b535fb4a49416"},"breadcrumb":{"@id":"https:\/\/jordanvalleysolidarity.org\/fr\/solidarite\/france\/dans-la-vallee-du-jourdain-pour-les-palestiniens-l-exister-cest-resister-r-2\/#breadcrumb"},"inLanguage":"fr-FR","potentialAction":[{"@type":"ReadAction","target":["https:\/\/jordanvalleysolidarity.org\/fr\/solidarite\/france\/dans-la-vallee-du-jourdain-pour-les-palestiniens-l-exister-cest-resister-r-2\/"]}]},{"@type":"ImageObject","inLanguage":"fr-FR","@id":"https:\/\/jordanvalleysolidarity.org\/fr\/solidarite\/france\/dans-la-vallee-du-jourdain-pour-les-palestiniens-l-exister-cest-resister-r-2\/#primaryimage","url":"https:\/\/jordanvalleysolidarity.org\/fr\/wp-content\/uploads\/sites\/2\/2016\/03\/photo1-1.jpg","contentUrl":"https:\/\/jordanvalleysolidarity.org\/fr\/wp-content\/uploads\/sites\/2\/2016\/03\/photo1-1.jpg","width":400,"height":300},{"@type":"BreadcrumbList","@id":"https:\/\/jordanvalleysolidarity.org\/fr\/solidarite\/france\/dans-la-vallee-du-jourdain-pour-les-palestiniens-l-exister-cest-resister-r-2\/#breadcrumb","itemListElement":[{"@type":"ListItem","position":1,"name":"Home","item":"http:\/\/jordanvalleysolidarity.org\/fr\/"},{"@type":"ListItem","position":2,"name":"Dans la Vall\u00e9e du Jourdain, pour les palestiniens, \u00ab exister, c\u2019est r\u00e9sister \u00bb"}]},{"@type":"WebSite","@id":"http:\/\/jordanvalleysolidarity.org\/fr\/#website","url":"http:\/\/jordanvalleysolidarity.org\/fr\/","name":"Jordan Valley Solidarity FR","description":"Just another Jordan Valley Solidarity Test Sites site","potentialAction":[{"@type":"SearchAction","target":{"@type":"EntryPoint","urlTemplate":"http:\/\/jordanvalleysolidarity.org\/fr\/?s={search_term_string}"},"query-input":"required name=search_term_string"}],"inLanguage":"fr-FR"},{"@type":"Person","@id":"http:\/\/jordanvalleysolidarity.org\/fr\/#\/schema\/person\/9a6ba4dd6dc34314b80b535fb4a49416","name":"jvsadmin","image":{"@type":"ImageObject","inLanguage":"fr-FR","@id":"http:\/\/jordanvalleysolidarity.org\/fr\/#\/schema\/person\/image\/","url":"https:\/\/secure.gravatar.com\/avatar\/3d310b98c27b561cfb32ff94bad7cb9a?s=96&d=mm&r=g","contentUrl":"https:\/\/secure.gravatar.com\/avatar\/3d310b98c27b561cfb32ff94bad7cb9a?s=96&d=mm&r=g","caption":"jvsadmin"},"url":"https:\/\/jordanvalleysolidarity.org\/fr\/author\/jvsadmin\/"}]}},"_links":{"self":[{"href":"https:\/\/jordanvalleysolidarity.org\/fr\/wp-json\/wp\/v2\/posts\/838"}],"collection":[{"href":"https:\/\/jordanvalleysolidarity.org\/fr\/wp-json\/wp\/v2\/posts"}],"about":[{"href":"https:\/\/jordanvalleysolidarity.org\/fr\/wp-json\/wp\/v2\/types\/post"}],"author":[{"embeddable":true,"href":"https:\/\/jordanvalleysolidarity.org\/fr\/wp-json\/wp\/v2\/users\/1"}],"replies":[{"embeddable":true,"href":"https:\/\/jordanvalleysolidarity.org\/fr\/wp-json\/wp\/v2\/comments?post=838"}],"version-history":[{"count":0,"href":"https:\/\/jordanvalleysolidarity.org\/fr\/wp-json\/wp\/v2\/posts\/838\/revisions"}],"wp:featuredmedia":[{"embeddable":true,"href":"https:\/\/jordanvalleysolidarity.org\/fr\/wp-json\/wp\/v2\/media\/2698"}],"wp:attachment":[{"href":"https:\/\/jordanvalleysolidarity.org\/fr\/wp-json\/wp\/v2\/media?parent=838"}],"wp:term":[{"taxonomy":"category","embeddable":true,"href":"https:\/\/jordanvalleysolidarity.org\/fr\/wp-json\/wp\/v2\/categories?post=838"},{"taxonomy":"post_tag","embeddable":true,"href":"https:\/\/jordanvalleysolidarity.org\/fr\/wp-json\/wp\/v2\/tags?post=838"}],"curies":[{"name":"wp","href":"https:\/\/api.w.org\/{rel}","templated":true}]}}