{"id":3514,"date":"2026-04-30T08:59:49","date_gmt":"2026-04-30T07:59:49","guid":{"rendered":"https:\/\/jordanvalleysolidarity.org\/fr\/?p=3514"},"modified":"2026-04-30T08:59:50","modified_gmt":"2026-04-30T07:59:50","slug":"loccupation-israelienne-demolit-une-maison-et-deplace-une-famille-de-fasiyil","status":"publish","type":"post","link":"https:\/\/jordanvalleysolidarity.org\/fr\/actualite\/loccupation-israelienne-demolit-une-maison-et-deplace-une-famille-de-fasiyil\/","title":{"rendered":"L&rsquo;occupation isra\u00e9lienne d\u00e9molit une maison et d\u00e9place une famille de Fasiyil"},"content":{"rendered":"\n<p>Cet article a \u00e9t\u00e9 publi\u00e9 pour la premi\u00e8re fois par le Mouvement de Solidarit\u00e9 Internationale sur palsolidarity.org<\/p>\n\n\n\n<p>Le 16 mars 2026, Fasiyil al Wusta, vall\u00e9e du Jourdain \u2014 Apr\u00e8s des mois de harc\u00e8lement intensifi\u00e9, l&rsquo;arm\u00e9e isra\u00e9lienne, la s\u00e9curit\u00e9 des colons, la police, la police des fronti\u00e8res et des hommes masqu\u00e9s portant des vestes jaunes ont d\u00e9moli la maison d&rsquo;une famille de bergers \u00e0 Fasayil, un village proche d&rsquo;Ar\u012b\u1e25\u0101 (J\u00e9richo).<\/p>\n\n\n\n<figure class=\"wp-block-image size-full\"><img loading=\"lazy\" decoding=\"async\" width=\"1024\" height=\"462\" src=\"https:\/\/jordanvalleysolidarity.org\/fr\/wp-content\/uploads\/sites\/2\/2026\/04\/image.png\" alt=\"\" class=\"wp-image-3515\" srcset=\"https:\/\/jordanvalleysolidarity.org\/fr\/wp-content\/uploads\/sites\/2\/2026\/04\/image.png 1024w, https:\/\/jordanvalleysolidarity.org\/fr\/wp-content\/uploads\/sites\/2\/2026\/04\/image-300x135.png 300w, https:\/\/jordanvalleysolidarity.org\/fr\/wp-content\/uploads\/sites\/2\/2026\/04\/image-768x347.png 768w\" sizes=\"(max-width: 1024px) 100vw, 1024px\" \/><\/figure>\n\n\n\n<p>La famille vit ici depuis 20 ans. Cette maison est l&rsquo;endroit o\u00f9 ils ont \u00e9lev\u00e9 leurs enfants et gard\u00e9 leurs ch\u00e8vres, moutons, poules et de nombreux autres animaux.<\/p>\n\n\n\n<p>Lorsqu&rsquo;ils ont re\u00e7u le premier ordre de d\u00e9molition \u00e0 la fin du mois de f\u00e9vrier, ils ont consult\u00e9 leur avocat pour essayer d&rsquo;y faire appel. Cependant, leur avocat leur a dit qu&rsquo;ils ne pouvaient rien faire et qu&rsquo;ils n&rsquo;avaient que 7 jours pour agir.<\/p>\n\n\n\n<p>On leur a \u00e9galement dit qu&rsquo;ils devaient soit payer eux-m\u00eames la d\u00e9molition, soit l&rsquo;arm\u00e9e isra\u00e9lienne le ferait et leur facturerait 100 000 shekels.<\/p>\n\n\n\n<p>Le matin, la famille a annonc\u00e9 que deux bulldozers \u00e9taient apparus dans le village et que l&rsquo;arm\u00e9e isra\u00e9lienne se rassemblait. La famille, les voisins et les activistes de solidarit\u00e9 se sont pr\u00e9cipit\u00e9s pour emballer toutes leurs affaires avant que les bulldozers ne d\u00e9truisent leur maison.<\/p>\n\n\n\n<p>Soudain, les Palestiniens et les activistes internationaux se sont retrouv\u00e9s entour\u00e9s par des soldats isra\u00e9liens arm\u00e9s de fusils d&rsquo;assaut. Les membres de la famille ont cri\u00e9 et pleur\u00e9 de peur et de d\u00e9sespoir, puis les bulldozers ont encercl\u00e9 leur maison.<\/p>\n\n\n\n<p>Les soldats ont interrog\u00e9 les internationaux, leur demandant pourquoi ils \u00e9taient l\u00e0. Ils les ont \u00e9cart\u00e9s de la famille et de la d\u00e9molition, en utilisant l&rsquo;excuse que c&rsquo;\u00e9tait une zone militaire. La police les a ensuite menac\u00e9s de d\u00e9portation s&rsquo;ils ne quittaient pas la zone.<\/p>\n\n\n\n<p>Apr\u00e8s des mois de harc\u00e8lement et de violence accrus, l&rsquo;arm\u00e9e isra\u00e9lienne, la s\u00e9curit\u00e9 des colons, la police et la police aux fronti\u00e8res ont r\u00e9duit la maison de la famille, qui existait depuis 20 ans, en ruines, les laissant sans abri.<\/p>\n\n\n\n<p>Depuis octobre de l&rsquo;ann\u00e9e derni\u00e8re, le harc\u00e8lement envers la famille par les colons isra\u00e9liens a consid\u00e9rablement augment\u00e9, soutenu \u00e0 la fois par l&rsquo;arm\u00e9e isra\u00e9lienne et la police.<\/p>\n\n\n\n<p>Ils \u00e9taient l&rsquo;une des derni\u00e8res familles \u00e0 rester fermement sur leurs terres \u00e0 Fasayil al Wusta, juste en dehors du village principal. En cons\u00e9quence, ils faisaient l&rsquo;objet de visites incessantes de la part des colons, y compris du colon autoris\u00e9 Eliav Libi, qui p\u00e9n\u00e9trait de mani\u00e8re mena\u00e7ante sur leurs terres avec leurs moutons et leurs vaches, les filmait, mena\u00e7ait de voler leurs moutons, d\u00e9versait d&rsquo;\u00e9normes quantit\u00e9s de dattes pourries \u00e0 c\u00f4t\u00e9 de leur maison et coupait leurs conduits d&rsquo;eau. Les colons faisaient \u00e9galement voler des drones au-dessus de leur maison plusieurs fois par jour.<\/p>\n\n\n\n<p>L&rsquo;arm\u00e9e et la police isra\u00e9liennes se pr\u00e9sentaient r\u00e9guli\u00e8rement, mena\u00e7ant la famille et les activistes internationaux qui s\u00e9journaient chez eux en solidarit\u00e9.<\/p>\n\n\n\n<p>Maintenant qu&rsquo;ils ont \u00e9t\u00e9 d\u00e9plac\u00e9s, Eliav Libi pourrait emm\u00e9nager ou \u00e9tendre son poste pastoral sur leurs terres, qu&rsquo;il utilisera in\u00e9vitablement comme base pour terroriser les autres familles agricoles bas\u00e9es \u00e0 Fasayil al Fouqa et Fasayil A-Tahta.<\/p>\n\n\n\n<p>En plus de chasser et de pers\u00e9cuter cette famille et leurs voisins, l&rsquo;occupation isra\u00e9lienne r\u00e9prime l&rsquo;activisme de solidarit\u00e9 dans la r\u00e9gion.<\/p>\n\n\n\n<p>Le 17 novembre, Isra\u00ebl a arr\u00eat\u00e9 le militant palestinien des droits humains Ayman Ghrayeb lors d&rsquo;une visite de solidarit\u00e9 \u00e0 Fasiyal. Ils l&rsquo;ont fait dispara\u00eetre, lui ont refus\u00e9 tout contact avec son avocat et l&rsquo;ont battu si violemment qu&rsquo;il a \u00e9t\u00e9 hospitalis\u00e9. Apr\u00e8s un mois en d\u00e9tention, il a \u00e9t\u00e9 condamn\u00e9 \u00e0 six mois de d\u00e9tention administrative.<\/p>\n\n\n\n<p>Pendant ce temps, l&rsquo;occupation isra\u00e9lienne continue d&rsquo;intensifier les efforts coordonn\u00e9s pour nettoyer ethniquement les Palestiniens dans toute la vall\u00e9e du Jourdain en toute impunit\u00e9.<\/p>\n\n\n\n<p>En raison de la violence des derniers mois, nous avons vu Isra\u00ebl expulser des communaut\u00e9s enti\u00e8res, comme les 150 familles d\u00e9plac\u00e9es de la r\u00e9gion voisine de Ras Ein Al Auja, ainsi que plusieurs foyers de diff\u00e9rentes communaut\u00e9s de la r\u00e9gion, laissant ceux qui restent plus isol\u00e9s et vuln\u00e9rables aux attaques.<\/p>\n<!-- AddThis Advanced Settings generic via filter on the_content --><!-- AddThis Share Buttons generic via filter on the_content -->","protected":false},"excerpt":{"rendered":"<p>Cet article a \u00e9t\u00e9 publi\u00e9 pour la premi\u00e8re fois par le Mouvement de Solidarit\u00e9 Internationale sur palsolidarity.org Le 16 mars [&hellip;]<!-- AddThis Advanced Settings generic via filter on get_the_excerpt --><!-- AddThis Share Buttons generic via filter on get_the_excerpt --><\/p>\n","protected":false},"author":31,"featured_media":3515,"comment_status":"closed","ping_status":"closed","sticky":false,"template":"","format":"standard","meta":{"footnotes":""},"categories":[18],"tags":[],"yoast_head":"<!-- This site is optimized with the Yoast SEO plugin v22.8 - https:\/\/yoast.com\/wordpress\/plugins\/seo\/ -->\n<title>L&#039;occupation isra\u00e9lienne d\u00e9molit une maison et d\u00e9place une famille de Fasiyil - Jordan Valley Solidarity FR<\/title>\n<meta name=\"robots\" content=\"index, follow, max-snippet:-1, max-image-preview:large, max-video-preview:-1\" \/>\n<link rel=\"canonical\" href=\"https:\/\/jordanvalleysolidarity.org\/fr\/actualite\/loccupation-israelienne-demolit-une-maison-et-deplace-une-famille-de-fasiyil\/\" \/>\n<meta property=\"og:locale\" content=\"fr_FR\" \/>\n<meta property=\"og:type\" content=\"article\" \/>\n<meta property=\"og:title\" content=\"L&#039;occupation isra\u00e9lienne d\u00e9molit une maison et d\u00e9place une famille de Fasiyil - Jordan Valley Solidarity FR\" \/>\n<meta property=\"og:description\" content=\"Cet article a \u00e9t\u00e9 publi\u00e9 pour la premi\u00e8re fois par le Mouvement de Solidarit\u00e9 Internationale sur palsolidarity.org Le 16 mars [&hellip;]\" \/>\n<meta property=\"og:url\" content=\"https:\/\/jordanvalleysolidarity.org\/fr\/actualite\/loccupation-israelienne-demolit-une-maison-et-deplace-une-famille-de-fasiyil\/\" \/>\n<meta property=\"og:site_name\" content=\"Jordan Valley Solidarity FR\" \/>\n<meta property=\"article:published_time\" content=\"2026-04-30T07:59:49+00:00\" \/>\n<meta property=\"article:modified_time\" content=\"2026-04-30T07:59:50+00:00\" \/>\n<meta property=\"og:image\" content=\"http:\/\/jordanvalleysolidarity.org\/fr\/wp-content\/uploads\/sites\/2\/2026\/04\/image.png\" \/>\n\t<meta property=\"og:image:width\" content=\"1024\" \/>\n\t<meta property=\"og:image:height\" content=\"462\" \/>\n\t<meta property=\"og:image:type\" content=\"image\/png\" \/>\n<meta name=\"author\" content=\"linafr\" \/>\n<meta name=\"twitter:card\" content=\"summary_large_image\" \/>\n<meta name=\"twitter:label1\" content=\"\u00c9crit par\" \/>\n\t<meta name=\"twitter:data1\" content=\"linafr\" \/>\n\t<meta name=\"twitter:label2\" content=\"Dur\u00e9e de lecture estim\u00e9e\" \/>\n\t<meta name=\"twitter:data2\" content=\"4 minutes\" \/>\n<script type=\"application\/ld+json\" class=\"yoast-schema-graph\">{\"@context\":\"https:\/\/schema.org\",\"@graph\":[{\"@type\":\"WebPage\",\"@id\":\"https:\/\/jordanvalleysolidarity.org\/fr\/actualite\/loccupation-israelienne-demolit-une-maison-et-deplace-une-famille-de-fasiyil\/\",\"url\":\"https:\/\/jordanvalleysolidarity.org\/fr\/actualite\/loccupation-israelienne-demolit-une-maison-et-deplace-une-famille-de-fasiyil\/\",\"name\":\"L'occupation isra\u00e9lienne d\u00e9molit une maison et d\u00e9place une famille de Fasiyil - Jordan Valley Solidarity FR\",\"isPartOf\":{\"@id\":\"http:\/\/jordanvalleysolidarity.org\/fr\/#website\"},\"primaryImageOfPage\":{\"@id\":\"https:\/\/jordanvalleysolidarity.org\/fr\/actualite\/loccupation-israelienne-demolit-une-maison-et-deplace-une-famille-de-fasiyil\/#primaryimage\"},\"image\":{\"@id\":\"https:\/\/jordanvalleysolidarity.org\/fr\/actualite\/loccupation-israelienne-demolit-une-maison-et-deplace-une-famille-de-fasiyil\/#primaryimage\"},\"thumbnailUrl\":\"https:\/\/jordanvalleysolidarity.org\/fr\/wp-content\/uploads\/sites\/2\/2026\/04\/image.png\",\"datePublished\":\"2026-04-30T07:59:49+00:00\",\"dateModified\":\"2026-04-30T07:59:50+00:00\",\"author\":{\"@id\":\"http:\/\/jordanvalleysolidarity.org\/fr\/#\/schema\/person\/b1d4ab48930477ea8ddea5dfcfd6fc25\"},\"breadcrumb\":{\"@id\":\"https:\/\/jordanvalleysolidarity.org\/fr\/actualite\/loccupation-israelienne-demolit-une-maison-et-deplace-une-famille-de-fasiyil\/#breadcrumb\"},\"inLanguage\":\"fr-FR\",\"potentialAction\":[{\"@type\":\"ReadAction\",\"target\":[\"https:\/\/jordanvalleysolidarity.org\/fr\/actualite\/loccupation-israelienne-demolit-une-maison-et-deplace-une-famille-de-fasiyil\/\"]}]},{\"@type\":\"ImageObject\",\"inLanguage\":\"fr-FR\",\"@id\":\"https:\/\/jordanvalleysolidarity.org\/fr\/actualite\/loccupation-israelienne-demolit-une-maison-et-deplace-une-famille-de-fasiyil\/#primaryimage\",\"url\":\"https:\/\/jordanvalleysolidarity.org\/fr\/wp-content\/uploads\/sites\/2\/2026\/04\/image.png\",\"contentUrl\":\"https:\/\/jordanvalleysolidarity.org\/fr\/wp-content\/uploads\/sites\/2\/2026\/04\/image.png\",\"width\":1024,\"height\":462},{\"@type\":\"BreadcrumbList\",\"@id\":\"https:\/\/jordanvalleysolidarity.org\/fr\/actualite\/loccupation-israelienne-demolit-une-maison-et-deplace-une-famille-de-fasiyil\/#breadcrumb\",\"itemListElement\":[{\"@type\":\"ListItem\",\"position\":1,\"name\":\"Home\",\"item\":\"http:\/\/jordanvalleysolidarity.org\/fr\/\"},{\"@type\":\"ListItem\",\"position\":2,\"name\":\"L&#8217;occupation isra\u00e9lienne d\u00e9molit une maison et d\u00e9place une famille de Fasiyil\"}]},{\"@type\":\"WebSite\",\"@id\":\"http:\/\/jordanvalleysolidarity.org\/fr\/#website\",\"url\":\"http:\/\/jordanvalleysolidarity.org\/fr\/\",\"name\":\"Jordan Valley Solidarity FR\",\"description\":\"Just another Jordan Valley Solidarity Test Sites site\",\"potentialAction\":[{\"@type\":\"SearchAction\",\"target\":{\"@type\":\"EntryPoint\",\"urlTemplate\":\"http:\/\/jordanvalleysolidarity.org\/fr\/?s={search_term_string}\"},\"query-input\":\"required name=search_term_string\"}],\"inLanguage\":\"fr-FR\"},{\"@type\":\"Person\",\"@id\":\"http:\/\/jordanvalleysolidarity.org\/fr\/#\/schema\/person\/b1d4ab48930477ea8ddea5dfcfd6fc25\",\"name\":\"linafr\",\"image\":{\"@type\":\"ImageObject\",\"inLanguage\":\"fr-FR\",\"@id\":\"http:\/\/jordanvalleysolidarity.org\/fr\/#\/schema\/person\/image\/\",\"url\":\"https:\/\/secure.gravatar.com\/avatar\/03fdb700e2a59970782a4632148d30ef?s=96&d=mm&r=g\",\"contentUrl\":\"https:\/\/secure.gravatar.com\/avatar\/03fdb700e2a59970782a4632148d30ef?s=96&d=mm&r=g\",\"caption\":\"linafr\"},\"url\":\"https:\/\/jordanvalleysolidarity.org\/fr\/author\/linafr\/\"}]}<\/script>\n<!-- \/ Yoast SEO plugin. -->","yoast_head_json":{"title":"L'occupation isra\u00e9lienne d\u00e9molit une maison et d\u00e9place une famille de Fasiyil - Jordan Valley Solidarity FR","robots":{"index":"index","follow":"follow","max-snippet":"max-snippet:-1","max-image-preview":"max-image-preview:large","max-video-preview":"max-video-preview:-1"},"canonical":"https:\/\/jordanvalleysolidarity.org\/fr\/actualite\/loccupation-israelienne-demolit-une-maison-et-deplace-une-famille-de-fasiyil\/","og_locale":"fr_FR","og_type":"article","og_title":"L'occupation isra\u00e9lienne d\u00e9molit une maison et d\u00e9place une famille de Fasiyil - Jordan Valley Solidarity FR","og_description":"Cet article a \u00e9t\u00e9 publi\u00e9 pour la premi\u00e8re fois par le Mouvement de Solidarit\u00e9 Internationale sur palsolidarity.org Le 16 mars [&hellip;]","og_url":"https:\/\/jordanvalleysolidarity.org\/fr\/actualite\/loccupation-israelienne-demolit-une-maison-et-deplace-une-famille-de-fasiyil\/","og_site_name":"Jordan Valley Solidarity FR","article_published_time":"2026-04-30T07:59:49+00:00","article_modified_time":"2026-04-30T07:59:50+00:00","og_image":[{"width":1024,"height":462,"url":"http:\/\/jordanvalleysolidarity.org\/fr\/wp-content\/uploads\/sites\/2\/2026\/04\/image.png","type":"image\/png"}],"author":"linafr","twitter_card":"summary_large_image","twitter_misc":{"\u00c9crit par":"linafr","Dur\u00e9e de lecture estim\u00e9e":"4 minutes"},"schema":{"@context":"https:\/\/schema.org","@graph":[{"@type":"WebPage","@id":"https:\/\/jordanvalleysolidarity.org\/fr\/actualite\/loccupation-israelienne-demolit-une-maison-et-deplace-une-famille-de-fasiyil\/","url":"https:\/\/jordanvalleysolidarity.org\/fr\/actualite\/loccupation-israelienne-demolit-une-maison-et-deplace-une-famille-de-fasiyil\/","name":"L'occupation isra\u00e9lienne d\u00e9molit une maison et d\u00e9place une famille de Fasiyil - Jordan Valley Solidarity FR","isPartOf":{"@id":"http:\/\/jordanvalleysolidarity.org\/fr\/#website"},"primaryImageOfPage":{"@id":"https:\/\/jordanvalleysolidarity.org\/fr\/actualite\/loccupation-israelienne-demolit-une-maison-et-deplace-une-famille-de-fasiyil\/#primaryimage"},"image":{"@id":"https:\/\/jordanvalleysolidarity.org\/fr\/actualite\/loccupation-israelienne-demolit-une-maison-et-deplace-une-famille-de-fasiyil\/#primaryimage"},"thumbnailUrl":"https:\/\/jordanvalleysolidarity.org\/fr\/wp-content\/uploads\/sites\/2\/2026\/04\/image.png","datePublished":"2026-04-30T07:59:49+00:00","dateModified":"2026-04-30T07:59:50+00:00","author":{"@id":"http:\/\/jordanvalleysolidarity.org\/fr\/#\/schema\/person\/b1d4ab48930477ea8ddea5dfcfd6fc25"},"breadcrumb":{"@id":"https:\/\/jordanvalleysolidarity.org\/fr\/actualite\/loccupation-israelienne-demolit-une-maison-et-deplace-une-famille-de-fasiyil\/#breadcrumb"},"inLanguage":"fr-FR","potentialAction":[{"@type":"ReadAction","target":["https:\/\/jordanvalleysolidarity.org\/fr\/actualite\/loccupation-israelienne-demolit-une-maison-et-deplace-une-famille-de-fasiyil\/"]}]},{"@type":"ImageObject","inLanguage":"fr-FR","@id":"https:\/\/jordanvalleysolidarity.org\/fr\/actualite\/loccupation-israelienne-demolit-une-maison-et-deplace-une-famille-de-fasiyil\/#primaryimage","url":"https:\/\/jordanvalleysolidarity.org\/fr\/wp-content\/uploads\/sites\/2\/2026\/04\/image.png","contentUrl":"https:\/\/jordanvalleysolidarity.org\/fr\/wp-content\/uploads\/sites\/2\/2026\/04\/image.png","width":1024,"height":462},{"@type":"BreadcrumbList","@id":"https:\/\/jordanvalleysolidarity.org\/fr\/actualite\/loccupation-israelienne-demolit-une-maison-et-deplace-une-famille-de-fasiyil\/#breadcrumb","itemListElement":[{"@type":"ListItem","position":1,"name":"Home","item":"http:\/\/jordanvalleysolidarity.org\/fr\/"},{"@type":"ListItem","position":2,"name":"L&#8217;occupation isra\u00e9lienne d\u00e9molit une maison et d\u00e9place une famille de Fasiyil"}]},{"@type":"WebSite","@id":"http:\/\/jordanvalleysolidarity.org\/fr\/#website","url":"http:\/\/jordanvalleysolidarity.org\/fr\/","name":"Jordan Valley Solidarity FR","description":"Just another Jordan Valley Solidarity Test Sites site","potentialAction":[{"@type":"SearchAction","target":{"@type":"EntryPoint","urlTemplate":"http:\/\/jordanvalleysolidarity.org\/fr\/?s={search_term_string}"},"query-input":"required name=search_term_string"}],"inLanguage":"fr-FR"},{"@type":"Person","@id":"http:\/\/jordanvalleysolidarity.org\/fr\/#\/schema\/person\/b1d4ab48930477ea8ddea5dfcfd6fc25","name":"linafr","image":{"@type":"ImageObject","inLanguage":"fr-FR","@id":"http:\/\/jordanvalleysolidarity.org\/fr\/#\/schema\/person\/image\/","url":"https:\/\/secure.gravatar.com\/avatar\/03fdb700e2a59970782a4632148d30ef?s=96&d=mm&r=g","contentUrl":"https:\/\/secure.gravatar.com\/avatar\/03fdb700e2a59970782a4632148d30ef?s=96&d=mm&r=g","caption":"linafr"},"url":"https:\/\/jordanvalleysolidarity.org\/fr\/author\/linafr\/"}]}},"_links":{"self":[{"href":"https:\/\/jordanvalleysolidarity.org\/fr\/wp-json\/wp\/v2\/posts\/3514"}],"collection":[{"href":"https:\/\/jordanvalleysolidarity.org\/fr\/wp-json\/wp\/v2\/posts"}],"about":[{"href":"https:\/\/jordanvalleysolidarity.org\/fr\/wp-json\/wp\/v2\/types\/post"}],"author":[{"embeddable":true,"href":"https:\/\/jordanvalleysolidarity.org\/fr\/wp-json\/wp\/v2\/users\/31"}],"replies":[{"embeddable":true,"href":"https:\/\/jordanvalleysolidarity.org\/fr\/wp-json\/wp\/v2\/comments?post=3514"}],"version-history":[{"count":1,"href":"https:\/\/jordanvalleysolidarity.org\/fr\/wp-json\/wp\/v2\/posts\/3514\/revisions"}],"predecessor-version":[{"id":3516,"href":"https:\/\/jordanvalleysolidarity.org\/fr\/wp-json\/wp\/v2\/posts\/3514\/revisions\/3516"}],"wp:featuredmedia":[{"embeddable":true,"href":"https:\/\/jordanvalleysolidarity.org\/fr\/wp-json\/wp\/v2\/media\/3515"}],"wp:attachment":[{"href":"https:\/\/jordanvalleysolidarity.org\/fr\/wp-json\/wp\/v2\/media?parent=3514"}],"wp:term":[{"taxonomy":"category","embeddable":true,"href":"https:\/\/jordanvalleysolidarity.org\/fr\/wp-json\/wp\/v2\/categories?post=3514"},{"taxonomy":"post_tag","embeddable":true,"href":"https:\/\/jordanvalleysolidarity.org\/fr\/wp-json\/wp\/v2\/tags?post=3514"}],"curies":[{"name":"wp","href":"https:\/\/api.w.org\/{rel}","templated":true}]}}