{"id":3432,"date":"2026-01-20T15:25:41","date_gmt":"2026-01-20T15:25:41","guid":{"rendered":"https:\/\/jordanvalleysolidarity.org\/fr\/?p=3432"},"modified":"2026-01-20T15:25:42","modified_gmt":"2026-01-20T15:25:42","slug":"les-forces-doccupation-israeliennes-rasent-et-detruisent-des-terres-a-atuf-dans-la-vallee-du-jourdain","status":"publish","type":"post","link":"https:\/\/jordanvalleysolidarity.org\/fr\/actualite\/les-forces-doccupation-israeliennes-rasent-et-detruisent-des-terres-a-atuf-dans-la-vallee-du-jourdain\/","title":{"rendered":"Les forces d&rsquo;occupation isra\u00e9liennes rasent et d\u00e9truisent des terres \u00e0 Atuf, dans la vall\u00e9e du Jourdain"},"content":{"rendered":"\n<figure class=\"wp-block-image size-large\"><img loading=\"lazy\" decoding=\"async\" width=\"1024\" height=\"576\" src=\"https:\/\/jordanvalleysolidarity.org\/fr\/wp-content\/uploads\/sites\/2\/2026\/01\/kkk-1024x576.jpeg\" alt=\"\" class=\"wp-image-3433\" srcset=\"https:\/\/jordanvalleysolidarity.org\/fr\/wp-content\/uploads\/sites\/2\/2026\/01\/kkk-1024x576.jpeg 1024w, https:\/\/jordanvalleysolidarity.org\/fr\/wp-content\/uploads\/sites\/2\/2026\/01\/kkk-300x169.jpeg 300w, https:\/\/jordanvalleysolidarity.org\/fr\/wp-content\/uploads\/sites\/2\/2026\/01\/kkk-768x432.jpeg 768w, https:\/\/jordanvalleysolidarity.org\/fr\/wp-content\/uploads\/sites\/2\/2026\/01\/kkk.jpeg 1536w\" sizes=\"(max-width: 1024px) 100vw, 1024px\" \/><\/figure>\n\n\n\n<p>Le jeudi 15 janvier, des t\u00e9moins ont rapport\u00e9 que les forces d&rsquo;occupation isra\u00e9liennes (FOI) proc\u00e9daient \u00e0 des travaux de nivellement et de destruction de terres agricoles dans le village d&rsquo;Atuf, au nord de la vall\u00e9e du Jourdain, dans le but d&rsquo;ouvrir une nouvelle route militaire. Atuf est l&rsquo;un des derniers villages palestiniens situ\u00e9s \u00e0 proximit\u00e9 de la Ligne verte, le mur qui s\u00e9pare la Cisjordanie des territoires occup\u00e9s par Isra\u00ebl (les \u00ab\u00a048\u00a0\u00bb).<\/p>\n\n\n\n<p>Selon les t\u00e9moins, les destructions auraient commenc\u00e9 le mercredi soir et ces travaux auraient caus\u00e9 d&rsquo;importants d\u00e9g\u00e2ts aux terres agricoles et donc aux moyens de subsistance des habitants. Ils s&rsquo;inscrivent dans une politique visant \u00e0 imposer un contr\u00f4le sur les terres palestiniennes de la r\u00e9gion et \u00e0 pr\u00e9parer le d\u00e9veloppement des infrastructures militaires et l&rsquo;expansion des colonies.<\/p>\n\n\n\n<p>Ces actions correspondent aux objectifs sionistes maintes fois revendiqu\u00e9s d&rsquo;annexion de la vall\u00e9e du Jourdain et de privation des Palestiniens d&rsquo;acc\u00e8s \u00e0 leurs terres, qui comptent parmi les plus fertiles et les plus riches en eau de toute l&rsquo;histoire de la Palestine. La vall\u00e9e du Jourdain est un \u00e9l\u00e9ment vital du secteur agricole et de l&rsquo;\u00e9conomie palestinienne.<\/p>\n\n\n\n<p>Les forces d&rsquo;occupation ont rendu public leur intention de construire une nouvelle route militaire dans le nord de la vall\u00e9e du Jourdain en<a href=\"https:\/\/jordanvalleysolidarity.org\/fr\/actualite\/ordres-militaires-violence-des-colons-et-instrumentalisation-de-larcheologie\/\"> d\u00e9cembre 2025<\/a>. Ce projet menace de nombreux villages palestiniens ainsi que d&rsquo;importantes communaut\u00e9s agricoles et pastorales qui vivent dans cette r\u00e9gion depuis des d\u00e9cennies.<\/p>\n<!-- AddThis Advanced Settings generic via filter on the_content --><!-- AddThis Share Buttons generic via filter on the_content -->","protected":false},"excerpt":{"rendered":"<p>Le jeudi 15 janvier, des t\u00e9moins ont rapport\u00e9 que les forces d&rsquo;occupation isra\u00e9liennes (FOI) proc\u00e9daient \u00e0 des travaux de nivellement [&hellip;]<!-- AddThis Advanced Settings generic via filter on get_the_excerpt --><!-- AddThis Share Buttons generic via filter on get_the_excerpt --><\/p>\n","protected":false},"author":31,"featured_media":3433,"comment_status":"closed","ping_status":"closed","sticky":false,"template":"","format":"standard","meta":{"footnotes":""},"categories":[18],"tags":[],"yoast_head":"<!-- This site is optimized with the Yoast SEO plugin v22.8 - https:\/\/yoast.com\/wordpress\/plugins\/seo\/ -->\n<title>Les forces d&#039;occupation isra\u00e9liennes rasent et d\u00e9truisent des terres \u00e0 Atuf, dans la vall\u00e9e du Jourdain - Jordan Valley Solidarity FR<\/title>\n<meta name=\"robots\" content=\"index, follow, max-snippet:-1, max-image-preview:large, max-video-preview:-1\" \/>\n<link rel=\"canonical\" href=\"http:\/\/jordanvalleysolidarity.org\/fr\/actualite\/les-forces-doccupation-israeliennes-rasent-et-detruisent-des-terres-a-atuf-dans-la-vallee-du-jourdain\/\" \/>\n<meta property=\"og:locale\" content=\"fr_FR\" \/>\n<meta property=\"og:type\" content=\"article\" \/>\n<meta property=\"og:title\" content=\"Les forces d&#039;occupation isra\u00e9liennes rasent et d\u00e9truisent des terres \u00e0 Atuf, dans la vall\u00e9e du Jourdain - Jordan Valley Solidarity FR\" \/>\n<meta property=\"og:description\" content=\"Le jeudi 15 janvier, des t\u00e9moins ont rapport\u00e9 que les forces d&rsquo;occupation isra\u00e9liennes (FOI) proc\u00e9daient \u00e0 des travaux de nivellement [&hellip;]\" \/>\n<meta property=\"og:url\" content=\"http:\/\/jordanvalleysolidarity.org\/fr\/actualite\/les-forces-doccupation-israeliennes-rasent-et-detruisent-des-terres-a-atuf-dans-la-vallee-du-jourdain\/\" \/>\n<meta property=\"og:site_name\" content=\"Jordan Valley Solidarity FR\" \/>\n<meta property=\"article:published_time\" content=\"2026-01-20T15:25:41+00:00\" \/>\n<meta property=\"article:modified_time\" content=\"2026-01-20T15:25:42+00:00\" \/>\n<meta property=\"og:image\" content=\"http:\/\/jordanvalleysolidarity.org\/fr\/wp-content\/uploads\/sites\/2\/2026\/01\/kkk.jpeg\" \/>\n\t<meta property=\"og:image:width\" content=\"1536\" \/>\n\t<meta property=\"og:image:height\" content=\"864\" \/>\n\t<meta property=\"og:image:type\" content=\"image\/jpeg\" \/>\n<meta name=\"author\" content=\"linafr\" \/>\n<meta name=\"twitter:card\" content=\"summary_large_image\" \/>\n<meta name=\"twitter:label1\" content=\"\u00c9crit par\" \/>\n\t<meta name=\"twitter:data1\" content=\"linafr\" \/>\n\t<meta name=\"twitter:label2\" content=\"Dur\u00e9e de lecture estim\u00e9e\" \/>\n\t<meta name=\"twitter:data2\" content=\"2 minutes\" \/>\n<script type=\"application\/ld+json\" class=\"yoast-schema-graph\">{\"@context\":\"https:\/\/schema.org\",\"@graph\":[{\"@type\":\"WebPage\",\"@id\":\"http:\/\/jordanvalleysolidarity.org\/fr\/actualite\/les-forces-doccupation-israeliennes-rasent-et-detruisent-des-terres-a-atuf-dans-la-vallee-du-jourdain\/\",\"url\":\"http:\/\/jordanvalleysolidarity.org\/fr\/actualite\/les-forces-doccupation-israeliennes-rasent-et-detruisent-des-terres-a-atuf-dans-la-vallee-du-jourdain\/\",\"name\":\"Les forces d'occupation isra\u00e9liennes rasent et d\u00e9truisent des terres \u00e0 Atuf, dans la vall\u00e9e du Jourdain - Jordan Valley Solidarity FR\",\"isPartOf\":{\"@id\":\"http:\/\/jordanvalleysolidarity.org\/fr\/#website\"},\"primaryImageOfPage\":{\"@id\":\"http:\/\/jordanvalleysolidarity.org\/fr\/actualite\/les-forces-doccupation-israeliennes-rasent-et-detruisent-des-terres-a-atuf-dans-la-vallee-du-jourdain\/#primaryimage\"},\"image\":{\"@id\":\"http:\/\/jordanvalleysolidarity.org\/fr\/actualite\/les-forces-doccupation-israeliennes-rasent-et-detruisent-des-terres-a-atuf-dans-la-vallee-du-jourdain\/#primaryimage\"},\"thumbnailUrl\":\"https:\/\/jordanvalleysolidarity.org\/fr\/wp-content\/uploads\/sites\/2\/2026\/01\/kkk.jpeg\",\"datePublished\":\"2026-01-20T15:25:41+00:00\",\"dateModified\":\"2026-01-20T15:25:42+00:00\",\"author\":{\"@id\":\"http:\/\/jordanvalleysolidarity.org\/fr\/#\/schema\/person\/b1d4ab48930477ea8ddea5dfcfd6fc25\"},\"breadcrumb\":{\"@id\":\"http:\/\/jordanvalleysolidarity.org\/fr\/actualite\/les-forces-doccupation-israeliennes-rasent-et-detruisent-des-terres-a-atuf-dans-la-vallee-du-jourdain\/#breadcrumb\"},\"inLanguage\":\"fr-FR\",\"potentialAction\":[{\"@type\":\"ReadAction\",\"target\":[\"http:\/\/jordanvalleysolidarity.org\/fr\/actualite\/les-forces-doccupation-israeliennes-rasent-et-detruisent-des-terres-a-atuf-dans-la-vallee-du-jourdain\/\"]}]},{\"@type\":\"ImageObject\",\"inLanguage\":\"fr-FR\",\"@id\":\"http:\/\/jordanvalleysolidarity.org\/fr\/actualite\/les-forces-doccupation-israeliennes-rasent-et-detruisent-des-terres-a-atuf-dans-la-vallee-du-jourdain\/#primaryimage\",\"url\":\"https:\/\/jordanvalleysolidarity.org\/fr\/wp-content\/uploads\/sites\/2\/2026\/01\/kkk.jpeg\",\"contentUrl\":\"https:\/\/jordanvalleysolidarity.org\/fr\/wp-content\/uploads\/sites\/2\/2026\/01\/kkk.jpeg\",\"width\":1536,\"height\":864},{\"@type\":\"BreadcrumbList\",\"@id\":\"http:\/\/jordanvalleysolidarity.org\/fr\/actualite\/les-forces-doccupation-israeliennes-rasent-et-detruisent-des-terres-a-atuf-dans-la-vallee-du-jourdain\/#breadcrumb\",\"itemListElement\":[{\"@type\":\"ListItem\",\"position\":1,\"name\":\"Home\",\"item\":\"http:\/\/jordanvalleysolidarity.org\/fr\/\"},{\"@type\":\"ListItem\",\"position\":2,\"name\":\"Les forces d&rsquo;occupation isra\u00e9liennes rasent et d\u00e9truisent des terres \u00e0 Atuf, dans la vall\u00e9e du Jourdain\"}]},{\"@type\":\"WebSite\",\"@id\":\"http:\/\/jordanvalleysolidarity.org\/fr\/#website\",\"url\":\"http:\/\/jordanvalleysolidarity.org\/fr\/\",\"name\":\"Jordan Valley Solidarity FR\",\"description\":\"Just another Jordan Valley Solidarity Test Sites site\",\"potentialAction\":[{\"@type\":\"SearchAction\",\"target\":{\"@type\":\"EntryPoint\",\"urlTemplate\":\"http:\/\/jordanvalleysolidarity.org\/fr\/?s={search_term_string}\"},\"query-input\":\"required name=search_term_string\"}],\"inLanguage\":\"fr-FR\"},{\"@type\":\"Person\",\"@id\":\"http:\/\/jordanvalleysolidarity.org\/fr\/#\/schema\/person\/b1d4ab48930477ea8ddea5dfcfd6fc25\",\"name\":\"linafr\",\"image\":{\"@type\":\"ImageObject\",\"inLanguage\":\"fr-FR\",\"@id\":\"http:\/\/jordanvalleysolidarity.org\/fr\/#\/schema\/person\/image\/\",\"url\":\"https:\/\/secure.gravatar.com\/avatar\/03fdb700e2a59970782a4632148d30ef?s=96&d=mm&r=g\",\"contentUrl\":\"https:\/\/secure.gravatar.com\/avatar\/03fdb700e2a59970782a4632148d30ef?s=96&d=mm&r=g\",\"caption\":\"linafr\"},\"url\":\"https:\/\/jordanvalleysolidarity.org\/fr\/author\/linafr\/\"}]}<\/script>\n<!-- \/ Yoast SEO plugin. -->","yoast_head_json":{"title":"Les forces d'occupation isra\u00e9liennes rasent et d\u00e9truisent des terres \u00e0 Atuf, dans la vall\u00e9e du Jourdain - Jordan Valley Solidarity FR","robots":{"index":"index","follow":"follow","max-snippet":"max-snippet:-1","max-image-preview":"max-image-preview:large","max-video-preview":"max-video-preview:-1"},"canonical":"http:\/\/jordanvalleysolidarity.org\/fr\/actualite\/les-forces-doccupation-israeliennes-rasent-et-detruisent-des-terres-a-atuf-dans-la-vallee-du-jourdain\/","og_locale":"fr_FR","og_type":"article","og_title":"Les forces d'occupation isra\u00e9liennes rasent et d\u00e9truisent des terres \u00e0 Atuf, dans la vall\u00e9e du Jourdain - Jordan Valley Solidarity FR","og_description":"Le jeudi 15 janvier, des t\u00e9moins ont rapport\u00e9 que les forces d&rsquo;occupation isra\u00e9liennes (FOI) proc\u00e9daient \u00e0 des travaux de nivellement [&hellip;]","og_url":"http:\/\/jordanvalleysolidarity.org\/fr\/actualite\/les-forces-doccupation-israeliennes-rasent-et-detruisent-des-terres-a-atuf-dans-la-vallee-du-jourdain\/","og_site_name":"Jordan Valley Solidarity FR","article_published_time":"2026-01-20T15:25:41+00:00","article_modified_time":"2026-01-20T15:25:42+00:00","og_image":[{"width":1536,"height":864,"url":"http:\/\/jordanvalleysolidarity.org\/fr\/wp-content\/uploads\/sites\/2\/2026\/01\/kkk.jpeg","type":"image\/jpeg"}],"author":"linafr","twitter_card":"summary_large_image","twitter_misc":{"\u00c9crit par":"linafr","Dur\u00e9e de lecture estim\u00e9e":"2 minutes"},"schema":{"@context":"https:\/\/schema.org","@graph":[{"@type":"WebPage","@id":"http:\/\/jordanvalleysolidarity.org\/fr\/actualite\/les-forces-doccupation-israeliennes-rasent-et-detruisent-des-terres-a-atuf-dans-la-vallee-du-jourdain\/","url":"http:\/\/jordanvalleysolidarity.org\/fr\/actualite\/les-forces-doccupation-israeliennes-rasent-et-detruisent-des-terres-a-atuf-dans-la-vallee-du-jourdain\/","name":"Les forces d'occupation isra\u00e9liennes rasent et d\u00e9truisent des terres \u00e0 Atuf, dans la vall\u00e9e du Jourdain - Jordan Valley Solidarity FR","isPartOf":{"@id":"http:\/\/jordanvalleysolidarity.org\/fr\/#website"},"primaryImageOfPage":{"@id":"http:\/\/jordanvalleysolidarity.org\/fr\/actualite\/les-forces-doccupation-israeliennes-rasent-et-detruisent-des-terres-a-atuf-dans-la-vallee-du-jourdain\/#primaryimage"},"image":{"@id":"http:\/\/jordanvalleysolidarity.org\/fr\/actualite\/les-forces-doccupation-israeliennes-rasent-et-detruisent-des-terres-a-atuf-dans-la-vallee-du-jourdain\/#primaryimage"},"thumbnailUrl":"https:\/\/jordanvalleysolidarity.org\/fr\/wp-content\/uploads\/sites\/2\/2026\/01\/kkk.jpeg","datePublished":"2026-01-20T15:25:41+00:00","dateModified":"2026-01-20T15:25:42+00:00","author":{"@id":"http:\/\/jordanvalleysolidarity.org\/fr\/#\/schema\/person\/b1d4ab48930477ea8ddea5dfcfd6fc25"},"breadcrumb":{"@id":"http:\/\/jordanvalleysolidarity.org\/fr\/actualite\/les-forces-doccupation-israeliennes-rasent-et-detruisent-des-terres-a-atuf-dans-la-vallee-du-jourdain\/#breadcrumb"},"inLanguage":"fr-FR","potentialAction":[{"@type":"ReadAction","target":["http:\/\/jordanvalleysolidarity.org\/fr\/actualite\/les-forces-doccupation-israeliennes-rasent-et-detruisent-des-terres-a-atuf-dans-la-vallee-du-jourdain\/"]}]},{"@type":"ImageObject","inLanguage":"fr-FR","@id":"http:\/\/jordanvalleysolidarity.org\/fr\/actualite\/les-forces-doccupation-israeliennes-rasent-et-detruisent-des-terres-a-atuf-dans-la-vallee-du-jourdain\/#primaryimage","url":"https:\/\/jordanvalleysolidarity.org\/fr\/wp-content\/uploads\/sites\/2\/2026\/01\/kkk.jpeg","contentUrl":"https:\/\/jordanvalleysolidarity.org\/fr\/wp-content\/uploads\/sites\/2\/2026\/01\/kkk.jpeg","width":1536,"height":864},{"@type":"BreadcrumbList","@id":"http:\/\/jordanvalleysolidarity.org\/fr\/actualite\/les-forces-doccupation-israeliennes-rasent-et-detruisent-des-terres-a-atuf-dans-la-vallee-du-jourdain\/#breadcrumb","itemListElement":[{"@type":"ListItem","position":1,"name":"Home","item":"http:\/\/jordanvalleysolidarity.org\/fr\/"},{"@type":"ListItem","position":2,"name":"Les forces d&rsquo;occupation isra\u00e9liennes rasent et d\u00e9truisent des terres \u00e0 Atuf, dans la vall\u00e9e du Jourdain"}]},{"@type":"WebSite","@id":"http:\/\/jordanvalleysolidarity.org\/fr\/#website","url":"http:\/\/jordanvalleysolidarity.org\/fr\/","name":"Jordan Valley Solidarity FR","description":"Just another Jordan Valley Solidarity Test Sites site","potentialAction":[{"@type":"SearchAction","target":{"@type":"EntryPoint","urlTemplate":"http:\/\/jordanvalleysolidarity.org\/fr\/?s={search_term_string}"},"query-input":"required name=search_term_string"}],"inLanguage":"fr-FR"},{"@type":"Person","@id":"http:\/\/jordanvalleysolidarity.org\/fr\/#\/schema\/person\/b1d4ab48930477ea8ddea5dfcfd6fc25","name":"linafr","image":{"@type":"ImageObject","inLanguage":"fr-FR","@id":"http:\/\/jordanvalleysolidarity.org\/fr\/#\/schema\/person\/image\/","url":"https:\/\/secure.gravatar.com\/avatar\/03fdb700e2a59970782a4632148d30ef?s=96&d=mm&r=g","contentUrl":"https:\/\/secure.gravatar.com\/avatar\/03fdb700e2a59970782a4632148d30ef?s=96&d=mm&r=g","caption":"linafr"},"url":"https:\/\/jordanvalleysolidarity.org\/fr\/author\/linafr\/"}]}},"_links":{"self":[{"href":"https:\/\/jordanvalleysolidarity.org\/fr\/wp-json\/wp\/v2\/posts\/3432"}],"collection":[{"href":"https:\/\/jordanvalleysolidarity.org\/fr\/wp-json\/wp\/v2\/posts"}],"about":[{"href":"https:\/\/jordanvalleysolidarity.org\/fr\/wp-json\/wp\/v2\/types\/post"}],"author":[{"embeddable":true,"href":"https:\/\/jordanvalleysolidarity.org\/fr\/wp-json\/wp\/v2\/users\/31"}],"replies":[{"embeddable":true,"href":"https:\/\/jordanvalleysolidarity.org\/fr\/wp-json\/wp\/v2\/comments?post=3432"}],"version-history":[{"count":1,"href":"https:\/\/jordanvalleysolidarity.org\/fr\/wp-json\/wp\/v2\/posts\/3432\/revisions"}],"predecessor-version":[{"id":3434,"href":"https:\/\/jordanvalleysolidarity.org\/fr\/wp-json\/wp\/v2\/posts\/3432\/revisions\/3434"}],"wp:featuredmedia":[{"embeddable":true,"href":"https:\/\/jordanvalleysolidarity.org\/fr\/wp-json\/wp\/v2\/media\/3433"}],"wp:attachment":[{"href":"https:\/\/jordanvalleysolidarity.org\/fr\/wp-json\/wp\/v2\/media?parent=3432"}],"wp:term":[{"taxonomy":"category","embeddable":true,"href":"https:\/\/jordanvalleysolidarity.org\/fr\/wp-json\/wp\/v2\/categories?post=3432"},{"taxonomy":"post_tag","embeddable":true,"href":"https:\/\/jordanvalleysolidarity.org\/fr\/wp-json\/wp\/v2\/tags?post=3432"}],"curies":[{"name":"wp","href":"https:\/\/api.w.org\/{rel}","templated":true}]}}