{"id":2922,"date":"2020-04-21T09:25:07","date_gmt":"2020-04-21T08:25:07","guid":{"rendered":"http:\/\/jordanvalleysolidarity.org\/fr\/?p=2922"},"modified":"2020-04-21T09:25:11","modified_gmt":"2020-04-21T08:25:11","slug":"laction-de-la-journee-de-la-terre-a-rencontre-la-violence-de-larmee","status":"publish","type":"post","link":"https:\/\/jordanvalleysolidarity.org\/fr\/actualite\/laction-de-la-journee-de-la-terre-a-rencontre-la-violence-de-larmee\/","title":{"rendered":"L&rsquo;action de la journ\u00e9e de la terre a rencontr\u00e9 la violence de l&rsquo;arm\u00e9e"},"content":{"rendered":"\n<figure class=\"wp-block-image size-large\"><img loading=\"lazy\" decoding=\"async\" width=\"560\" height=\"765\" src=\"http:\/\/jordanvalleysolidarity.org\/fr\/wp-content\/uploads\/sites\/2\/2020\/04\/1-17.jpg\" alt=\"\" class=\"wp-image-2923\" srcset=\"https:\/\/jordanvalleysolidarity.org\/fr\/wp-content\/uploads\/sites\/2\/2020\/04\/1-17.jpg 560w, https:\/\/jordanvalleysolidarity.org\/fr\/wp-content\/uploads\/sites\/2\/2020\/04\/1-17-220x300.jpg 220w\" sizes=\"(max-width: 560px) 100vw, 560px\" \/><\/figure>\n\n\n\n<p><strong>En\ncomm\u00e9moration de la Journ\u00e9e de la Terre, hier 29 mars une action de\nsolidarit\u00e9 pour la plantation d&rsquo;oliviers a \u00e9t\u00e9 lanc\u00e9e par les\nComit\u00e9s de R\u00e9sistance Populaire et le Mouvement de Solidarit\u00e9 de\nla Vall\u00e9e du Jourdain en partenariat avec la F\u00e9d\u00e9ration des\nAssociations d&rsquo;Agriculteurs Palestiniens, la Coalition du Droit \u00e0 la\nTerre, la Center for Youth for Change, le Center for Development\nStudies et des activistes locaux.<\/strong><\/p>\n\n\n\n<p>\nDes\noliviers ont \u00e9t\u00e9 plant\u00e9s \u00e0 Khirbet al-Himma, une communaut\u00e9\nsitu\u00e9e dans le nord de la vall\u00e9e du Jourdain, o\u00f9 les colons ont\nconstruit des structures sur des terres priv\u00e9es appartenant \u00e0 une\nfamille de la communaut\u00e9 voisine d&rsquo;Ein el-Beida.&nbsp;Depuis la\ncr\u00e9ation de ces structures il y a quelques ann\u00e9es, les colons ont\nsouvent montr\u00e9 une attitude agressive envers leurs voisins\npalestiniens en attaquant et en harcelant les bergers tout en faisant\npa\u00eetre leur b\u00e9tail.<\/p>\n\n\n\n<p>\nQuelques\nminutes apr\u00e8s l&rsquo;arriv\u00e9e des activistes (y compris la famille\npropri\u00e9taire du terrain), un colon arm\u00e9 s&rsquo;est pr\u00e9sent\u00e9 et a\nimm\u00e9diatement appel\u00e9 l&rsquo;arm\u00e9e, refusant de partir lorsqu&rsquo;on lui a\ndemand\u00e9 \u00e0 plusieurs reprises de le faire.&nbsp;\u00c0 leur arriv\u00e9e,\nles soldats ont ordonn\u00e9 aux militants de s&rsquo;en aller, les accusant de\nse tenir sur une propri\u00e9t\u00e9 priv\u00e9e.&nbsp;Le colon n&rsquo;a pas \u00e9t\u00e9\ninvit\u00e9 \u00e0 partir.<\/p>\n\n\n\n<p>\nEn\nr\u00e9ponse au refus des militants de se d\u00e9placer, l&rsquo;arm\u00e9e isra\u00e9lienne\na attaqu\u00e9 et tent\u00e9 d&rsquo;arr\u00eater un certain nombre d&rsquo;entre eux,\nPalestiniens et internationaux.&nbsp;Un des militants a \u00e9t\u00e9\nviolemment pouss\u00e9 par des soldats, le blessant en le faisant tomber.\n&nbsp;Il a ensuite \u00e9t\u00e9 transport\u00e9 au centre de sant\u00e9 d&rsquo;Ein\nal-Beida o\u00f9 il est rest\u00e9 environ deux heures et a \u00e9t\u00e9 soign\u00e9\npour des ecchymoses aux os de la main et au bas du dos.<\/p>\n\n\n\n<p>\nPourtant,\nl&rsquo;action a \u00e9t\u00e9 men\u00e9e avec d\u00e9termination, car nous refusons\nfermement de nous soumettre aux menaces d&rsquo;occupation.<\/p>\n\n\n\n<figure class=\"wp-block-image size-large\"><img loading=\"lazy\" decoding=\"async\" width=\"560\" height=\"765\" src=\"http:\/\/jordanvalleysolidarity.org\/fr\/wp-content\/uploads\/sites\/2\/2020\/04\/2-15.jpg\" alt=\"\" class=\"wp-image-2924\" srcset=\"https:\/\/jordanvalleysolidarity.org\/fr\/wp-content\/uploads\/sites\/2\/2020\/04\/2-15.jpg 560w, https:\/\/jordanvalleysolidarity.org\/fr\/wp-content\/uploads\/sites\/2\/2020\/04\/2-15-220x300.jpg 220w\" sizes=\"(max-width: 560px) 100vw, 560px\" \/><\/figure>\n\n\n\n<figure class=\"wp-block-image size-large\"><img loading=\"lazy\" decoding=\"async\" width=\"873\" height=\"655\" src=\"http:\/\/jordanvalleysolidarity.org\/fr\/wp-content\/uploads\/sites\/2\/2020\/04\/3-10.jpg\" alt=\"\" class=\"wp-image-2925\" srcset=\"https:\/\/jordanvalleysolidarity.org\/fr\/wp-content\/uploads\/sites\/2\/2020\/04\/3-10.jpg 873w, https:\/\/jordanvalleysolidarity.org\/fr\/wp-content\/uploads\/sites\/2\/2020\/04\/3-10-300x225.jpg 300w, https:\/\/jordanvalleysolidarity.org\/fr\/wp-content\/uploads\/sites\/2\/2020\/04\/3-10-768x576.jpg 768w, https:\/\/jordanvalleysolidarity.org\/fr\/wp-content\/uploads\/sites\/2\/2020\/04\/3-10-640x480.jpg 640w\" sizes=\"(max-width: 873px) 100vw, 873px\" \/><\/figure>\n\n\n\n<figure class=\"wp-block-image size-large\"><img loading=\"lazy\" decoding=\"async\" width=\"1000\" height=\"486\" src=\"http:\/\/jordanvalleysolidarity.org\/fr\/wp-content\/uploads\/sites\/2\/2020\/04\/4-1.png\" alt=\"\" class=\"wp-image-2926\" srcset=\"https:\/\/jordanvalleysolidarity.org\/fr\/wp-content\/uploads\/sites\/2\/2020\/04\/4-1.png 1000w, https:\/\/jordanvalleysolidarity.org\/fr\/wp-content\/uploads\/sites\/2\/2020\/04\/4-1-300x146.png 300w, https:\/\/jordanvalleysolidarity.org\/fr\/wp-content\/uploads\/sites\/2\/2020\/04\/4-1-768x373.png 768w\" sizes=\"(max-width: 1000px) 100vw, 1000px\" \/><\/figure>\n<!-- AddThis Advanced Settings generic via filter on the_content --><!-- AddThis Share Buttons generic via filter on the_content -->","protected":false},"excerpt":{"rendered":"<p>En comm\u00e9moration de la Journ\u00e9e de la Terre, hier 29 mars une action de solidarit\u00e9 pour la plantation d&rsquo;oliviers a [&hellip;]<!-- AddThis Advanced Settings generic via filter on get_the_excerpt --><!-- AddThis Share Buttons generic via filter on get_the_excerpt --><\/p>\n","protected":false},"author":31,"featured_media":2923,"comment_status":"closed","ping_status":"closed","sticky":false,"template":"","format":"standard","meta":{"footnotes":""},"categories":[18],"tags":[],"yoast_head":"<!-- This site is optimized with the Yoast SEO plugin v22.8 - https:\/\/yoast.com\/wordpress\/plugins\/seo\/ -->\n<title>L&#039;action de la journ\u00e9e de la terre a rencontr\u00e9 la violence de l&#039;arm\u00e9e - Jordan Valley Solidarity FR<\/title>\n<meta name=\"robots\" content=\"index, follow, max-snippet:-1, max-image-preview:large, max-video-preview:-1\" \/>\n<link rel=\"canonical\" href=\"https:\/\/jordanvalleysolidarity.org\/fr\/actualite\/laction-de-la-journee-de-la-terre-a-rencontre-la-violence-de-larmee\/\" \/>\n<meta property=\"og:locale\" content=\"fr_FR\" \/>\n<meta property=\"og:type\" content=\"article\" \/>\n<meta property=\"og:title\" content=\"L&#039;action de la journ\u00e9e de la terre a rencontr\u00e9 la violence de l&#039;arm\u00e9e - Jordan Valley Solidarity FR\" \/>\n<meta property=\"og:description\" content=\"En comm\u00e9moration de la Journ\u00e9e de la Terre, hier 29 mars une action de solidarit\u00e9 pour la plantation d&rsquo;oliviers a [&hellip;]\" \/>\n<meta property=\"og:url\" content=\"https:\/\/jordanvalleysolidarity.org\/fr\/actualite\/laction-de-la-journee-de-la-terre-a-rencontre-la-violence-de-larmee\/\" \/>\n<meta property=\"og:site_name\" content=\"Jordan Valley Solidarity FR\" \/>\n<meta property=\"article:published_time\" content=\"2020-04-21T08:25:07+00:00\" \/>\n<meta property=\"article:modified_time\" content=\"2020-04-21T08:25:11+00:00\" \/>\n<meta property=\"og:image\" content=\"https:\/\/jordanvalleysolidarity.org\/fr\/wp-content\/uploads\/sites\/2\/2020\/04\/1-17.jpg\" \/>\n\t<meta property=\"og:image:width\" content=\"560\" \/>\n\t<meta property=\"og:image:height\" content=\"765\" \/>\n\t<meta property=\"og:image:type\" content=\"image\/jpeg\" \/>\n<meta name=\"author\" content=\"linafr\" \/>\n<meta name=\"twitter:card\" content=\"summary_large_image\" \/>\n<meta name=\"twitter:label1\" content=\"\u00c9crit par\" \/>\n\t<meta name=\"twitter:data1\" content=\"linafr\" \/>\n\t<meta name=\"twitter:label2\" content=\"Dur\u00e9e de lecture estim\u00e9e\" \/>\n\t<meta name=\"twitter:data2\" content=\"2 minutes\" \/>\n<script type=\"application\/ld+json\" class=\"yoast-schema-graph\">{\"@context\":\"https:\/\/schema.org\",\"@graph\":[{\"@type\":\"WebPage\",\"@id\":\"https:\/\/jordanvalleysolidarity.org\/fr\/actualite\/laction-de-la-journee-de-la-terre-a-rencontre-la-violence-de-larmee\/\",\"url\":\"https:\/\/jordanvalleysolidarity.org\/fr\/actualite\/laction-de-la-journee-de-la-terre-a-rencontre-la-violence-de-larmee\/\",\"name\":\"L'action de la journ\u00e9e de la terre a rencontr\u00e9 la violence de l'arm\u00e9e - Jordan Valley Solidarity FR\",\"isPartOf\":{\"@id\":\"http:\/\/jordanvalleysolidarity.org\/fr\/#website\"},\"primaryImageOfPage\":{\"@id\":\"https:\/\/jordanvalleysolidarity.org\/fr\/actualite\/laction-de-la-journee-de-la-terre-a-rencontre-la-violence-de-larmee\/#primaryimage\"},\"image\":{\"@id\":\"https:\/\/jordanvalleysolidarity.org\/fr\/actualite\/laction-de-la-journee-de-la-terre-a-rencontre-la-violence-de-larmee\/#primaryimage\"},\"thumbnailUrl\":\"https:\/\/jordanvalleysolidarity.org\/fr\/wp-content\/uploads\/sites\/2\/2020\/04\/1-17.jpg\",\"datePublished\":\"2020-04-21T08:25:07+00:00\",\"dateModified\":\"2020-04-21T08:25:11+00:00\",\"author\":{\"@id\":\"http:\/\/jordanvalleysolidarity.org\/fr\/#\/schema\/person\/b1d4ab48930477ea8ddea5dfcfd6fc25\"},\"breadcrumb\":{\"@id\":\"https:\/\/jordanvalleysolidarity.org\/fr\/actualite\/laction-de-la-journee-de-la-terre-a-rencontre-la-violence-de-larmee\/#breadcrumb\"},\"inLanguage\":\"fr-FR\",\"potentialAction\":[{\"@type\":\"ReadAction\",\"target\":[\"https:\/\/jordanvalleysolidarity.org\/fr\/actualite\/laction-de-la-journee-de-la-terre-a-rencontre-la-violence-de-larmee\/\"]}]},{\"@type\":\"ImageObject\",\"inLanguage\":\"fr-FR\",\"@id\":\"https:\/\/jordanvalleysolidarity.org\/fr\/actualite\/laction-de-la-journee-de-la-terre-a-rencontre-la-violence-de-larmee\/#primaryimage\",\"url\":\"https:\/\/jordanvalleysolidarity.org\/fr\/wp-content\/uploads\/sites\/2\/2020\/04\/1-17.jpg\",\"contentUrl\":\"https:\/\/jordanvalleysolidarity.org\/fr\/wp-content\/uploads\/sites\/2\/2020\/04\/1-17.jpg\",\"width\":560,\"height\":765},{\"@type\":\"BreadcrumbList\",\"@id\":\"https:\/\/jordanvalleysolidarity.org\/fr\/actualite\/laction-de-la-journee-de-la-terre-a-rencontre-la-violence-de-larmee\/#breadcrumb\",\"itemListElement\":[{\"@type\":\"ListItem\",\"position\":1,\"name\":\"Home\",\"item\":\"http:\/\/jordanvalleysolidarity.org\/fr\/\"},{\"@type\":\"ListItem\",\"position\":2,\"name\":\"L&rsquo;action de la journ\u00e9e de la terre a rencontr\u00e9 la violence de l&rsquo;arm\u00e9e\"}]},{\"@type\":\"WebSite\",\"@id\":\"http:\/\/jordanvalleysolidarity.org\/fr\/#website\",\"url\":\"http:\/\/jordanvalleysolidarity.org\/fr\/\",\"name\":\"Jordan Valley Solidarity FR\",\"description\":\"Just another Jordan Valley Solidarity Test Sites site\",\"potentialAction\":[{\"@type\":\"SearchAction\",\"target\":{\"@type\":\"EntryPoint\",\"urlTemplate\":\"http:\/\/jordanvalleysolidarity.org\/fr\/?s={search_term_string}\"},\"query-input\":\"required name=search_term_string\"}],\"inLanguage\":\"fr-FR\"},{\"@type\":\"Person\",\"@id\":\"http:\/\/jordanvalleysolidarity.org\/fr\/#\/schema\/person\/b1d4ab48930477ea8ddea5dfcfd6fc25\",\"name\":\"linafr\",\"image\":{\"@type\":\"ImageObject\",\"inLanguage\":\"fr-FR\",\"@id\":\"http:\/\/jordanvalleysolidarity.org\/fr\/#\/schema\/person\/image\/\",\"url\":\"https:\/\/secure.gravatar.com\/avatar\/03fdb700e2a59970782a4632148d30ef?s=96&d=mm&r=g\",\"contentUrl\":\"https:\/\/secure.gravatar.com\/avatar\/03fdb700e2a59970782a4632148d30ef?s=96&d=mm&r=g\",\"caption\":\"linafr\"},\"url\":\"https:\/\/jordanvalleysolidarity.org\/fr\/author\/linafr\/\"}]}<\/script>\n<!-- \/ Yoast SEO plugin. -->","yoast_head_json":{"title":"L'action de la journ\u00e9e de la terre a rencontr\u00e9 la violence de l'arm\u00e9e - Jordan Valley Solidarity FR","robots":{"index":"index","follow":"follow","max-snippet":"max-snippet:-1","max-image-preview":"max-image-preview:large","max-video-preview":"max-video-preview:-1"},"canonical":"https:\/\/jordanvalleysolidarity.org\/fr\/actualite\/laction-de-la-journee-de-la-terre-a-rencontre-la-violence-de-larmee\/","og_locale":"fr_FR","og_type":"article","og_title":"L'action de la journ\u00e9e de la terre a rencontr\u00e9 la violence de l'arm\u00e9e - Jordan Valley Solidarity FR","og_description":"En comm\u00e9moration de la Journ\u00e9e de la Terre, hier 29 mars une action de solidarit\u00e9 pour la plantation d&rsquo;oliviers a [&hellip;]","og_url":"https:\/\/jordanvalleysolidarity.org\/fr\/actualite\/laction-de-la-journee-de-la-terre-a-rencontre-la-violence-de-larmee\/","og_site_name":"Jordan Valley Solidarity FR","article_published_time":"2020-04-21T08:25:07+00:00","article_modified_time":"2020-04-21T08:25:11+00:00","og_image":[{"width":560,"height":765,"url":"https:\/\/jordanvalleysolidarity.org\/fr\/wp-content\/uploads\/sites\/2\/2020\/04\/1-17.jpg","type":"image\/jpeg"}],"author":"linafr","twitter_card":"summary_large_image","twitter_misc":{"\u00c9crit par":"linafr","Dur\u00e9e de lecture estim\u00e9e":"2 minutes"},"schema":{"@context":"https:\/\/schema.org","@graph":[{"@type":"WebPage","@id":"https:\/\/jordanvalleysolidarity.org\/fr\/actualite\/laction-de-la-journee-de-la-terre-a-rencontre-la-violence-de-larmee\/","url":"https:\/\/jordanvalleysolidarity.org\/fr\/actualite\/laction-de-la-journee-de-la-terre-a-rencontre-la-violence-de-larmee\/","name":"L'action de la journ\u00e9e de la terre a rencontr\u00e9 la violence de l'arm\u00e9e - Jordan Valley Solidarity FR","isPartOf":{"@id":"http:\/\/jordanvalleysolidarity.org\/fr\/#website"},"primaryImageOfPage":{"@id":"https:\/\/jordanvalleysolidarity.org\/fr\/actualite\/laction-de-la-journee-de-la-terre-a-rencontre-la-violence-de-larmee\/#primaryimage"},"image":{"@id":"https:\/\/jordanvalleysolidarity.org\/fr\/actualite\/laction-de-la-journee-de-la-terre-a-rencontre-la-violence-de-larmee\/#primaryimage"},"thumbnailUrl":"https:\/\/jordanvalleysolidarity.org\/fr\/wp-content\/uploads\/sites\/2\/2020\/04\/1-17.jpg","datePublished":"2020-04-21T08:25:07+00:00","dateModified":"2020-04-21T08:25:11+00:00","author":{"@id":"http:\/\/jordanvalleysolidarity.org\/fr\/#\/schema\/person\/b1d4ab48930477ea8ddea5dfcfd6fc25"},"breadcrumb":{"@id":"https:\/\/jordanvalleysolidarity.org\/fr\/actualite\/laction-de-la-journee-de-la-terre-a-rencontre-la-violence-de-larmee\/#breadcrumb"},"inLanguage":"fr-FR","potentialAction":[{"@type":"ReadAction","target":["https:\/\/jordanvalleysolidarity.org\/fr\/actualite\/laction-de-la-journee-de-la-terre-a-rencontre-la-violence-de-larmee\/"]}]},{"@type":"ImageObject","inLanguage":"fr-FR","@id":"https:\/\/jordanvalleysolidarity.org\/fr\/actualite\/laction-de-la-journee-de-la-terre-a-rencontre-la-violence-de-larmee\/#primaryimage","url":"https:\/\/jordanvalleysolidarity.org\/fr\/wp-content\/uploads\/sites\/2\/2020\/04\/1-17.jpg","contentUrl":"https:\/\/jordanvalleysolidarity.org\/fr\/wp-content\/uploads\/sites\/2\/2020\/04\/1-17.jpg","width":560,"height":765},{"@type":"BreadcrumbList","@id":"https:\/\/jordanvalleysolidarity.org\/fr\/actualite\/laction-de-la-journee-de-la-terre-a-rencontre-la-violence-de-larmee\/#breadcrumb","itemListElement":[{"@type":"ListItem","position":1,"name":"Home","item":"http:\/\/jordanvalleysolidarity.org\/fr\/"},{"@type":"ListItem","position":2,"name":"L&rsquo;action de la journ\u00e9e de la terre a rencontr\u00e9 la violence de l&rsquo;arm\u00e9e"}]},{"@type":"WebSite","@id":"http:\/\/jordanvalleysolidarity.org\/fr\/#website","url":"http:\/\/jordanvalleysolidarity.org\/fr\/","name":"Jordan Valley Solidarity FR","description":"Just another Jordan Valley Solidarity Test Sites site","potentialAction":[{"@type":"SearchAction","target":{"@type":"EntryPoint","urlTemplate":"http:\/\/jordanvalleysolidarity.org\/fr\/?s={search_term_string}"},"query-input":"required name=search_term_string"}],"inLanguage":"fr-FR"},{"@type":"Person","@id":"http:\/\/jordanvalleysolidarity.org\/fr\/#\/schema\/person\/b1d4ab48930477ea8ddea5dfcfd6fc25","name":"linafr","image":{"@type":"ImageObject","inLanguage":"fr-FR","@id":"http:\/\/jordanvalleysolidarity.org\/fr\/#\/schema\/person\/image\/","url":"https:\/\/secure.gravatar.com\/avatar\/03fdb700e2a59970782a4632148d30ef?s=96&d=mm&r=g","contentUrl":"https:\/\/secure.gravatar.com\/avatar\/03fdb700e2a59970782a4632148d30ef?s=96&d=mm&r=g","caption":"linafr"},"url":"https:\/\/jordanvalleysolidarity.org\/fr\/author\/linafr\/"}]}},"_links":{"self":[{"href":"https:\/\/jordanvalleysolidarity.org\/fr\/wp-json\/wp\/v2\/posts\/2922"}],"collection":[{"href":"https:\/\/jordanvalleysolidarity.org\/fr\/wp-json\/wp\/v2\/posts"}],"about":[{"href":"https:\/\/jordanvalleysolidarity.org\/fr\/wp-json\/wp\/v2\/types\/post"}],"author":[{"embeddable":true,"href":"https:\/\/jordanvalleysolidarity.org\/fr\/wp-json\/wp\/v2\/users\/31"}],"replies":[{"embeddable":true,"href":"https:\/\/jordanvalleysolidarity.org\/fr\/wp-json\/wp\/v2\/comments?post=2922"}],"version-history":[{"count":1,"href":"https:\/\/jordanvalleysolidarity.org\/fr\/wp-json\/wp\/v2\/posts\/2922\/revisions"}],"predecessor-version":[{"id":2927,"href":"https:\/\/jordanvalleysolidarity.org\/fr\/wp-json\/wp\/v2\/posts\/2922\/revisions\/2927"}],"wp:featuredmedia":[{"embeddable":true,"href":"https:\/\/jordanvalleysolidarity.org\/fr\/wp-json\/wp\/v2\/media\/2923"}],"wp:attachment":[{"href":"https:\/\/jordanvalleysolidarity.org\/fr\/wp-json\/wp\/v2\/media?parent=2922"}],"wp:term":[{"taxonomy":"category","embeddable":true,"href":"https:\/\/jordanvalleysolidarity.org\/fr\/wp-json\/wp\/v2\/categories?post=2922"},{"taxonomy":"post_tag","embeddable":true,"href":"https:\/\/jordanvalleysolidarity.org\/fr\/wp-json\/wp\/v2\/tags?post=2922"}],"curies":[{"name":"wp","href":"https:\/\/api.w.org\/{rel}","templated":true}]}}