{"id":2907,"date":"2020-04-21T09:11:49","date_gmt":"2020-04-21T08:11:49","guid":{"rendered":"http:\/\/jordanvalleysolidarity.org\/fr\/?p=2907"},"modified":"2020-04-21T09:11:51","modified_gmt":"2020-04-21T08:11:51","slug":"journee-de-la-terre-2019-reaffirmer-notre-droit-dans-la-vallee-du-jourdain","status":"publish","type":"post","link":"https:\/\/jordanvalleysolidarity.org\/fr\/actualite\/journee-de-la-terre-2019-reaffirmer-notre-droit-dans-la-vallee-du-jourdain\/","title":{"rendered":"Journ\u00e9e de la terre 2019: r\u00e9affirmer notre droit dans la vall\u00e9e du Jourdain"},"content":{"rendered":"\n<figure class=\"wp-block-image size-large\"><img loading=\"lazy\" decoding=\"async\" width=\"1000\" height=\"667\" src=\"http:\/\/jordanvalleysolidarity.org\/fr\/wp-content\/uploads\/sites\/2\/2020\/04\/1-4.png\" alt=\"\" class=\"wp-image-2918\" srcset=\"https:\/\/jordanvalleysolidarity.org\/fr\/wp-content\/uploads\/sites\/2\/2020\/04\/1-4.png 1000w, https:\/\/jordanvalleysolidarity.org\/fr\/wp-content\/uploads\/sites\/2\/2020\/04\/1-4-300x200.png 300w, https:\/\/jordanvalleysolidarity.org\/fr\/wp-content\/uploads\/sites\/2\/2020\/04\/1-4-768x512.png 768w, https:\/\/jordanvalleysolidarity.org\/fr\/wp-content\/uploads\/sites\/2\/2020\/04\/1-4-480x320.png 480w\" sizes=\"(max-width: 1000px) 100vw, 1000px\" \/><\/figure>\n\n\n\n<p><strong>Vendredi\ndernier, nous avons<\/strong><strong>re\u00e7u\nun groupe de jeunes amoureux de la nature du camp de r\u00e9fugi\u00e9s situ\u00e9\ndans la ville de Tulkarem en Cisjordanie, dans le cadre des activit\u00e9s\nde la journ\u00e9e de la terre.&nbsp;Ils nous ont rejoints avec le\npr\u00e9sident du Conseil de Khirbat Ibiziq et d&rsquo;autres militants de\nTubas et de la vall\u00e9e du Jourdain, ainsi que des comit\u00e9s de\nr\u00e9sistance populaire.<\/strong><\/p>\n\n\n\n<p>\nLa\njourn\u00e9e de la terre palestinienne se pr\u00e9sente en Palestine le 30\nmars de chaque ann\u00e9e.&nbsp;\u00c0 cette date, en 1976, une gr\u00e8ve\ng\u00e9n\u00e9rale et des marches ont eu lieu de la Galil\u00e9e au N\u00e9guev, avec\ndes protestations contre la confiscation sioniste de milliers de\ndunums de biens priv\u00e9s et communaux.&nbsp;Des affrontements ont\n\u00e9clat\u00e9 entre les manifestants et les forces militaires, entra\u00eenant\nla mort de six Palestiniens et l&rsquo;arrestation et la blessure de\ncentaines de personnes.<\/p>\n\n\n\n<p>\nLa\nJourn\u00e9e de la Terre est un \u00e9v\u00e9nement charni\u00e8re dans la lutte\nd&rsquo;occupation sur le terrain en r\u00e9ponse \u00e0 la politique d&rsquo;occupation,\nune lutte que nous menons sous la banni\u00e8re d&rsquo;une r\u00e9sistance et d&rsquo;un\nd\u00e9fi constant.<\/p>\n\n\n\n<p>\nNous\navons commenc\u00e9 \u00e0 organiser des promenades pour initier les jeunes \u00e0\nla d\u00e9couverte de la nature et de ses magnifiques animaux et plantes,\nqui sont utilis\u00e9s comme rem\u00e8des naturels pour traiter diverses\nmaladies.&nbsp;Nous essayons de pr\u00e9server le patrimoine naturel et\nde cultiver une culture commune de sensibilisation et d&rsquo;amour pour\nnos ressources naturelles.<\/p>\n\n\n\n<p>\nNous\navons commenc\u00e9 notre voyage depuis la ville de Tubas et avons\ncontinu\u00e9 vers la communaut\u00e9 de Khirbet Silhab, traversant dans la\nfor\u00eat de Tubas, o\u00f9 nous nous sommes arr\u00eat\u00e9s pour d\u00e9jeuner entre\nles arbres.&nbsp;Ce fut l&rsquo;occasion de parler des dangers qui\nd\u00e9coulent de l&rsquo;exploitation non durable de l&rsquo;eau par les forces\nd&rsquo;occupation, qui ass\u00e8che les sources naturelles telles que la\nrivi\u00e8re Jourdain et les sources naturelles, et qui va \u00e9galement\naffecter le paysage naturel.&nbsp;La r\u00e9gion rev\u00eat une importance\nstrat\u00e9gique pour nous, car tout d\u00e9veloppement futur pour notre\npopulation d\u00e9pend de la disponibilit\u00e9 des ressources en eau et en\nterres.<\/p>\n\n\n\n<p>\nNous\navons tout de m\u00eame beaucoup appr\u00e9ci\u00e9 le temps partag\u00e9 ensemble,\navec de merveilleux dialogues et tournages ainsi que des chants et\ndes danses populaires.<\/p>\n\n\n\n<p>\nPlus\ntard, nous sommes arriv\u00e9s au village d&rsquo;Abziq, apr\u00e8s avoir parcouru\n11 kilom\u00e8tres, une communaut\u00e9 situ\u00e9e dans la zone C. Nous avons\n\u00e9t\u00e9 accueillis par les villageois et avons eu une r\u00e9union avec le\nchef du conseil et un membre du village.&nbsp;Ils ont rendu compte\ndes difficult\u00e9s rencontr\u00e9es par les r\u00e9sidents en raison des\nprivations perp\u00e9tr\u00e9es par les forces isra\u00e9liennes et du manque de\nservices et de droits de base qui en r\u00e9sulte, comme l&rsquo;acc\u00e8s \u00e0\nl&rsquo;\u00e9lectricit\u00e9 et \u00e0 l&rsquo;eau, les infrastructures de sant\u00e9 et\nd&rsquo;\u00e9ducation, la s\u00e9curit\u00e9 du logement.&nbsp;Les attaques ont inclus\ndes d\u00e9molitions de maisons et d&rsquo;\u00e9coles et l&rsquo;interdiction de\nconstruire des conduites d&rsquo;eau et d&rsquo;\u00e9lectricit\u00e9.&nbsp;A peine\ndeux mois auparavant,\ndeux salles de classe ont \u00e9t\u00e9 d\u00e9truites, voici le lien vers notre\nrapport&nbsp;:<a href=\"http:\/\/jordanvalleysolidarity.org\/fr\/actualite\/ibziq-rien-ne-nous-empechera-deduquer-nos-enfants\/\">http:\/\/jordanvalleysolidarity.org\/fr\/actualite\/ibziq-rien-ne-nous-empechera-deduquer-nos-enfants\/<\/a>\n\n<\/p>\n\n\n\n<p>\nLes\nactions de solidarit\u00e9 se sont poursuivies hier dans le cadre du\nprogramme Land Day.&nbsp;L&rsquo;Union des agriculteurs palestiniens, avec\nles Comit\u00e9s de r\u00e9sistance populaire, Save the Jordanians Campaign\net un certain nombre de volontaires palestiniens et internationaux\nont particip\u00e9 \u00e0 la plantation d&rsquo;oliviers dans la communaut\u00e9\nd&rsquo;al-Hadidiya.&nbsp;En outre, 350 oliviers ont \u00e9t\u00e9 distribu\u00e9s \u00e0\ntrois familles de Khirbet al-Deir et Khirbet al-Hama, pr\u00e8s du\nvillage d&rsquo;Ein al-Baida.&nbsp;Les habitants d&rsquo;Al-Hadidiya et des\nautres communaut\u00e9s ont subi ces derni\u00e8res ann\u00e9es de fortes\npressions de la part des forces d&rsquo;occupation isra\u00e9liennes qui ont\ntent\u00e9 de forcer les villageois \u00e0 quitter leur communaut\u00e9 et \u00e0 se\nd\u00e9placer vers d&rsquo;autres r\u00e9gions.&nbsp;Cependant, ils restent fermes\net refusent de quitter leur domicile.&nbsp;En plantant des oliviers\net en sensibilisant \u00e0 la situation locale, nous voulons soutenir les\nagriculteurs,<\/p>\n\n\n\n<figure class=\"wp-block-image size-large\"><img loading=\"lazy\" decoding=\"async\" width=\"1000\" height=\"667\" src=\"http:\/\/jordanvalleysolidarity.org\/fr\/wp-content\/uploads\/sites\/2\/2020\/04\/2-3.png\" alt=\"\" class=\"wp-image-2919\" srcset=\"https:\/\/jordanvalleysolidarity.org\/fr\/wp-content\/uploads\/sites\/2\/2020\/04\/2-3.png 1000w, https:\/\/jordanvalleysolidarity.org\/fr\/wp-content\/uploads\/sites\/2\/2020\/04\/2-3-300x200.png 300w, https:\/\/jordanvalleysolidarity.org\/fr\/wp-content\/uploads\/sites\/2\/2020\/04\/2-3-768x512.png 768w, https:\/\/jordanvalleysolidarity.org\/fr\/wp-content\/uploads\/sites\/2\/2020\/04\/2-3-480x320.png 480w\" sizes=\"(max-width: 1000px) 100vw, 1000px\" \/><\/figure>\n\n\n\n<figure class=\"wp-block-image size-large\"><img loading=\"lazy\" decoding=\"async\" width=\"1000\" height=\"667\" src=\"http:\/\/jordanvalleysolidarity.org\/fr\/wp-content\/uploads\/sites\/2\/2020\/04\/3-2.png\" alt=\"\" class=\"wp-image-2920\" srcset=\"https:\/\/jordanvalleysolidarity.org\/fr\/wp-content\/uploads\/sites\/2\/2020\/04\/3-2.png 1000w, https:\/\/jordanvalleysolidarity.org\/fr\/wp-content\/uploads\/sites\/2\/2020\/04\/3-2-300x200.png 300w, https:\/\/jordanvalleysolidarity.org\/fr\/wp-content\/uploads\/sites\/2\/2020\/04\/3-2-768x512.png 768w, https:\/\/jordanvalleysolidarity.org\/fr\/wp-content\/uploads\/sites\/2\/2020\/04\/3-2-480x320.png 480w\" sizes=\"(max-width: 1000px) 100vw, 1000px\" \/><\/figure>\n\n\n\n<figure class=\"wp-block-image size-large\"><img loading=\"lazy\" decoding=\"async\" width=\"1000\" height=\"667\" src=\"http:\/\/jordanvalleysolidarity.org\/fr\/wp-content\/uploads\/sites\/2\/2020\/04\/4.png\" alt=\"\" class=\"wp-image-2913\" srcset=\"https:\/\/jordanvalleysolidarity.org\/fr\/wp-content\/uploads\/sites\/2\/2020\/04\/4.png 1000w, https:\/\/jordanvalleysolidarity.org\/fr\/wp-content\/uploads\/sites\/2\/2020\/04\/4-300x200.png 300w, https:\/\/jordanvalleysolidarity.org\/fr\/wp-content\/uploads\/sites\/2\/2020\/04\/4-768x512.png 768w, https:\/\/jordanvalleysolidarity.org\/fr\/wp-content\/uploads\/sites\/2\/2020\/04\/4-480x320.png 480w\" sizes=\"(max-width: 1000px) 100vw, 1000px\" \/><\/figure>\n<!-- AddThis Advanced Settings generic via filter on the_content --><!-- AddThis Share Buttons generic via filter on the_content -->","protected":false},"excerpt":{"rendered":"<p>Vendredi dernier, nous avonsre\u00e7u un groupe de jeunes amoureux de la nature du camp de r\u00e9fugi\u00e9s situ\u00e9 dans la ville [&hellip;]<!-- AddThis Advanced Settings generic via filter on get_the_excerpt --><!-- AddThis Share Buttons generic via filter on get_the_excerpt --><\/p>\n","protected":false},"author":31,"featured_media":2918,"comment_status":"closed","ping_status":"closed","sticky":false,"template":"","format":"standard","meta":{"footnotes":""},"categories":[18],"tags":[],"yoast_head":"<!-- This site is optimized with the Yoast SEO plugin v22.8 - https:\/\/yoast.com\/wordpress\/plugins\/seo\/ -->\n<title>Journ\u00e9e de la terre 2019: r\u00e9affirmer notre droit dans la vall\u00e9e du Jourdain - Jordan Valley Solidarity FR<\/title>\n<meta name=\"robots\" content=\"index, follow, max-snippet:-1, max-image-preview:large, max-video-preview:-1\" \/>\n<link rel=\"canonical\" href=\"https:\/\/jordanvalleysolidarity.org\/fr\/actualite\/journee-de-la-terre-2019-reaffirmer-notre-droit-dans-la-vallee-du-jourdain\/\" \/>\n<meta property=\"og:locale\" content=\"fr_FR\" \/>\n<meta property=\"og:type\" content=\"article\" \/>\n<meta property=\"og:title\" content=\"Journ\u00e9e de la terre 2019: r\u00e9affirmer notre droit dans la vall\u00e9e du Jourdain - Jordan Valley Solidarity FR\" \/>\n<meta property=\"og:description\" content=\"Vendredi dernier, nous avonsre\u00e7u un groupe de jeunes amoureux de la nature du camp de r\u00e9fugi\u00e9s situ\u00e9 dans la ville [&hellip;]\" \/>\n<meta property=\"og:url\" content=\"https:\/\/jordanvalleysolidarity.org\/fr\/actualite\/journee-de-la-terre-2019-reaffirmer-notre-droit-dans-la-vallee-du-jourdain\/\" \/>\n<meta property=\"og:site_name\" content=\"Jordan Valley Solidarity FR\" \/>\n<meta property=\"article:published_time\" content=\"2020-04-21T08:11:49+00:00\" \/>\n<meta property=\"article:modified_time\" content=\"2020-04-21T08:11:51+00:00\" \/>\n<meta property=\"og:image\" content=\"https:\/\/jordanvalleysolidarity.org\/fr\/wp-content\/uploads\/sites\/2\/2020\/04\/1-4.png\" \/>\n\t<meta property=\"og:image:width\" content=\"1000\" \/>\n\t<meta property=\"og:image:height\" content=\"667\" \/>\n\t<meta property=\"og:image:type\" content=\"image\/png\" \/>\n<meta name=\"author\" content=\"linafr\" \/>\n<meta name=\"twitter:card\" content=\"summary_large_image\" \/>\n<meta name=\"twitter:label1\" content=\"\u00c9crit par\" \/>\n\t<meta name=\"twitter:data1\" content=\"linafr\" \/>\n\t<meta name=\"twitter:label2\" content=\"Dur\u00e9e de lecture estim\u00e9e\" \/>\n\t<meta name=\"twitter:data2\" content=\"4 minutes\" \/>\n<script type=\"application\/ld+json\" class=\"yoast-schema-graph\">{\"@context\":\"https:\/\/schema.org\",\"@graph\":[{\"@type\":\"WebPage\",\"@id\":\"https:\/\/jordanvalleysolidarity.org\/fr\/actualite\/journee-de-la-terre-2019-reaffirmer-notre-droit-dans-la-vallee-du-jourdain\/\",\"url\":\"https:\/\/jordanvalleysolidarity.org\/fr\/actualite\/journee-de-la-terre-2019-reaffirmer-notre-droit-dans-la-vallee-du-jourdain\/\",\"name\":\"Journ\u00e9e de la terre 2019: r\u00e9affirmer notre droit dans la vall\u00e9e du Jourdain - Jordan Valley Solidarity FR\",\"isPartOf\":{\"@id\":\"http:\/\/jordanvalleysolidarity.org\/fr\/#website\"},\"primaryImageOfPage\":{\"@id\":\"https:\/\/jordanvalleysolidarity.org\/fr\/actualite\/journee-de-la-terre-2019-reaffirmer-notre-droit-dans-la-vallee-du-jourdain\/#primaryimage\"},\"image\":{\"@id\":\"https:\/\/jordanvalleysolidarity.org\/fr\/actualite\/journee-de-la-terre-2019-reaffirmer-notre-droit-dans-la-vallee-du-jourdain\/#primaryimage\"},\"thumbnailUrl\":\"https:\/\/jordanvalleysolidarity.org\/fr\/wp-content\/uploads\/sites\/2\/2020\/04\/1-4.png\",\"datePublished\":\"2020-04-21T08:11:49+00:00\",\"dateModified\":\"2020-04-21T08:11:51+00:00\",\"author\":{\"@id\":\"http:\/\/jordanvalleysolidarity.org\/fr\/#\/schema\/person\/b1d4ab48930477ea8ddea5dfcfd6fc25\"},\"breadcrumb\":{\"@id\":\"https:\/\/jordanvalleysolidarity.org\/fr\/actualite\/journee-de-la-terre-2019-reaffirmer-notre-droit-dans-la-vallee-du-jourdain\/#breadcrumb\"},\"inLanguage\":\"fr-FR\",\"potentialAction\":[{\"@type\":\"ReadAction\",\"target\":[\"https:\/\/jordanvalleysolidarity.org\/fr\/actualite\/journee-de-la-terre-2019-reaffirmer-notre-droit-dans-la-vallee-du-jourdain\/\"]}]},{\"@type\":\"ImageObject\",\"inLanguage\":\"fr-FR\",\"@id\":\"https:\/\/jordanvalleysolidarity.org\/fr\/actualite\/journee-de-la-terre-2019-reaffirmer-notre-droit-dans-la-vallee-du-jourdain\/#primaryimage\",\"url\":\"https:\/\/jordanvalleysolidarity.org\/fr\/wp-content\/uploads\/sites\/2\/2020\/04\/1-4.png\",\"contentUrl\":\"https:\/\/jordanvalleysolidarity.org\/fr\/wp-content\/uploads\/sites\/2\/2020\/04\/1-4.png\",\"width\":1000,\"height\":667},{\"@type\":\"BreadcrumbList\",\"@id\":\"https:\/\/jordanvalleysolidarity.org\/fr\/actualite\/journee-de-la-terre-2019-reaffirmer-notre-droit-dans-la-vallee-du-jourdain\/#breadcrumb\",\"itemListElement\":[{\"@type\":\"ListItem\",\"position\":1,\"name\":\"Home\",\"item\":\"http:\/\/jordanvalleysolidarity.org\/fr\/\"},{\"@type\":\"ListItem\",\"position\":2,\"name\":\"Journ\u00e9e de la terre 2019: r\u00e9affirmer notre droit dans la vall\u00e9e du Jourdain\"}]},{\"@type\":\"WebSite\",\"@id\":\"http:\/\/jordanvalleysolidarity.org\/fr\/#website\",\"url\":\"http:\/\/jordanvalleysolidarity.org\/fr\/\",\"name\":\"Jordan Valley Solidarity FR\",\"description\":\"Just another Jordan Valley Solidarity Test Sites site\",\"potentialAction\":[{\"@type\":\"SearchAction\",\"target\":{\"@type\":\"EntryPoint\",\"urlTemplate\":\"http:\/\/jordanvalleysolidarity.org\/fr\/?s={search_term_string}\"},\"query-input\":\"required name=search_term_string\"}],\"inLanguage\":\"fr-FR\"},{\"@type\":\"Person\",\"@id\":\"http:\/\/jordanvalleysolidarity.org\/fr\/#\/schema\/person\/b1d4ab48930477ea8ddea5dfcfd6fc25\",\"name\":\"linafr\",\"image\":{\"@type\":\"ImageObject\",\"inLanguage\":\"fr-FR\",\"@id\":\"http:\/\/jordanvalleysolidarity.org\/fr\/#\/schema\/person\/image\/\",\"url\":\"https:\/\/secure.gravatar.com\/avatar\/03fdb700e2a59970782a4632148d30ef?s=96&d=mm&r=g\",\"contentUrl\":\"https:\/\/secure.gravatar.com\/avatar\/03fdb700e2a59970782a4632148d30ef?s=96&d=mm&r=g\",\"caption\":\"linafr\"},\"url\":\"https:\/\/jordanvalleysolidarity.org\/fr\/author\/linafr\/\"}]}<\/script>\n<!-- \/ Yoast SEO plugin. -->","yoast_head_json":{"title":"Journ\u00e9e de la terre 2019: r\u00e9affirmer notre droit dans la vall\u00e9e du Jourdain - Jordan Valley Solidarity FR","robots":{"index":"index","follow":"follow","max-snippet":"max-snippet:-1","max-image-preview":"max-image-preview:large","max-video-preview":"max-video-preview:-1"},"canonical":"https:\/\/jordanvalleysolidarity.org\/fr\/actualite\/journee-de-la-terre-2019-reaffirmer-notre-droit-dans-la-vallee-du-jourdain\/","og_locale":"fr_FR","og_type":"article","og_title":"Journ\u00e9e de la terre 2019: r\u00e9affirmer notre droit dans la vall\u00e9e du Jourdain - Jordan Valley Solidarity FR","og_description":"Vendredi dernier, nous avonsre\u00e7u un groupe de jeunes amoureux de la nature du camp de r\u00e9fugi\u00e9s situ\u00e9 dans la ville [&hellip;]","og_url":"https:\/\/jordanvalleysolidarity.org\/fr\/actualite\/journee-de-la-terre-2019-reaffirmer-notre-droit-dans-la-vallee-du-jourdain\/","og_site_name":"Jordan Valley Solidarity FR","article_published_time":"2020-04-21T08:11:49+00:00","article_modified_time":"2020-04-21T08:11:51+00:00","og_image":[{"width":1000,"height":667,"url":"https:\/\/jordanvalleysolidarity.org\/fr\/wp-content\/uploads\/sites\/2\/2020\/04\/1-4.png","type":"image\/png"}],"author":"linafr","twitter_card":"summary_large_image","twitter_misc":{"\u00c9crit par":"linafr","Dur\u00e9e de lecture estim\u00e9e":"4 minutes"},"schema":{"@context":"https:\/\/schema.org","@graph":[{"@type":"WebPage","@id":"https:\/\/jordanvalleysolidarity.org\/fr\/actualite\/journee-de-la-terre-2019-reaffirmer-notre-droit-dans-la-vallee-du-jourdain\/","url":"https:\/\/jordanvalleysolidarity.org\/fr\/actualite\/journee-de-la-terre-2019-reaffirmer-notre-droit-dans-la-vallee-du-jourdain\/","name":"Journ\u00e9e de la terre 2019: r\u00e9affirmer notre droit dans la vall\u00e9e du Jourdain - Jordan Valley Solidarity FR","isPartOf":{"@id":"http:\/\/jordanvalleysolidarity.org\/fr\/#website"},"primaryImageOfPage":{"@id":"https:\/\/jordanvalleysolidarity.org\/fr\/actualite\/journee-de-la-terre-2019-reaffirmer-notre-droit-dans-la-vallee-du-jourdain\/#primaryimage"},"image":{"@id":"https:\/\/jordanvalleysolidarity.org\/fr\/actualite\/journee-de-la-terre-2019-reaffirmer-notre-droit-dans-la-vallee-du-jourdain\/#primaryimage"},"thumbnailUrl":"https:\/\/jordanvalleysolidarity.org\/fr\/wp-content\/uploads\/sites\/2\/2020\/04\/1-4.png","datePublished":"2020-04-21T08:11:49+00:00","dateModified":"2020-04-21T08:11:51+00:00","author":{"@id":"http:\/\/jordanvalleysolidarity.org\/fr\/#\/schema\/person\/b1d4ab48930477ea8ddea5dfcfd6fc25"},"breadcrumb":{"@id":"https:\/\/jordanvalleysolidarity.org\/fr\/actualite\/journee-de-la-terre-2019-reaffirmer-notre-droit-dans-la-vallee-du-jourdain\/#breadcrumb"},"inLanguage":"fr-FR","potentialAction":[{"@type":"ReadAction","target":["https:\/\/jordanvalleysolidarity.org\/fr\/actualite\/journee-de-la-terre-2019-reaffirmer-notre-droit-dans-la-vallee-du-jourdain\/"]}]},{"@type":"ImageObject","inLanguage":"fr-FR","@id":"https:\/\/jordanvalleysolidarity.org\/fr\/actualite\/journee-de-la-terre-2019-reaffirmer-notre-droit-dans-la-vallee-du-jourdain\/#primaryimage","url":"https:\/\/jordanvalleysolidarity.org\/fr\/wp-content\/uploads\/sites\/2\/2020\/04\/1-4.png","contentUrl":"https:\/\/jordanvalleysolidarity.org\/fr\/wp-content\/uploads\/sites\/2\/2020\/04\/1-4.png","width":1000,"height":667},{"@type":"BreadcrumbList","@id":"https:\/\/jordanvalleysolidarity.org\/fr\/actualite\/journee-de-la-terre-2019-reaffirmer-notre-droit-dans-la-vallee-du-jourdain\/#breadcrumb","itemListElement":[{"@type":"ListItem","position":1,"name":"Home","item":"http:\/\/jordanvalleysolidarity.org\/fr\/"},{"@type":"ListItem","position":2,"name":"Journ\u00e9e de la terre 2019: r\u00e9affirmer notre droit dans la vall\u00e9e du Jourdain"}]},{"@type":"WebSite","@id":"http:\/\/jordanvalleysolidarity.org\/fr\/#website","url":"http:\/\/jordanvalleysolidarity.org\/fr\/","name":"Jordan Valley Solidarity FR","description":"Just another Jordan Valley Solidarity Test Sites site","potentialAction":[{"@type":"SearchAction","target":{"@type":"EntryPoint","urlTemplate":"http:\/\/jordanvalleysolidarity.org\/fr\/?s={search_term_string}"},"query-input":"required name=search_term_string"}],"inLanguage":"fr-FR"},{"@type":"Person","@id":"http:\/\/jordanvalleysolidarity.org\/fr\/#\/schema\/person\/b1d4ab48930477ea8ddea5dfcfd6fc25","name":"linafr","image":{"@type":"ImageObject","inLanguage":"fr-FR","@id":"http:\/\/jordanvalleysolidarity.org\/fr\/#\/schema\/person\/image\/","url":"https:\/\/secure.gravatar.com\/avatar\/03fdb700e2a59970782a4632148d30ef?s=96&d=mm&r=g","contentUrl":"https:\/\/secure.gravatar.com\/avatar\/03fdb700e2a59970782a4632148d30ef?s=96&d=mm&r=g","caption":"linafr"},"url":"https:\/\/jordanvalleysolidarity.org\/fr\/author\/linafr\/"}]}},"_links":{"self":[{"href":"https:\/\/jordanvalleysolidarity.org\/fr\/wp-json\/wp\/v2\/posts\/2907"}],"collection":[{"href":"https:\/\/jordanvalleysolidarity.org\/fr\/wp-json\/wp\/v2\/posts"}],"about":[{"href":"https:\/\/jordanvalleysolidarity.org\/fr\/wp-json\/wp\/v2\/types\/post"}],"author":[{"embeddable":true,"href":"https:\/\/jordanvalleysolidarity.org\/fr\/wp-json\/wp\/v2\/users\/31"}],"replies":[{"embeddable":true,"href":"https:\/\/jordanvalleysolidarity.org\/fr\/wp-json\/wp\/v2\/comments?post=2907"}],"version-history":[{"count":3,"href":"https:\/\/jordanvalleysolidarity.org\/fr\/wp-json\/wp\/v2\/posts\/2907\/revisions"}],"predecessor-version":[{"id":2921,"href":"https:\/\/jordanvalleysolidarity.org\/fr\/wp-json\/wp\/v2\/posts\/2907\/revisions\/2921"}],"wp:featuredmedia":[{"embeddable":true,"href":"https:\/\/jordanvalleysolidarity.org\/fr\/wp-json\/wp\/v2\/media\/2918"}],"wp:attachment":[{"href":"https:\/\/jordanvalleysolidarity.org\/fr\/wp-json\/wp\/v2\/media?parent=2907"}],"wp:term":[{"taxonomy":"category","embeddable":true,"href":"https:\/\/jordanvalleysolidarity.org\/fr\/wp-json\/wp\/v2\/categories?post=2907"},{"taxonomy":"post_tag","embeddable":true,"href":"https:\/\/jordanvalleysolidarity.org\/fr\/wp-json\/wp\/v2\/tags?post=2907"}],"curies":[{"name":"wp","href":"https:\/\/api.w.org\/{rel}","templated":true}]}}