{"id":2892,"date":"2020-04-18T11:29:27","date_gmt":"2020-04-18T10:29:27","guid":{"rendered":"http:\/\/jordanvalleysolidarity.org\/fr\/?p=2892"},"modified":"2020-04-18T11:29:29","modified_gmt":"2020-04-18T10:29:29","slug":"le-nettoyage-ethnique-de-la-palestine-se-poursuit-a-fasayil-al-wusta","status":"publish","type":"post","link":"https:\/\/jordanvalleysolidarity.org\/fr\/actualite\/le-nettoyage-ethnique-de-la-palestine-se-poursuit-a-fasayil-al-wusta\/","title":{"rendered":"Le nettoyage ethnique de la Palestine se poursuit \u00e0 Fasayil al Wusta"},"content":{"rendered":"\n<figure class=\"wp-block-image size-large\"><img loading=\"lazy\" decoding=\"async\" width=\"1024\" height=\"768\" src=\"http:\/\/jordanvalleysolidarity.org\/fr\/wp-content\/uploads\/sites\/2\/2020\/04\/1-15.jpg\" alt=\"\" class=\"wp-image-2893\" srcset=\"https:\/\/jordanvalleysolidarity.org\/fr\/wp-content\/uploads\/sites\/2\/2020\/04\/1-15.jpg 1024w, https:\/\/jordanvalleysolidarity.org\/fr\/wp-content\/uploads\/sites\/2\/2020\/04\/1-15-300x225.jpg 300w, https:\/\/jordanvalleysolidarity.org\/fr\/wp-content\/uploads\/sites\/2\/2020\/04\/1-15-768x576.jpg 768w, https:\/\/jordanvalleysolidarity.org\/fr\/wp-content\/uploads\/sites\/2\/2020\/04\/1-15-640x480.jpg 640w\" sizes=\"(max-width: 1024px) 100vw, 1024px\" \/><\/figure>\n\n\n\n<p>\nLe\nnettoyage ethnique de la Palestine se poursuit. Dunum par dunum,\nvillage par village, maison par maison, le peuple palestinien fait\nface \u00e0 un g\u00e9nocide lent et syst\u00e9matique dans sa patrie.&nbsp;Dimanche\nmatin, deux maisons ont \u00e9t\u00e9 d\u00e9molies dans le sud de la vall\u00e9e du\nJourdain, dans le village de Fasayil.&nbsp;Le gouvernement isra\u00e9lien\nn&rsquo;a pas \u00e9mis d&rsquo;avertissement.&nbsp;Le village de 1 300 habitants\nfait face \u00e0 des agressions isra\u00e9liennes sur leurs terres depuis le\nd\u00e9but des ann\u00e9es 70, avec la construction de deux colonies de\nchaque c\u00f4t\u00e9, et une immense terre agricole devant eux, le tout \u00e0\nmoins d&rsquo;un kilom\u00e8tre.<\/p>\n\n\n\n<p>\nMais\nc&rsquo;est en 2010 que les Isra\u00e9liens sont venus et ont pratiquement\nd\u00e9truit tout le village de Fasayil al Wusta.&nbsp;Depuis lors, les\nhabitants ont reconstruit le village.<\/p>\n\n\n\n<p>\nHassan\nMohammed Hussein A\u00b4Zayed a construit une maison pour son fils, qui\nsouffre de d\u00e9ficiences mentales et est sensible au temps\nchaud.&nbsp;\u00ab\u00a0Cette maison m&rsquo;a co\u00fbt\u00e9 15 000 shekels \u00e0\nconstruire, non seulement \u00e0 cause des mat\u00e9riaux de construction,\nmais \u00e0 cause de la climatisation (unit\u00e9)\u00a0\u00bb, a-t-il d\u00e9clar\u00e9.&nbsp;La\nmaison n&rsquo;a dur\u00e9 qu&rsquo;un an avant d&rsquo;\u00eatre ras\u00e9e au bulldozer dimanche,\nl&rsquo;unit\u00e9 AC avec elle<\/p>\n\n\n\n<figure class=\"wp-block-image size-large\"><img loading=\"lazy\" decoding=\"async\" width=\"1024\" height=\"806\" src=\"http:\/\/jordanvalleysolidarity.org\/fr\/wp-content\/uploads\/sites\/2\/2020\/04\/2-13.jpg\" alt=\"\" class=\"wp-image-2894\" srcset=\"https:\/\/jordanvalleysolidarity.org\/fr\/wp-content\/uploads\/sites\/2\/2020\/04\/2-13.jpg 1024w, https:\/\/jordanvalleysolidarity.org\/fr\/wp-content\/uploads\/sites\/2\/2020\/04\/2-13-300x236.jpg 300w, https:\/\/jordanvalleysolidarity.org\/fr\/wp-content\/uploads\/sites\/2\/2020\/04\/2-13-768x605.jpg 768w\" sizes=\"(max-width: 1024px) 100vw, 1024px\" \/><\/figure>\n\n\n\n<p>\nA\nquelques m\u00e8tres devant la maison nouvellement d\u00e9truite, on peut\nvoir au moins trois autres tas de gravats qui abritaient autrefois\ndes logements, tous appartenant \u00e0 Hassan.&nbsp;C&rsquo;\u00e9tait la septi\u00e8me\nfois qu&rsquo;une de ses maisons \u00e9tait d\u00e9molie.&nbsp;\u00abIls continuent de\nles d\u00e9truire.&nbsp;Parfois avec avertissement, parfois non.&nbsp;C&rsquo;est\nune politique al\u00e9atoire.&nbsp;Il n&rsquo;y a aucun moyen de savoir ce\nqu&rsquo;ils vont faire. \u00bb&nbsp;Hassan a 8 enfants.<\/p>\n\n\n\n<p>\nAeman\nRashaeda, p\u00e8re de quatre enfants, dont la femme enseigne \u00e0 l&rsquo;\u00e9cole\nvoisine, a \u00e9t\u00e9 le suivant \u00e0 perdre sa maison, dans la m\u00eame rue\nque Hassan.&nbsp;Lorsque les Isra\u00e9liens se sont approch\u00e9s de lui,\nils lui ont dit qu&rsquo;il \u00e9tait interdit de construire et qu&rsquo;il vivait\ndans une zone de tir militaire ferm\u00e9e.<\/p>\n\n\n\n<figure class=\"wp-block-image size-large\"><img loading=\"lazy\" decoding=\"async\" width=\"1024\" height=\"768\" src=\"http:\/\/jordanvalleysolidarity.org\/fr\/wp-content\/uploads\/sites\/2\/2020\/04\/3-9.jpg\" alt=\"\" class=\"wp-image-2895\" srcset=\"https:\/\/jordanvalleysolidarity.org\/fr\/wp-content\/uploads\/sites\/2\/2020\/04\/3-9.jpg 1024w, https:\/\/jordanvalleysolidarity.org\/fr\/wp-content\/uploads\/sites\/2\/2020\/04\/3-9-300x225.jpg 300w, https:\/\/jordanvalleysolidarity.org\/fr\/wp-content\/uploads\/sites\/2\/2020\/04\/3-9-768x576.jpg 768w, https:\/\/jordanvalleysolidarity.org\/fr\/wp-content\/uploads\/sites\/2\/2020\/04\/3-9-640x480.jpg 640w\" sizes=\"(max-width: 1024px) 100vw, 1024px\" \/><\/figure>\n\n\n\n<p>\nLorsque\nla destruction compl\u00e8te du village a eu lieu il y a 8 ans, 10\nfamilles ont imm\u00e9diatement fui.&nbsp;C&rsquo;est un village qui ne re\u00e7oit\nque 1 500 litres d&rsquo;eau pour chaque m\u00e9nage par semaine;&nbsp;qui ne\npeut jamais obtenir de permis d&rsquo;exploitation ou de construction;&nbsp;qui\nne peut pas creuser bien au-del\u00e0 de 150 m\u00e8tres, impos\u00e9 par la loi\nd&rsquo;occupation isra\u00e9lienne.<\/p>\n\n\n\n<p>\nAvant\nl&rsquo;invasion de la Cisjordanie en 1967, ce village partageait l&rsquo;eau\nd&rsquo;une source naturelle \u00e0 4 kilom\u00e8tres d&rsquo;une montagne\nvoisine.&nbsp;Depuis lors, il est entour\u00e9 de 3 puits isra\u00e9liens &#8211;\nl&rsquo;eau maintenant privatis\u00e9e &#8211; contr\u00f4l\u00e9s pour l&rsquo;usage des\ncolons.&nbsp;60% de la vall\u00e9e du Jourdain a \u00e9t\u00e9 ferm\u00e9e par\nl\u2019occupation isra\u00e9lienne pour \u00abzone de tir militaire et zone (s)\nde s\u00e9curit\u00e9\u00bb, mais il est bien connu depuis des ann\u00e9es qu\u2019elle\na \u00e9t\u00e9 utilis\u00e9e pour l\u2019agro-industrie.&nbsp;Choisissez n&rsquo;importe\nquelle caract\u00e9ristique de l&rsquo;occupation militaire de la Cisjordanie\npalestinienne, et vous trouverez une politique de vol, de racisme, de\ng\u00e9nocide.<\/p>\n<!-- AddThis Advanced Settings generic via filter on the_content --><!-- AddThis Share Buttons generic via filter on the_content -->","protected":false},"excerpt":{"rendered":"<p>Le nettoyage ethnique de la Palestine se poursuit. Dunum par dunum, village par village, maison par maison, le peuple palestinien [&hellip;]<!-- AddThis Advanced Settings generic via filter on get_the_excerpt --><!-- AddThis Share Buttons generic via filter on get_the_excerpt --><\/p>\n","protected":false},"author":31,"featured_media":2893,"comment_status":"closed","ping_status":"closed","sticky":false,"template":"","format":"standard","meta":{"footnotes":""},"categories":[18],"tags":[],"yoast_head":"<!-- This site is optimized with the Yoast SEO plugin v22.8 - https:\/\/yoast.com\/wordpress\/plugins\/seo\/ -->\n<title>Le nettoyage ethnique de la Palestine se poursuit \u00e0 Fasayil al Wusta - Jordan Valley Solidarity FR<\/title>\n<meta name=\"robots\" content=\"index, follow, max-snippet:-1, max-image-preview:large, max-video-preview:-1\" \/>\n<link rel=\"canonical\" href=\"https:\/\/jordanvalleysolidarity.org\/fr\/actualite\/le-nettoyage-ethnique-de-la-palestine-se-poursuit-a-fasayil-al-wusta\/\" \/>\n<meta property=\"og:locale\" content=\"fr_FR\" \/>\n<meta property=\"og:type\" content=\"article\" \/>\n<meta property=\"og:title\" content=\"Le nettoyage ethnique de la Palestine se poursuit \u00e0 Fasayil al Wusta - Jordan Valley Solidarity FR\" \/>\n<meta property=\"og:description\" content=\"Le nettoyage ethnique de la Palestine se poursuit. Dunum par dunum, village par village, maison par maison, le peuple palestinien [&hellip;]\" \/>\n<meta property=\"og:url\" content=\"https:\/\/jordanvalleysolidarity.org\/fr\/actualite\/le-nettoyage-ethnique-de-la-palestine-se-poursuit-a-fasayil-al-wusta\/\" \/>\n<meta property=\"og:site_name\" content=\"Jordan Valley Solidarity FR\" \/>\n<meta property=\"article:published_time\" content=\"2020-04-18T10:29:27+00:00\" \/>\n<meta property=\"article:modified_time\" content=\"2020-04-18T10:29:29+00:00\" \/>\n<meta property=\"og:image\" content=\"https:\/\/jordanvalleysolidarity.org\/fr\/wp-content\/uploads\/sites\/2\/2020\/04\/1-15.jpg\" \/>\n\t<meta property=\"og:image:width\" content=\"1024\" \/>\n\t<meta property=\"og:image:height\" content=\"768\" \/>\n\t<meta property=\"og:image:type\" content=\"image\/jpeg\" \/>\n<meta name=\"author\" content=\"linafr\" \/>\n<meta name=\"twitter:card\" content=\"summary_large_image\" \/>\n<meta name=\"twitter:label1\" content=\"\u00c9crit par\" \/>\n\t<meta name=\"twitter:data1\" content=\"linafr\" \/>\n\t<meta name=\"twitter:label2\" content=\"Dur\u00e9e de lecture estim\u00e9e\" \/>\n\t<meta name=\"twitter:data2\" content=\"3 minutes\" \/>\n<script type=\"application\/ld+json\" class=\"yoast-schema-graph\">{\"@context\":\"https:\/\/schema.org\",\"@graph\":[{\"@type\":\"WebPage\",\"@id\":\"https:\/\/jordanvalleysolidarity.org\/fr\/actualite\/le-nettoyage-ethnique-de-la-palestine-se-poursuit-a-fasayil-al-wusta\/\",\"url\":\"https:\/\/jordanvalleysolidarity.org\/fr\/actualite\/le-nettoyage-ethnique-de-la-palestine-se-poursuit-a-fasayil-al-wusta\/\",\"name\":\"Le nettoyage ethnique de la Palestine se poursuit \u00e0 Fasayil al Wusta - Jordan Valley Solidarity FR\",\"isPartOf\":{\"@id\":\"http:\/\/jordanvalleysolidarity.org\/fr\/#website\"},\"primaryImageOfPage\":{\"@id\":\"https:\/\/jordanvalleysolidarity.org\/fr\/actualite\/le-nettoyage-ethnique-de-la-palestine-se-poursuit-a-fasayil-al-wusta\/#primaryimage\"},\"image\":{\"@id\":\"https:\/\/jordanvalleysolidarity.org\/fr\/actualite\/le-nettoyage-ethnique-de-la-palestine-se-poursuit-a-fasayil-al-wusta\/#primaryimage\"},\"thumbnailUrl\":\"https:\/\/jordanvalleysolidarity.org\/fr\/wp-content\/uploads\/sites\/2\/2020\/04\/1-15.jpg\",\"datePublished\":\"2020-04-18T10:29:27+00:00\",\"dateModified\":\"2020-04-18T10:29:29+00:00\",\"author\":{\"@id\":\"http:\/\/jordanvalleysolidarity.org\/fr\/#\/schema\/person\/b1d4ab48930477ea8ddea5dfcfd6fc25\"},\"breadcrumb\":{\"@id\":\"https:\/\/jordanvalleysolidarity.org\/fr\/actualite\/le-nettoyage-ethnique-de-la-palestine-se-poursuit-a-fasayil-al-wusta\/#breadcrumb\"},\"inLanguage\":\"fr-FR\",\"potentialAction\":[{\"@type\":\"ReadAction\",\"target\":[\"https:\/\/jordanvalleysolidarity.org\/fr\/actualite\/le-nettoyage-ethnique-de-la-palestine-se-poursuit-a-fasayil-al-wusta\/\"]}]},{\"@type\":\"ImageObject\",\"inLanguage\":\"fr-FR\",\"@id\":\"https:\/\/jordanvalleysolidarity.org\/fr\/actualite\/le-nettoyage-ethnique-de-la-palestine-se-poursuit-a-fasayil-al-wusta\/#primaryimage\",\"url\":\"https:\/\/jordanvalleysolidarity.org\/fr\/wp-content\/uploads\/sites\/2\/2020\/04\/1-15.jpg\",\"contentUrl\":\"https:\/\/jordanvalleysolidarity.org\/fr\/wp-content\/uploads\/sites\/2\/2020\/04\/1-15.jpg\",\"width\":1024,\"height\":768},{\"@type\":\"BreadcrumbList\",\"@id\":\"https:\/\/jordanvalleysolidarity.org\/fr\/actualite\/le-nettoyage-ethnique-de-la-palestine-se-poursuit-a-fasayil-al-wusta\/#breadcrumb\",\"itemListElement\":[{\"@type\":\"ListItem\",\"position\":1,\"name\":\"Home\",\"item\":\"http:\/\/jordanvalleysolidarity.org\/fr\/\"},{\"@type\":\"ListItem\",\"position\":2,\"name\":\"Le nettoyage ethnique de la Palestine se poursuit \u00e0 Fasayil al Wusta\"}]},{\"@type\":\"WebSite\",\"@id\":\"http:\/\/jordanvalleysolidarity.org\/fr\/#website\",\"url\":\"http:\/\/jordanvalleysolidarity.org\/fr\/\",\"name\":\"Jordan Valley Solidarity FR\",\"description\":\"Just another Jordan Valley Solidarity Test Sites site\",\"potentialAction\":[{\"@type\":\"SearchAction\",\"target\":{\"@type\":\"EntryPoint\",\"urlTemplate\":\"http:\/\/jordanvalleysolidarity.org\/fr\/?s={search_term_string}\"},\"query-input\":\"required name=search_term_string\"}],\"inLanguage\":\"fr-FR\"},{\"@type\":\"Person\",\"@id\":\"http:\/\/jordanvalleysolidarity.org\/fr\/#\/schema\/person\/b1d4ab48930477ea8ddea5dfcfd6fc25\",\"name\":\"linafr\",\"image\":{\"@type\":\"ImageObject\",\"inLanguage\":\"fr-FR\",\"@id\":\"http:\/\/jordanvalleysolidarity.org\/fr\/#\/schema\/person\/image\/\",\"url\":\"https:\/\/secure.gravatar.com\/avatar\/03fdb700e2a59970782a4632148d30ef?s=96&d=mm&r=g\",\"contentUrl\":\"https:\/\/secure.gravatar.com\/avatar\/03fdb700e2a59970782a4632148d30ef?s=96&d=mm&r=g\",\"caption\":\"linafr\"},\"url\":\"https:\/\/jordanvalleysolidarity.org\/fr\/author\/linafr\/\"}]}<\/script>\n<!-- \/ Yoast SEO plugin. -->","yoast_head_json":{"title":"Le nettoyage ethnique de la Palestine se poursuit \u00e0 Fasayil al Wusta - Jordan Valley Solidarity FR","robots":{"index":"index","follow":"follow","max-snippet":"max-snippet:-1","max-image-preview":"max-image-preview:large","max-video-preview":"max-video-preview:-1"},"canonical":"https:\/\/jordanvalleysolidarity.org\/fr\/actualite\/le-nettoyage-ethnique-de-la-palestine-se-poursuit-a-fasayil-al-wusta\/","og_locale":"fr_FR","og_type":"article","og_title":"Le nettoyage ethnique de la Palestine se poursuit \u00e0 Fasayil al Wusta - Jordan Valley Solidarity FR","og_description":"Le nettoyage ethnique de la Palestine se poursuit. Dunum par dunum, village par village, maison par maison, le peuple palestinien [&hellip;]","og_url":"https:\/\/jordanvalleysolidarity.org\/fr\/actualite\/le-nettoyage-ethnique-de-la-palestine-se-poursuit-a-fasayil-al-wusta\/","og_site_name":"Jordan Valley Solidarity FR","article_published_time":"2020-04-18T10:29:27+00:00","article_modified_time":"2020-04-18T10:29:29+00:00","og_image":[{"width":1024,"height":768,"url":"https:\/\/jordanvalleysolidarity.org\/fr\/wp-content\/uploads\/sites\/2\/2020\/04\/1-15.jpg","type":"image\/jpeg"}],"author":"linafr","twitter_card":"summary_large_image","twitter_misc":{"\u00c9crit par":"linafr","Dur\u00e9e de lecture estim\u00e9e":"3 minutes"},"schema":{"@context":"https:\/\/schema.org","@graph":[{"@type":"WebPage","@id":"https:\/\/jordanvalleysolidarity.org\/fr\/actualite\/le-nettoyage-ethnique-de-la-palestine-se-poursuit-a-fasayil-al-wusta\/","url":"https:\/\/jordanvalleysolidarity.org\/fr\/actualite\/le-nettoyage-ethnique-de-la-palestine-se-poursuit-a-fasayil-al-wusta\/","name":"Le nettoyage ethnique de la Palestine se poursuit \u00e0 Fasayil al Wusta - Jordan Valley Solidarity FR","isPartOf":{"@id":"http:\/\/jordanvalleysolidarity.org\/fr\/#website"},"primaryImageOfPage":{"@id":"https:\/\/jordanvalleysolidarity.org\/fr\/actualite\/le-nettoyage-ethnique-de-la-palestine-se-poursuit-a-fasayil-al-wusta\/#primaryimage"},"image":{"@id":"https:\/\/jordanvalleysolidarity.org\/fr\/actualite\/le-nettoyage-ethnique-de-la-palestine-se-poursuit-a-fasayil-al-wusta\/#primaryimage"},"thumbnailUrl":"https:\/\/jordanvalleysolidarity.org\/fr\/wp-content\/uploads\/sites\/2\/2020\/04\/1-15.jpg","datePublished":"2020-04-18T10:29:27+00:00","dateModified":"2020-04-18T10:29:29+00:00","author":{"@id":"http:\/\/jordanvalleysolidarity.org\/fr\/#\/schema\/person\/b1d4ab48930477ea8ddea5dfcfd6fc25"},"breadcrumb":{"@id":"https:\/\/jordanvalleysolidarity.org\/fr\/actualite\/le-nettoyage-ethnique-de-la-palestine-se-poursuit-a-fasayil-al-wusta\/#breadcrumb"},"inLanguage":"fr-FR","potentialAction":[{"@type":"ReadAction","target":["https:\/\/jordanvalleysolidarity.org\/fr\/actualite\/le-nettoyage-ethnique-de-la-palestine-se-poursuit-a-fasayil-al-wusta\/"]}]},{"@type":"ImageObject","inLanguage":"fr-FR","@id":"https:\/\/jordanvalleysolidarity.org\/fr\/actualite\/le-nettoyage-ethnique-de-la-palestine-se-poursuit-a-fasayil-al-wusta\/#primaryimage","url":"https:\/\/jordanvalleysolidarity.org\/fr\/wp-content\/uploads\/sites\/2\/2020\/04\/1-15.jpg","contentUrl":"https:\/\/jordanvalleysolidarity.org\/fr\/wp-content\/uploads\/sites\/2\/2020\/04\/1-15.jpg","width":1024,"height":768},{"@type":"BreadcrumbList","@id":"https:\/\/jordanvalleysolidarity.org\/fr\/actualite\/le-nettoyage-ethnique-de-la-palestine-se-poursuit-a-fasayil-al-wusta\/#breadcrumb","itemListElement":[{"@type":"ListItem","position":1,"name":"Home","item":"http:\/\/jordanvalleysolidarity.org\/fr\/"},{"@type":"ListItem","position":2,"name":"Le nettoyage ethnique de la Palestine se poursuit \u00e0 Fasayil al Wusta"}]},{"@type":"WebSite","@id":"http:\/\/jordanvalleysolidarity.org\/fr\/#website","url":"http:\/\/jordanvalleysolidarity.org\/fr\/","name":"Jordan Valley Solidarity FR","description":"Just another Jordan Valley Solidarity Test Sites site","potentialAction":[{"@type":"SearchAction","target":{"@type":"EntryPoint","urlTemplate":"http:\/\/jordanvalleysolidarity.org\/fr\/?s={search_term_string}"},"query-input":"required name=search_term_string"}],"inLanguage":"fr-FR"},{"@type":"Person","@id":"http:\/\/jordanvalleysolidarity.org\/fr\/#\/schema\/person\/b1d4ab48930477ea8ddea5dfcfd6fc25","name":"linafr","image":{"@type":"ImageObject","inLanguage":"fr-FR","@id":"http:\/\/jordanvalleysolidarity.org\/fr\/#\/schema\/person\/image\/","url":"https:\/\/secure.gravatar.com\/avatar\/03fdb700e2a59970782a4632148d30ef?s=96&d=mm&r=g","contentUrl":"https:\/\/secure.gravatar.com\/avatar\/03fdb700e2a59970782a4632148d30ef?s=96&d=mm&r=g","caption":"linafr"},"url":"https:\/\/jordanvalleysolidarity.org\/fr\/author\/linafr\/"}]}},"_links":{"self":[{"href":"https:\/\/jordanvalleysolidarity.org\/fr\/wp-json\/wp\/v2\/posts\/2892"}],"collection":[{"href":"https:\/\/jordanvalleysolidarity.org\/fr\/wp-json\/wp\/v2\/posts"}],"about":[{"href":"https:\/\/jordanvalleysolidarity.org\/fr\/wp-json\/wp\/v2\/types\/post"}],"author":[{"embeddable":true,"href":"https:\/\/jordanvalleysolidarity.org\/fr\/wp-json\/wp\/v2\/users\/31"}],"replies":[{"embeddable":true,"href":"https:\/\/jordanvalleysolidarity.org\/fr\/wp-json\/wp\/v2\/comments?post=2892"}],"version-history":[{"count":1,"href":"https:\/\/jordanvalleysolidarity.org\/fr\/wp-json\/wp\/v2\/posts\/2892\/revisions"}],"predecessor-version":[{"id":2896,"href":"https:\/\/jordanvalleysolidarity.org\/fr\/wp-json\/wp\/v2\/posts\/2892\/revisions\/2896"}],"wp:featuredmedia":[{"embeddable":true,"href":"https:\/\/jordanvalleysolidarity.org\/fr\/wp-json\/wp\/v2\/media\/2893"}],"wp:attachment":[{"href":"https:\/\/jordanvalleysolidarity.org\/fr\/wp-json\/wp\/v2\/media?parent=2892"}],"wp:term":[{"taxonomy":"category","embeddable":true,"href":"https:\/\/jordanvalleysolidarity.org\/fr\/wp-json\/wp\/v2\/categories?post=2892"},{"taxonomy":"post_tag","embeddable":true,"href":"https:\/\/jordanvalleysolidarity.org\/fr\/wp-json\/wp\/v2\/tags?post=2892"}],"curies":[{"name":"wp","href":"https:\/\/api.w.org\/{rel}","templated":true}]}}