{"id":2781,"date":"2020-04-04T18:33:02","date_gmt":"2020-04-04T17:33:02","guid":{"rendered":"http:\/\/jordanvalleysolidarity.org\/fr\/?p=2781"},"modified":"2020-04-04T18:33:04","modified_gmt":"2020-04-04T17:33:04","slug":"arrestations-et-harcelement-a-fasayil","status":"publish","type":"post","link":"https:\/\/jordanvalleysolidarity.org\/fr\/actualite\/arrestations-et-harcelement-a-fasayil\/","title":{"rendered":"Arrestations et harc\u00e8lement \u00e0 Fasayil"},"content":{"rendered":"\n<div class=\"wp-block-media-text alignwide\"><figure class=\"wp-block-media-text__media\"><img loading=\"lazy\" decoding=\"async\" width=\"360\" height=\"640\" src=\"http:\/\/jordanvalleysolidarity.org\/fr\/wp-content\/uploads\/sites\/2\/2020\/04\/porte-de-Jameel-1-1.jpg\" alt=\"\" class=\"wp-image-2783\" srcset=\"https:\/\/jordanvalleysolidarity.org\/fr\/wp-content\/uploads\/sites\/2\/2020\/04\/porte-de-Jameel-1-1.jpg 360w, https:\/\/jordanvalleysolidarity.org\/fr\/wp-content\/uploads\/sites\/2\/2020\/04\/porte-de-Jameel-1-1-169x300.jpg 169w\" sizes=\"(max-width: 360px) 100vw, 360px\" \/><\/figure><div class=\"wp-block-media-text__content\">\n<p class=\"has-normal-font-size\"> Dans les premi\u00e8res heures du jeudi 19&nbsp;Octobre la maison de la famille Abu Jameel a \u00e9t\u00e9 perquisitionn\u00e9e par l&rsquo;arm\u00e9e isra\u00e9lienne.&nbsp;\u00c0 1 heure du matin, quatre jeeps militaires sont arriv\u00e9es dans la partie sup\u00e9rieure de Fasayil et une vingtaine de soldats arm\u00e9s isra\u00e9liens sont entr\u00e9s au domicile d&rsquo;Abu Jameel.&nbsp;La famille de neuf personnes a \u00e9t\u00e9 forc\u00e9e de sortir pendant que leur maison de trois pi\u00e8ces et leurs effets personnels \u00e9taient fouill\u00e9s.&nbsp;Les soldats n&rsquo;ont montr\u00e9 aucun document ni aucune preuve qu&rsquo;ils avaient un mandat de perquisition. <\/p>\n<\/div><\/div>\n\n\n\n<p>Au bout d&rsquo;une heure et demie, les forces d&rsquo;occupation avaient ravag\u00e9 de la nourriture dans la cuisine, vol\u00e9 deux kilos de produits agricoles (valeur de 200 NIS) et vol\u00e9 les six t\u00e9l\u00e9phones portables (valeur de 4000 NIS) dont disposait la famille.&nbsp;Ils ont ensuite kidnapp\u00e9 le fils de Jameel, \u00e2g\u00e9 de 22 ans, et l&rsquo;ont d\u00e9tenu dans la base militaire de Salem en attendant une audience en justice.&nbsp;Avec un autre jeune homme du village, Ishteyan, 25 ans, il est accus\u00e9 d&rsquo;avoir p\u00e9n\u00e9tr\u00e9 par effraction dans la colonie ill\u00e9gale de Tomar et d&rsquo;avoir vol\u00e9 des produits agricoles.<\/p>\n\n\n\n<p> R\u00e9cemment, un autre jeune homme a \u00e9t\u00e9 arr\u00eat\u00e9 et accus\u00e9 de la m\u00eame effraction. Il a \u00e9t\u00e9 lib\u00e9r\u00e9 plusieurs jours apr\u00e8s avoir \u00e9t\u00e9 faussement accus\u00e9.&nbsp;La famille d&rsquo;Abu Jameel n&rsquo;a pas assez d&rsquo;argent pour payer un avocat pour son fils.&nbsp;Jordan Valley Solidarity et International Solidarity Movement parviendront \u00e0 soutenir le processus judiciaire.<\/p>\n\n\n\n<p>Au total, 95% des terres de la vall\u00e9e du Jourdain sont interdites aux Palestiniens: 50% sont contr\u00f4l\u00e9es par les colonies ill\u00e9gales d&rsquo;Isra\u00ebl, et les 45% restants sont des bases militaires, des \u00abzones militaires ferm\u00e9es\u00bb et des \u00abr\u00e9serves naturelles\u00bb (zones contr\u00f4l\u00e9es par l&rsquo;occupation, auquel les Palestiniens se voient refuser l&rsquo;acc\u00e8s).&nbsp;Cette matrice d&rsquo;oppression \u00e9touffe la vie palestinienne dans la vall\u00e9e et \u00e9touffe les formes traditionnelles d&rsquo;agriculture de subsistance et de p\u00e2turage par les B\u00e9douins \u00e0 travers l&rsquo;histoire.<\/p>\n<!-- AddThis Advanced Settings generic via filter on the_content --><!-- AddThis Share Buttons generic via filter on the_content -->","protected":false},"excerpt":{"rendered":"<p>Dans les premi\u00e8res heures du jeudi 19&nbsp;Octobre la maison de la famille Abu Jameel a \u00e9t\u00e9 perquisitionn\u00e9e par l&rsquo;arm\u00e9e isra\u00e9lienne.&nbsp;\u00c0 [&hellip;]<!-- AddThis Advanced Settings generic via filter on get_the_excerpt --><!-- AddThis Share Buttons generic via filter on get_the_excerpt --><\/p>\n","protected":false},"author":31,"featured_media":2782,"comment_status":"closed","ping_status":"closed","sticky":false,"template":"","format":"standard","meta":{"footnotes":""},"categories":[18],"tags":[],"yoast_head":"<!-- This site is optimized with the Yoast SEO plugin v22.8 - https:\/\/yoast.com\/wordpress\/plugins\/seo\/ -->\n<title>Arrestations et harc\u00e8lement \u00e0 Fasayil - Jordan Valley Solidarity FR<\/title>\n<meta name=\"robots\" content=\"index, follow, max-snippet:-1, max-image-preview:large, max-video-preview:-1\" \/>\n<link rel=\"canonical\" href=\"https:\/\/jordanvalleysolidarity.org\/fr\/actualite\/arrestations-et-harcelement-a-fasayil\/\" \/>\n<meta property=\"og:locale\" content=\"fr_FR\" \/>\n<meta property=\"og:type\" content=\"article\" \/>\n<meta property=\"og:title\" content=\"Arrestations et harc\u00e8lement \u00e0 Fasayil - Jordan Valley Solidarity FR\" \/>\n<meta property=\"og:description\" content=\"Dans les premi\u00e8res heures du jeudi 19&nbsp;Octobre la maison de la famille Abu Jameel a \u00e9t\u00e9 perquisitionn\u00e9e par l&rsquo;arm\u00e9e isra\u00e9lienne.&nbsp;\u00c0 [&hellip;]\" \/>\n<meta property=\"og:url\" content=\"https:\/\/jordanvalleysolidarity.org\/fr\/actualite\/arrestations-et-harcelement-a-fasayil\/\" \/>\n<meta property=\"og:site_name\" content=\"Jordan Valley Solidarity FR\" \/>\n<meta property=\"article:published_time\" content=\"2020-04-04T17:33:02+00:00\" \/>\n<meta property=\"article:modified_time\" content=\"2020-04-04T17:33:04+00:00\" \/>\n<meta property=\"og:image\" content=\"https:\/\/jordanvalleysolidarity.org\/fr\/wp-content\/uploads\/sites\/2\/2020\/04\/porte-de-Jameel-1.jpg\" \/>\n\t<meta property=\"og:image:width\" content=\"640\" \/>\n\t<meta property=\"og:image:height\" content=\"360\" \/>\n\t<meta property=\"og:image:type\" content=\"image\/jpeg\" \/>\n<meta name=\"author\" content=\"linafr\" \/>\n<meta name=\"twitter:card\" content=\"summary_large_image\" \/>\n<meta name=\"twitter:label1\" content=\"\u00c9crit par\" \/>\n\t<meta name=\"twitter:data1\" content=\"linafr\" \/>\n\t<meta name=\"twitter:label2\" content=\"Dur\u00e9e de lecture estim\u00e9e\" \/>\n\t<meta name=\"twitter:data2\" content=\"2 minutes\" \/>\n<script type=\"application\/ld+json\" class=\"yoast-schema-graph\">{\"@context\":\"https:\/\/schema.org\",\"@graph\":[{\"@type\":\"WebPage\",\"@id\":\"https:\/\/jordanvalleysolidarity.org\/fr\/actualite\/arrestations-et-harcelement-a-fasayil\/\",\"url\":\"https:\/\/jordanvalleysolidarity.org\/fr\/actualite\/arrestations-et-harcelement-a-fasayil\/\",\"name\":\"Arrestations et harc\u00e8lement \u00e0 Fasayil - Jordan Valley Solidarity FR\",\"isPartOf\":{\"@id\":\"http:\/\/jordanvalleysolidarity.org\/fr\/#website\"},\"primaryImageOfPage\":{\"@id\":\"https:\/\/jordanvalleysolidarity.org\/fr\/actualite\/arrestations-et-harcelement-a-fasayil\/#primaryimage\"},\"image\":{\"@id\":\"https:\/\/jordanvalleysolidarity.org\/fr\/actualite\/arrestations-et-harcelement-a-fasayil\/#primaryimage\"},\"thumbnailUrl\":\"https:\/\/jordanvalleysolidarity.org\/fr\/wp-content\/uploads\/sites\/2\/2020\/04\/porte-de-Jameel-1.jpg\",\"datePublished\":\"2020-04-04T17:33:02+00:00\",\"dateModified\":\"2020-04-04T17:33:04+00:00\",\"author\":{\"@id\":\"http:\/\/jordanvalleysolidarity.org\/fr\/#\/schema\/person\/b1d4ab48930477ea8ddea5dfcfd6fc25\"},\"breadcrumb\":{\"@id\":\"https:\/\/jordanvalleysolidarity.org\/fr\/actualite\/arrestations-et-harcelement-a-fasayil\/#breadcrumb\"},\"inLanguage\":\"fr-FR\",\"potentialAction\":[{\"@type\":\"ReadAction\",\"target\":[\"https:\/\/jordanvalleysolidarity.org\/fr\/actualite\/arrestations-et-harcelement-a-fasayil\/\"]}]},{\"@type\":\"ImageObject\",\"inLanguage\":\"fr-FR\",\"@id\":\"https:\/\/jordanvalleysolidarity.org\/fr\/actualite\/arrestations-et-harcelement-a-fasayil\/#primaryimage\",\"url\":\"https:\/\/jordanvalleysolidarity.org\/fr\/wp-content\/uploads\/sites\/2\/2020\/04\/porte-de-Jameel-1.jpg\",\"contentUrl\":\"https:\/\/jordanvalleysolidarity.org\/fr\/wp-content\/uploads\/sites\/2\/2020\/04\/porte-de-Jameel-1.jpg\",\"width\":640,\"height\":360},{\"@type\":\"BreadcrumbList\",\"@id\":\"https:\/\/jordanvalleysolidarity.org\/fr\/actualite\/arrestations-et-harcelement-a-fasayil\/#breadcrumb\",\"itemListElement\":[{\"@type\":\"ListItem\",\"position\":1,\"name\":\"Home\",\"item\":\"http:\/\/jordanvalleysolidarity.org\/fr\/\"},{\"@type\":\"ListItem\",\"position\":2,\"name\":\"Arrestations et harc\u00e8lement \u00e0 Fasayil\"}]},{\"@type\":\"WebSite\",\"@id\":\"http:\/\/jordanvalleysolidarity.org\/fr\/#website\",\"url\":\"http:\/\/jordanvalleysolidarity.org\/fr\/\",\"name\":\"Jordan Valley Solidarity FR\",\"description\":\"Just another Jordan Valley Solidarity Test Sites site\",\"potentialAction\":[{\"@type\":\"SearchAction\",\"target\":{\"@type\":\"EntryPoint\",\"urlTemplate\":\"http:\/\/jordanvalleysolidarity.org\/fr\/?s={search_term_string}\"},\"query-input\":\"required name=search_term_string\"}],\"inLanguage\":\"fr-FR\"},{\"@type\":\"Person\",\"@id\":\"http:\/\/jordanvalleysolidarity.org\/fr\/#\/schema\/person\/b1d4ab48930477ea8ddea5dfcfd6fc25\",\"name\":\"linafr\",\"image\":{\"@type\":\"ImageObject\",\"inLanguage\":\"fr-FR\",\"@id\":\"http:\/\/jordanvalleysolidarity.org\/fr\/#\/schema\/person\/image\/\",\"url\":\"https:\/\/secure.gravatar.com\/avatar\/03fdb700e2a59970782a4632148d30ef?s=96&d=mm&r=g\",\"contentUrl\":\"https:\/\/secure.gravatar.com\/avatar\/03fdb700e2a59970782a4632148d30ef?s=96&d=mm&r=g\",\"caption\":\"linafr\"},\"url\":\"https:\/\/jordanvalleysolidarity.org\/fr\/author\/linafr\/\"}]}<\/script>\n<!-- \/ Yoast SEO plugin. -->","yoast_head_json":{"title":"Arrestations et harc\u00e8lement \u00e0 Fasayil - Jordan Valley Solidarity FR","robots":{"index":"index","follow":"follow","max-snippet":"max-snippet:-1","max-image-preview":"max-image-preview:large","max-video-preview":"max-video-preview:-1"},"canonical":"https:\/\/jordanvalleysolidarity.org\/fr\/actualite\/arrestations-et-harcelement-a-fasayil\/","og_locale":"fr_FR","og_type":"article","og_title":"Arrestations et harc\u00e8lement \u00e0 Fasayil - Jordan Valley Solidarity FR","og_description":"Dans les premi\u00e8res heures du jeudi 19&nbsp;Octobre la maison de la famille Abu Jameel a \u00e9t\u00e9 perquisitionn\u00e9e par l&rsquo;arm\u00e9e isra\u00e9lienne.&nbsp;\u00c0 [&hellip;]","og_url":"https:\/\/jordanvalleysolidarity.org\/fr\/actualite\/arrestations-et-harcelement-a-fasayil\/","og_site_name":"Jordan Valley Solidarity FR","article_published_time":"2020-04-04T17:33:02+00:00","article_modified_time":"2020-04-04T17:33:04+00:00","og_image":[{"width":640,"height":360,"url":"https:\/\/jordanvalleysolidarity.org\/fr\/wp-content\/uploads\/sites\/2\/2020\/04\/porte-de-Jameel-1.jpg","type":"image\/jpeg"}],"author":"linafr","twitter_card":"summary_large_image","twitter_misc":{"\u00c9crit par":"linafr","Dur\u00e9e de lecture estim\u00e9e":"2 minutes"},"schema":{"@context":"https:\/\/schema.org","@graph":[{"@type":"WebPage","@id":"https:\/\/jordanvalleysolidarity.org\/fr\/actualite\/arrestations-et-harcelement-a-fasayil\/","url":"https:\/\/jordanvalleysolidarity.org\/fr\/actualite\/arrestations-et-harcelement-a-fasayil\/","name":"Arrestations et harc\u00e8lement \u00e0 Fasayil - Jordan Valley Solidarity FR","isPartOf":{"@id":"http:\/\/jordanvalleysolidarity.org\/fr\/#website"},"primaryImageOfPage":{"@id":"https:\/\/jordanvalleysolidarity.org\/fr\/actualite\/arrestations-et-harcelement-a-fasayil\/#primaryimage"},"image":{"@id":"https:\/\/jordanvalleysolidarity.org\/fr\/actualite\/arrestations-et-harcelement-a-fasayil\/#primaryimage"},"thumbnailUrl":"https:\/\/jordanvalleysolidarity.org\/fr\/wp-content\/uploads\/sites\/2\/2020\/04\/porte-de-Jameel-1.jpg","datePublished":"2020-04-04T17:33:02+00:00","dateModified":"2020-04-04T17:33:04+00:00","author":{"@id":"http:\/\/jordanvalleysolidarity.org\/fr\/#\/schema\/person\/b1d4ab48930477ea8ddea5dfcfd6fc25"},"breadcrumb":{"@id":"https:\/\/jordanvalleysolidarity.org\/fr\/actualite\/arrestations-et-harcelement-a-fasayil\/#breadcrumb"},"inLanguage":"fr-FR","potentialAction":[{"@type":"ReadAction","target":["https:\/\/jordanvalleysolidarity.org\/fr\/actualite\/arrestations-et-harcelement-a-fasayil\/"]}]},{"@type":"ImageObject","inLanguage":"fr-FR","@id":"https:\/\/jordanvalleysolidarity.org\/fr\/actualite\/arrestations-et-harcelement-a-fasayil\/#primaryimage","url":"https:\/\/jordanvalleysolidarity.org\/fr\/wp-content\/uploads\/sites\/2\/2020\/04\/porte-de-Jameel-1.jpg","contentUrl":"https:\/\/jordanvalleysolidarity.org\/fr\/wp-content\/uploads\/sites\/2\/2020\/04\/porte-de-Jameel-1.jpg","width":640,"height":360},{"@type":"BreadcrumbList","@id":"https:\/\/jordanvalleysolidarity.org\/fr\/actualite\/arrestations-et-harcelement-a-fasayil\/#breadcrumb","itemListElement":[{"@type":"ListItem","position":1,"name":"Home","item":"http:\/\/jordanvalleysolidarity.org\/fr\/"},{"@type":"ListItem","position":2,"name":"Arrestations et harc\u00e8lement \u00e0 Fasayil"}]},{"@type":"WebSite","@id":"http:\/\/jordanvalleysolidarity.org\/fr\/#website","url":"http:\/\/jordanvalleysolidarity.org\/fr\/","name":"Jordan Valley Solidarity FR","description":"Just another Jordan Valley Solidarity Test Sites site","potentialAction":[{"@type":"SearchAction","target":{"@type":"EntryPoint","urlTemplate":"http:\/\/jordanvalleysolidarity.org\/fr\/?s={search_term_string}"},"query-input":"required name=search_term_string"}],"inLanguage":"fr-FR"},{"@type":"Person","@id":"http:\/\/jordanvalleysolidarity.org\/fr\/#\/schema\/person\/b1d4ab48930477ea8ddea5dfcfd6fc25","name":"linafr","image":{"@type":"ImageObject","inLanguage":"fr-FR","@id":"http:\/\/jordanvalleysolidarity.org\/fr\/#\/schema\/person\/image\/","url":"https:\/\/secure.gravatar.com\/avatar\/03fdb700e2a59970782a4632148d30ef?s=96&d=mm&r=g","contentUrl":"https:\/\/secure.gravatar.com\/avatar\/03fdb700e2a59970782a4632148d30ef?s=96&d=mm&r=g","caption":"linafr"},"url":"https:\/\/jordanvalleysolidarity.org\/fr\/author\/linafr\/"}]}},"_links":{"self":[{"href":"https:\/\/jordanvalleysolidarity.org\/fr\/wp-json\/wp\/v2\/posts\/2781"}],"collection":[{"href":"https:\/\/jordanvalleysolidarity.org\/fr\/wp-json\/wp\/v2\/posts"}],"about":[{"href":"https:\/\/jordanvalleysolidarity.org\/fr\/wp-json\/wp\/v2\/types\/post"}],"author":[{"embeddable":true,"href":"https:\/\/jordanvalleysolidarity.org\/fr\/wp-json\/wp\/v2\/users\/31"}],"replies":[{"embeddable":true,"href":"https:\/\/jordanvalleysolidarity.org\/fr\/wp-json\/wp\/v2\/comments?post=2781"}],"version-history":[{"count":1,"href":"https:\/\/jordanvalleysolidarity.org\/fr\/wp-json\/wp\/v2\/posts\/2781\/revisions"}],"predecessor-version":[{"id":2784,"href":"https:\/\/jordanvalleysolidarity.org\/fr\/wp-json\/wp\/v2\/posts\/2781\/revisions\/2784"}],"wp:featuredmedia":[{"embeddable":true,"href":"https:\/\/jordanvalleysolidarity.org\/fr\/wp-json\/wp\/v2\/media\/2782"}],"wp:attachment":[{"href":"https:\/\/jordanvalleysolidarity.org\/fr\/wp-json\/wp\/v2\/media?parent=2781"}],"wp:term":[{"taxonomy":"category","embeddable":true,"href":"https:\/\/jordanvalleysolidarity.org\/fr\/wp-json\/wp\/v2\/categories?post=2781"},{"taxonomy":"post_tag","embeddable":true,"href":"https:\/\/jordanvalleysolidarity.org\/fr\/wp-json\/wp\/v2\/tags?post=2781"}],"curies":[{"name":"wp","href":"https:\/\/api.w.org\/{rel}","templated":true}]}}