{"id":2747,"date":"2017-01-18T20:47:32","date_gmt":"2017-01-18T20:47:32","guid":{"rendered":"http:\/\/jordanvalleysolidarity.org\/fr\/?p=2747"},"modified":"2017-01-18T20:47:32","modified_gmt":"2017-01-18T20:47:32","slug":"israel-a-confisque-un-camion-et-deux-tracteurs","status":"publish","type":"post","link":"https:\/\/jordanvalleysolidarity.org\/fr\/actualite\/israel-a-confisque-un-camion-et-deux-tracteurs\/","title":{"rendered":"Israel a confisqu\u00e9 un camion et deux tracteurs"},"content":{"rendered":"<p>Des\u00a0 soldats israeliens ont confisqu\u00e9 un camion et deux tracteurs dans la vall\u00e9e du Joudain ce lundi janvier 2016 au matin.<\/p>\n<p>Le propietaire du camion, Hussein Ibrahim Massaid, venait d&rsquo;arriver chez un ami pour boire le th\u00e9 a Khirbet Yarsa une commune appartenant a la ville de Tubas dans la zone C. Les soldats ont immediatement demand\u00e9 a lui parler des leur arriv\u00e9e et lui ont pris sa carte d&rsquo;identite ainsi que son permis de conduire en lui confiquant son vehicule.<\/p>\n<p>D&rsquo;apres Massaid, le camiona \u00e9t\u00e9 confisqu\u00e9 car il n&rsquo;etait pas autoris\u00e9 a l&rsquo;amener a Khirbeit Yarsa. Ils ont \u00e9galement ordonn\u00e9 aux autorit\u00e9s de d\u00e9truire les canalisations d&rsquo;eau.<\/p>\n<p>Ce meme matin, les israeliens ont donn\u00e9 l&rsquo;ordre de d\u00e9truire l&rsquo;abri des moutons situ\u00e9 pres du village de Khirbet Ibziq apr\u00e8s avoir confisqu\u00e9 les deux tracteurs, nous rapporte Moukhless Massaid.<\/p>\n<!-- AddThis Advanced Settings generic via filter on the_content --><!-- AddThis Share Buttons generic via filter on the_content -->","protected":false},"excerpt":{"rendered":"<p>Des\u00a0 soldats israeliens ont confisqu\u00e9 un camion et deux tracteurs dans la vall\u00e9e du Joudain ce lundi janvier 2016 au [&hellip;]<!-- AddThis Advanced Settings generic via filter on get_the_excerpt --><!-- AddThis Share Buttons generic via filter on get_the_excerpt --><\/p>\n","protected":false},"author":2,"featured_media":0,"comment_status":"closed","ping_status":"closed","sticky":false,"template":"","format":"standard","meta":{"footnotes":""},"categories":[18],"tags":[],"yoast_head":"<!-- This site is optimized with the Yoast SEO plugin v22.8 - https:\/\/yoast.com\/wordpress\/plugins\/seo\/ -->\n<title>Israel a confisqu\u00e9 un camion et deux tracteurs - Jordan Valley Solidarity FR<\/title>\n<meta name=\"robots\" content=\"index, follow, max-snippet:-1, max-image-preview:large, max-video-preview:-1\" \/>\n<link rel=\"canonical\" href=\"https:\/\/jordanvalleysolidarity.org\/fr\/actualite\/israel-a-confisque-un-camion-et-deux-tracteurs\/\" \/>\n<meta property=\"og:locale\" content=\"fr_FR\" \/>\n<meta property=\"og:type\" content=\"article\" \/>\n<meta property=\"og:title\" content=\"Israel a confisqu\u00e9 un camion et deux tracteurs - Jordan Valley Solidarity FR\" \/>\n<meta property=\"og:description\" content=\"Des\u00a0 soldats israeliens ont confisqu\u00e9 un camion et deux tracteurs dans la vall\u00e9e du Joudain ce lundi janvier 2016 au [&hellip;]\" \/>\n<meta property=\"og:url\" content=\"https:\/\/jordanvalleysolidarity.org\/fr\/actualite\/israel-a-confisque-un-camion-et-deux-tracteurs\/\" \/>\n<meta property=\"og:site_name\" content=\"Jordan Valley Solidarity FR\" \/>\n<meta property=\"article:published_time\" content=\"2017-01-18T20:47:32+00:00\" \/>\n<meta name=\"author\" content=\"sarah\" \/>\n<meta name=\"twitter:card\" content=\"summary_large_image\" \/>\n<meta name=\"twitter:label1\" content=\"\u00c9crit par\" \/>\n\t<meta name=\"twitter:data1\" content=\"sarah\" \/>\n\t<meta name=\"twitter:label2\" content=\"Dur\u00e9e de lecture estim\u00e9e\" \/>\n\t<meta name=\"twitter:data2\" content=\"1 minute\" \/>\n<script type=\"application\/ld+json\" class=\"yoast-schema-graph\">{\"@context\":\"https:\/\/schema.org\",\"@graph\":[{\"@type\":\"WebPage\",\"@id\":\"https:\/\/jordanvalleysolidarity.org\/fr\/actualite\/israel-a-confisque-un-camion-et-deux-tracteurs\/\",\"url\":\"https:\/\/jordanvalleysolidarity.org\/fr\/actualite\/israel-a-confisque-un-camion-et-deux-tracteurs\/\",\"name\":\"Israel a confisqu\u00e9 un camion et deux tracteurs - Jordan Valley Solidarity FR\",\"isPartOf\":{\"@id\":\"http:\/\/jordanvalleysolidarity.org\/fr\/#website\"},\"datePublished\":\"2017-01-18T20:47:32+00:00\",\"dateModified\":\"2017-01-18T20:47:32+00:00\",\"author\":{\"@id\":\"http:\/\/jordanvalleysolidarity.org\/fr\/#\/schema\/person\/e0b230b8a7dc6a99677375540d05ff27\"},\"breadcrumb\":{\"@id\":\"https:\/\/jordanvalleysolidarity.org\/fr\/actualite\/israel-a-confisque-un-camion-et-deux-tracteurs\/#breadcrumb\"},\"inLanguage\":\"fr-FR\",\"potentialAction\":[{\"@type\":\"ReadAction\",\"target\":[\"https:\/\/jordanvalleysolidarity.org\/fr\/actualite\/israel-a-confisque-un-camion-et-deux-tracteurs\/\"]}]},{\"@type\":\"BreadcrumbList\",\"@id\":\"https:\/\/jordanvalleysolidarity.org\/fr\/actualite\/israel-a-confisque-un-camion-et-deux-tracteurs\/#breadcrumb\",\"itemListElement\":[{\"@type\":\"ListItem\",\"position\":1,\"name\":\"Home\",\"item\":\"http:\/\/jordanvalleysolidarity.org\/fr\/\"},{\"@type\":\"ListItem\",\"position\":2,\"name\":\"Israel a confisqu\u00e9 un camion et deux tracteurs\"}]},{\"@type\":\"WebSite\",\"@id\":\"http:\/\/jordanvalleysolidarity.org\/fr\/#website\",\"url\":\"http:\/\/jordanvalleysolidarity.org\/fr\/\",\"name\":\"Jordan Valley Solidarity FR\",\"description\":\"Just another Jordan Valley Solidarity Test Sites site\",\"potentialAction\":[{\"@type\":\"SearchAction\",\"target\":{\"@type\":\"EntryPoint\",\"urlTemplate\":\"http:\/\/jordanvalleysolidarity.org\/fr\/?s={search_term_string}\"},\"query-input\":\"required name=search_term_string\"}],\"inLanguage\":\"fr-FR\"},{\"@type\":\"Person\",\"@id\":\"http:\/\/jordanvalleysolidarity.org\/fr\/#\/schema\/person\/e0b230b8a7dc6a99677375540d05ff27\",\"name\":\"sarah\",\"image\":{\"@type\":\"ImageObject\",\"inLanguage\":\"fr-FR\",\"@id\":\"http:\/\/jordanvalleysolidarity.org\/fr\/#\/schema\/person\/image\/\",\"url\":\"https:\/\/secure.gravatar.com\/avatar\/e4da0fe6074adee8cca69a37485b62bc?s=96&d=mm&r=g\",\"contentUrl\":\"https:\/\/secure.gravatar.com\/avatar\/e4da0fe6074adee8cca69a37485b62bc?s=96&d=mm&r=g\",\"caption\":\"sarah\"},\"url\":\"https:\/\/jordanvalleysolidarity.org\/fr\/author\/sarah\/\"}]}<\/script>\n<!-- \/ Yoast SEO plugin. -->","yoast_head_json":{"title":"Israel a confisqu\u00e9 un camion et deux tracteurs - Jordan Valley Solidarity FR","robots":{"index":"index","follow":"follow","max-snippet":"max-snippet:-1","max-image-preview":"max-image-preview:large","max-video-preview":"max-video-preview:-1"},"canonical":"https:\/\/jordanvalleysolidarity.org\/fr\/actualite\/israel-a-confisque-un-camion-et-deux-tracteurs\/","og_locale":"fr_FR","og_type":"article","og_title":"Israel a confisqu\u00e9 un camion et deux tracteurs - Jordan Valley Solidarity FR","og_description":"Des\u00a0 soldats israeliens ont confisqu\u00e9 un camion et deux tracteurs dans la vall\u00e9e du Joudain ce lundi janvier 2016 au [&hellip;]","og_url":"https:\/\/jordanvalleysolidarity.org\/fr\/actualite\/israel-a-confisque-un-camion-et-deux-tracteurs\/","og_site_name":"Jordan Valley Solidarity FR","article_published_time":"2017-01-18T20:47:32+00:00","author":"sarah","twitter_card":"summary_large_image","twitter_misc":{"\u00c9crit par":"sarah","Dur\u00e9e de lecture estim\u00e9e":"1 minute"},"schema":{"@context":"https:\/\/schema.org","@graph":[{"@type":"WebPage","@id":"https:\/\/jordanvalleysolidarity.org\/fr\/actualite\/israel-a-confisque-un-camion-et-deux-tracteurs\/","url":"https:\/\/jordanvalleysolidarity.org\/fr\/actualite\/israel-a-confisque-un-camion-et-deux-tracteurs\/","name":"Israel a confisqu\u00e9 un camion et deux tracteurs - Jordan Valley Solidarity FR","isPartOf":{"@id":"http:\/\/jordanvalleysolidarity.org\/fr\/#website"},"datePublished":"2017-01-18T20:47:32+00:00","dateModified":"2017-01-18T20:47:32+00:00","author":{"@id":"http:\/\/jordanvalleysolidarity.org\/fr\/#\/schema\/person\/e0b230b8a7dc6a99677375540d05ff27"},"breadcrumb":{"@id":"https:\/\/jordanvalleysolidarity.org\/fr\/actualite\/israel-a-confisque-un-camion-et-deux-tracteurs\/#breadcrumb"},"inLanguage":"fr-FR","potentialAction":[{"@type":"ReadAction","target":["https:\/\/jordanvalleysolidarity.org\/fr\/actualite\/israel-a-confisque-un-camion-et-deux-tracteurs\/"]}]},{"@type":"BreadcrumbList","@id":"https:\/\/jordanvalleysolidarity.org\/fr\/actualite\/israel-a-confisque-un-camion-et-deux-tracteurs\/#breadcrumb","itemListElement":[{"@type":"ListItem","position":1,"name":"Home","item":"http:\/\/jordanvalleysolidarity.org\/fr\/"},{"@type":"ListItem","position":2,"name":"Israel a confisqu\u00e9 un camion et deux tracteurs"}]},{"@type":"WebSite","@id":"http:\/\/jordanvalleysolidarity.org\/fr\/#website","url":"http:\/\/jordanvalleysolidarity.org\/fr\/","name":"Jordan Valley Solidarity FR","description":"Just another Jordan Valley Solidarity Test Sites site","potentialAction":[{"@type":"SearchAction","target":{"@type":"EntryPoint","urlTemplate":"http:\/\/jordanvalleysolidarity.org\/fr\/?s={search_term_string}"},"query-input":"required name=search_term_string"}],"inLanguage":"fr-FR"},{"@type":"Person","@id":"http:\/\/jordanvalleysolidarity.org\/fr\/#\/schema\/person\/e0b230b8a7dc6a99677375540d05ff27","name":"sarah","image":{"@type":"ImageObject","inLanguage":"fr-FR","@id":"http:\/\/jordanvalleysolidarity.org\/fr\/#\/schema\/person\/image\/","url":"https:\/\/secure.gravatar.com\/avatar\/e4da0fe6074adee8cca69a37485b62bc?s=96&d=mm&r=g","contentUrl":"https:\/\/secure.gravatar.com\/avatar\/e4da0fe6074adee8cca69a37485b62bc?s=96&d=mm&r=g","caption":"sarah"},"url":"https:\/\/jordanvalleysolidarity.org\/fr\/author\/sarah\/"}]}},"_links":{"self":[{"href":"https:\/\/jordanvalleysolidarity.org\/fr\/wp-json\/wp\/v2\/posts\/2747"}],"collection":[{"href":"https:\/\/jordanvalleysolidarity.org\/fr\/wp-json\/wp\/v2\/posts"}],"about":[{"href":"https:\/\/jordanvalleysolidarity.org\/fr\/wp-json\/wp\/v2\/types\/post"}],"author":[{"embeddable":true,"href":"https:\/\/jordanvalleysolidarity.org\/fr\/wp-json\/wp\/v2\/users\/2"}],"replies":[{"embeddable":true,"href":"https:\/\/jordanvalleysolidarity.org\/fr\/wp-json\/wp\/v2\/comments?post=2747"}],"version-history":[{"count":1,"href":"https:\/\/jordanvalleysolidarity.org\/fr\/wp-json\/wp\/v2\/posts\/2747\/revisions"}],"predecessor-version":[{"id":2748,"href":"https:\/\/jordanvalleysolidarity.org\/fr\/wp-json\/wp\/v2\/posts\/2747\/revisions\/2748"}],"wp:attachment":[{"href":"https:\/\/jordanvalleysolidarity.org\/fr\/wp-json\/wp\/v2\/media?parent=2747"}],"wp:term":[{"taxonomy":"category","embeddable":true,"href":"https:\/\/jordanvalleysolidarity.org\/fr\/wp-json\/wp\/v2\/categories?post=2747"},{"taxonomy":"post_tag","embeddable":true,"href":"https:\/\/jordanvalleysolidarity.org\/fr\/wp-json\/wp\/v2\/tags?post=2747"}],"curies":[{"name":"wp","href":"https:\/\/api.w.org\/{rel}","templated":true}]}}