{"id":3494,"date":"2025-01-10T16:11:45","date_gmt":"2025-01-10T16:11:45","guid":{"rendered":"https:\/\/jordanvalleysolidarity.org\/it\/?p=3494"},"modified":"2025-01-15T16:14:32","modified_gmt":"2025-01-15T16:14:32","slug":"il-2025-per-i-palestinesi-della-valle-del-giordano","status":"publish","type":"post","link":"http:\/\/jordanvalleysolidarity.org\/it\/home\/il-2025-per-i-palestinesi-della-valle-del-giordano\/","title":{"rendered":"Il 2025 per i palestinesi della Valle del Giordano"},"content":{"rendered":"\n<p>Per i palestinesi della Valle del Giordano, il 2024 \u00e8 finito come \u00e8 iniziato, con i coloni e le forze di occupazione che lavorano fianco a fianco per perseguitare e attaccare le nostre comunit\u00e0, rubare la nostra terra e cacciarci dalle nostre case.<\/p>\n\n\n\n<p><strong>Hammamat al-Malih<\/strong><\/p>\n\n\n\n<p>I coloni hanno impedito ai contadini dell&#8217;area di Um Malqaba di coltivare i loro terreni. I coloni hanno chiamato l&#8217;esercito di occupazione e i contadini palestinesi sono stati trattenuti per pi\u00f9 di due ore e poi allontanati dall&#8217;area. \u00c8 stato vietato loro di continuare ad arare la terra e sono stati minacciati di vedersi confiscare le attrezzature agricole se avessero tentato di tornare a lavorare i campi.<br><p class=\"MsoNormal\"><strong>Bardala<\/strong><\/p><\/p>\n\n\n\n<p><p class=\"MsoNormal\">Il 23 dicembre coloni armati hanno stabilito un avamposto a ovest del villaggio di Bardala &#8211; vedi rapporto separato.<\/p><\/p>\n\n\n\n<p><p class=\"MsoNormal\"><strong>Tayaseer<\/strong><\/p><\/p>\n\n\n\n<p><p class=\"MsoNormal\">Il 24 dicembre i coloni hanno rubato 25 mucche dal villaggio di Tayaseer, nel Governatorato di Tubas, situato nella Valle del Giordano settentrionale, durante le ore notturne. Le mucche appartenevano al cittadino Jamal Al-A&#8217;idah. Gli attivisti hanno tentato di rintracciare il bestiame, ma non sono stati in grado di determinare dove si trovasse. Questo atto fa parte della politica dei coloni volta a distruggere l&#8217;economia palestinese con il fine di costringere gli abitanti ad andarsene.<\/p><\/p>\n\n\n\n<figure class=\"wp-block-gallery has-nested-images columns-default is-cropped wp-block-gallery-1 is-layout-flex wp-block-gallery-is-layout-flex\">\n<figure class=\"wp-block-image size-large\"><a href=\"https:\/\/jordanvalleysolidarity.org\/it\/wp-content\/uploads\/sites\/4\/2025\/01\/WhatsApp-Image-2024-12-31-at-16.57.16.jpeg\"><img loading=\"lazy\" decoding=\"async\" width=\"1019\" height=\"1024\" data-id=\"3495\" src=\"https:\/\/jordanvalleysolidarity.org\/it\/wp-content\/uploads\/sites\/4\/2025\/01\/WhatsApp-Image-2024-12-31-at-16.57.16.jpeg\" alt=\"\" class=\"wp-image-3495\" srcset=\"http:\/\/jordanvalleysolidarity.org\/it\/wp-content\/uploads\/sites\/4\/2025\/01\/WhatsApp-Image-2024-12-31-at-16.57.16.jpeg 1019w, http:\/\/jordanvalleysolidarity.org\/it\/wp-content\/uploads\/sites\/4\/2025\/01\/WhatsApp-Image-2024-12-31-at-16.57.16-300x300.jpeg 300w, http:\/\/jordanvalleysolidarity.org\/it\/wp-content\/uploads\/sites\/4\/2025\/01\/WhatsApp-Image-2024-12-31-at-16.57.16-150x150.jpeg 150w, http:\/\/jordanvalleysolidarity.org\/it\/wp-content\/uploads\/sites\/4\/2025\/01\/WhatsApp-Image-2024-12-31-at-16.57.16-768x772.jpeg 768w\" sizes=\"(max-width: 1019px) 100vw, 1019px\" \/><\/a><\/figure>\n<\/figure>\n\n\n\n<p><strong>Khirbet Ibziq<\/strong><\/p>\n\n\n\n<p>Il 30 dicembre, la polizia degli insediamenti, insieme a un grosso contingente dell&#8217;esercito di occupazione, ha fatto irruzione nei locali del consiglio del villaggio di Khirbet Ibziq. Hanno confiscato la jeep del presidente, Abdel Majeed Khdairat, insieme al suo cellulare e alla carta d&#8217;identit\u00e0. Allo stesso modo, hanno confiscato il cellulare e la carta d&#8217;identit\u00e0 di Ibrahim Abu Mohsen.<\/p>\n\n\n\n<p><strong>Al-Auja<\/strong><\/p>\n\n\n\n<p>Il Dipartimento delle Antichit\u00e0 della cosiddetta Amministrazione Civile israeliana ha iniziato, pochi giorni prima di Capodanno, a recintare un sito archeologico situato a nord della citt\u00e0 di Al-Auja (Gerico) al fine di prenderne il controllo. Sul sito sono state posizionate telecamere di sorveglianza.<\/p>\n\n\n\n<figure class=\"wp-block-gallery has-nested-images columns-default is-cropped wp-block-gallery-2 is-layout-flex wp-block-gallery-is-layout-flex\">\n<figure class=\"wp-block-image size-large\"><a href=\"https:\/\/jordanvalleysolidarity.org\/it\/wp-content\/uploads\/sites\/4\/2025\/01\/WhatsApp-Image-2024-12-31-at-18.15.38-1536x1152-1.jpeg\"><img loading=\"lazy\" decoding=\"async\" width=\"1024\" height=\"768\" data-id=\"3496\" src=\"https:\/\/jordanvalleysolidarity.org\/it\/wp-content\/uploads\/sites\/4\/2025\/01\/WhatsApp-Image-2024-12-31-at-18.15.38-1536x1152-1-1024x768.jpeg\" alt=\"\" class=\"wp-image-3496\" srcset=\"http:\/\/jordanvalleysolidarity.org\/it\/wp-content\/uploads\/sites\/4\/2025\/01\/WhatsApp-Image-2024-12-31-at-18.15.38-1536x1152-1-1024x768.jpeg 1024w, http:\/\/jordanvalleysolidarity.org\/it\/wp-content\/uploads\/sites\/4\/2025\/01\/WhatsApp-Image-2024-12-31-at-18.15.38-1536x1152-1-300x225.jpeg 300w, http:\/\/jordanvalleysolidarity.org\/it\/wp-content\/uploads\/sites\/4\/2025\/01\/WhatsApp-Image-2024-12-31-at-18.15.38-1536x1152-1-768x576.jpeg 768w, http:\/\/jordanvalleysolidarity.org\/it\/wp-content\/uploads\/sites\/4\/2025\/01\/WhatsApp-Image-2024-12-31-at-18.15.38-1536x1152-1-640x480.jpeg 640w, http:\/\/jordanvalleysolidarity.org\/it\/wp-content\/uploads\/sites\/4\/2025\/01\/WhatsApp-Image-2024-12-31-at-18.15.38-1536x1152-1.jpeg 1536w\" sizes=\"(max-width: 1024px) 100vw, 1024px\" \/><\/a><\/figure>\n<\/figure>\n\n\n\n<p><strong>La nostra lotta continua<\/strong><\/p>\n\n\n\n<p>Continueremo a lavorare insieme per rimanere saldi e restare a vivere sulla nostra terra. Il nostro slogan, Esistere \u00e8 Resistere, non \u00e8 mai stato cos\u00ec reale. Vorremmo ringraziare tutti gli attivisti locali e internazionali che ci hanno sostenuto quest&#8217;anno e daremo il benvenuto a tutti coloro che vorranno lavorare con noi per la libert\u00e0 e la giustizia nel 2025.<\/p>\n\n\n\n<p><br><br><\/p>\n<!-- AddThis Advanced Settings generic via filter on the_content --><!-- AddThis Share Buttons generic via filter on the_content -->","protected":false},"excerpt":{"rendered":"<p>Per i palestinesi della Valle del Giordano, il 2024 \u00e8 finito come \u00e8 iniziato, con i coloni e le forze di occupazione che lavorano fianco a fianco per perseguitare e [&hellip;]<!-- AddThis Advanced Settings generic via filter on get_the_excerpt --><!-- AddThis Share Buttons generic via filter on get_the_excerpt --><\/p>\n","protected":false},"author":30,"featured_media":3496,"comment_status":"closed","ping_status":"closed","sticky":false,"template":"","format":"standard","meta":{"footnotes":""},"categories":[154,155],"tags":[230],"yoast_head":"<!-- This site is optimized with the Yoast SEO plugin v22.8 - https:\/\/yoast.com\/wordpress\/plugins\/seo\/ -->\n<title>Il 2025 per i palestinesi della Valle del Giordano - Jordan Valley Solidarity IT<\/title>\n<meta name=\"robots\" content=\"index, follow, max-snippet:-1, max-image-preview:large, max-video-preview:-1\" \/>\n<link rel=\"canonical\" href=\"http:\/\/jordanvalleysolidarity.org\/it\/home\/il-2025-per-i-palestinesi-della-valle-del-giordano\/\" \/>\n<meta property=\"og:locale\" content=\"it_IT\" \/>\n<meta property=\"og:type\" content=\"article\" \/>\n<meta property=\"og:title\" content=\"Il 2025 per i palestinesi della Valle del Giordano - Jordan Valley Solidarity IT\" \/>\n<meta property=\"og:description\" content=\"Per i palestinesi della Valle del Giordano, il 2024 \u00e8 finito come \u00e8 iniziato, con i coloni e le forze di occupazione che lavorano fianco a fianco per perseguitare e [&hellip;]\" \/>\n<meta property=\"og:url\" content=\"http:\/\/jordanvalleysolidarity.org\/it\/home\/il-2025-per-i-palestinesi-della-valle-del-giordano\/\" \/>\n<meta property=\"og:site_name\" content=\"Jordan Valley Solidarity IT\" \/>\n<meta property=\"article:published_time\" content=\"2025-01-10T16:11:45+00:00\" \/>\n<meta property=\"article:modified_time\" content=\"2025-01-15T16:14:32+00:00\" \/>\n<meta property=\"og:image\" content=\"http:\/\/jordanvalleysolidarity.org\/it\/wp-content\/uploads\/sites\/4\/2025\/01\/WhatsApp-Image-2024-12-31-at-18.15.38-1536x1152-1.jpeg\" \/>\n\t<meta property=\"og:image:width\" content=\"1536\" \/>\n\t<meta property=\"og:image:height\" content=\"1152\" \/>\n\t<meta property=\"og:image:type\" content=\"image\/jpeg\" \/>\n<meta name=\"author\" content=\"maddalena\" \/>\n<meta name=\"twitter:card\" content=\"summary_large_image\" \/>\n<meta name=\"twitter:label1\" content=\"Scritto da\" \/>\n\t<meta name=\"twitter:data1\" content=\"maddalena\" \/>\n\t<meta name=\"twitter:label2\" content=\"Tempo di lettura stimato\" \/>\n\t<meta name=\"twitter:data2\" content=\"3 minuti\" \/>\n<script type=\"application\/ld+json\" class=\"yoast-schema-graph\">{\"@context\":\"https:\/\/schema.org\",\"@graph\":[{\"@type\":\"WebPage\",\"@id\":\"http:\/\/jordanvalleysolidarity.org\/it\/home\/il-2025-per-i-palestinesi-della-valle-del-giordano\/\",\"url\":\"http:\/\/jordanvalleysolidarity.org\/it\/home\/il-2025-per-i-palestinesi-della-valle-del-giordano\/\",\"name\":\"Il 2025 per i palestinesi della Valle del Giordano - Jordan Valley Solidarity IT\",\"isPartOf\":{\"@id\":\"https:\/\/jordanvalleysolidarity.org\/it\/#website\"},\"primaryImageOfPage\":{\"@id\":\"http:\/\/jordanvalleysolidarity.org\/it\/home\/il-2025-per-i-palestinesi-della-valle-del-giordano\/#primaryimage\"},\"image\":{\"@id\":\"http:\/\/jordanvalleysolidarity.org\/it\/home\/il-2025-per-i-palestinesi-della-valle-del-giordano\/#primaryimage\"},\"thumbnailUrl\":\"http:\/\/jordanvalleysolidarity.org\/it\/wp-content\/uploads\/sites\/4\/2025\/01\/WhatsApp-Image-2024-12-31-at-18.15.38-1536x1152-1.jpeg\",\"datePublished\":\"2025-01-10T16:11:45+00:00\",\"dateModified\":\"2025-01-15T16:14:32+00:00\",\"author\":{\"@id\":\"https:\/\/jordanvalleysolidarity.org\/it\/#\/schema\/person\/3dffd0faf487e40953c03e4deda0dfd8\"},\"breadcrumb\":{\"@id\":\"http:\/\/jordanvalleysolidarity.org\/it\/home\/il-2025-per-i-palestinesi-della-valle-del-giordano\/#breadcrumb\"},\"inLanguage\":\"it-IT\",\"potentialAction\":[{\"@type\":\"ReadAction\",\"target\":[\"http:\/\/jordanvalleysolidarity.org\/it\/home\/il-2025-per-i-palestinesi-della-valle-del-giordano\/\"]}]},{\"@type\":\"ImageObject\",\"inLanguage\":\"it-IT\",\"@id\":\"http:\/\/jordanvalleysolidarity.org\/it\/home\/il-2025-per-i-palestinesi-della-valle-del-giordano\/#primaryimage\",\"url\":\"http:\/\/jordanvalleysolidarity.org\/it\/wp-content\/uploads\/sites\/4\/2025\/01\/WhatsApp-Image-2024-12-31-at-18.15.38-1536x1152-1.jpeg\",\"contentUrl\":\"http:\/\/jordanvalleysolidarity.org\/it\/wp-content\/uploads\/sites\/4\/2025\/01\/WhatsApp-Image-2024-12-31-at-18.15.38-1536x1152-1.jpeg\",\"width\":\"1536\",\"height\":\"1152\"},{\"@type\":\"BreadcrumbList\",\"@id\":\"http:\/\/jordanvalleysolidarity.org\/it\/home\/il-2025-per-i-palestinesi-della-valle-del-giordano\/#breadcrumb\",\"itemListElement\":[{\"@type\":\"ListItem\",\"position\":1,\"name\":\"Home\",\"item\":\"https:\/\/jordanvalleysolidarity.org\/it\/\"},{\"@type\":\"ListItem\",\"position\":2,\"name\":\"Il 2025 per i palestinesi della Valle del Giordano\"}]},{\"@type\":\"WebSite\",\"@id\":\"https:\/\/jordanvalleysolidarity.org\/it\/#website\",\"url\":\"https:\/\/jordanvalleysolidarity.org\/it\/\",\"name\":\"Jordan Valley Solidarity IT\",\"description\":\"Just another Jordan Valley Solidarity Test Sites site\",\"potentialAction\":[{\"@type\":\"SearchAction\",\"target\":{\"@type\":\"EntryPoint\",\"urlTemplate\":\"https:\/\/jordanvalleysolidarity.org\/it\/?s={search_term_string}\"},\"query-input\":\"required name=search_term_string\"}],\"inLanguage\":\"it-IT\"},{\"@type\":\"Person\",\"@id\":\"https:\/\/jordanvalleysolidarity.org\/it\/#\/schema\/person\/3dffd0faf487e40953c03e4deda0dfd8\",\"name\":\"maddalena\",\"image\":{\"@type\":\"ImageObject\",\"inLanguage\":\"it-IT\",\"@id\":\"https:\/\/jordanvalleysolidarity.org\/it\/#\/schema\/person\/image\/\",\"url\":\"http:\/\/0.gravatar.com\/avatar\/0f53b36030e970118a9ce277db0e0023?s=96&d=mm&r=g\",\"contentUrl\":\"http:\/\/0.gravatar.com\/avatar\/0f53b36030e970118a9ce277db0e0023?s=96&d=mm&r=g\",\"caption\":\"maddalena\"},\"url\":\"http:\/\/jordanvalleysolidarity.org\/it\/author\/maddalena\/\"}]}<\/script>\n<!-- \/ Yoast SEO plugin. -->","yoast_head_json":{"title":"Il 2025 per i palestinesi della Valle del Giordano - Jordan Valley Solidarity IT","robots":{"index":"index","follow":"follow","max-snippet":"max-snippet:-1","max-image-preview":"max-image-preview:large","max-video-preview":"max-video-preview:-1"},"canonical":"http:\/\/jordanvalleysolidarity.org\/it\/home\/il-2025-per-i-palestinesi-della-valle-del-giordano\/","og_locale":"it_IT","og_type":"article","og_title":"Il 2025 per i palestinesi della Valle del Giordano - Jordan Valley Solidarity IT","og_description":"Per i palestinesi della Valle del Giordano, il 2024 \u00e8 finito come \u00e8 iniziato, con i coloni e le forze di occupazione che lavorano fianco a fianco per perseguitare e [&hellip;]","og_url":"http:\/\/jordanvalleysolidarity.org\/it\/home\/il-2025-per-i-palestinesi-della-valle-del-giordano\/","og_site_name":"Jordan Valley Solidarity IT","article_published_time":"2025-01-10T16:11:45+00:00","article_modified_time":"2025-01-15T16:14:32+00:00","og_image":[{"width":"1536","height":"1152","url":"http:\/\/jordanvalleysolidarity.org\/it\/wp-content\/uploads\/sites\/4\/2025\/01\/WhatsApp-Image-2024-12-31-at-18.15.38-1536x1152-1.jpeg","type":"image\/jpeg"}],"author":"maddalena","twitter_card":"summary_large_image","twitter_misc":{"Scritto da":"maddalena","Tempo di lettura stimato":"3 minuti"},"schema":{"@context":"https:\/\/schema.org","@graph":[{"@type":"WebPage","@id":"http:\/\/jordanvalleysolidarity.org\/it\/home\/il-2025-per-i-palestinesi-della-valle-del-giordano\/","url":"http:\/\/jordanvalleysolidarity.org\/it\/home\/il-2025-per-i-palestinesi-della-valle-del-giordano\/","name":"Il 2025 per i palestinesi della Valle del Giordano - Jordan Valley Solidarity IT","isPartOf":{"@id":"https:\/\/jordanvalleysolidarity.org\/it\/#website"},"primaryImageOfPage":{"@id":"http:\/\/jordanvalleysolidarity.org\/it\/home\/il-2025-per-i-palestinesi-della-valle-del-giordano\/#primaryimage"},"image":{"@id":"http:\/\/jordanvalleysolidarity.org\/it\/home\/il-2025-per-i-palestinesi-della-valle-del-giordano\/#primaryimage"},"thumbnailUrl":"http:\/\/jordanvalleysolidarity.org\/it\/wp-content\/uploads\/sites\/4\/2025\/01\/WhatsApp-Image-2024-12-31-at-18.15.38-1536x1152-1.jpeg","datePublished":"2025-01-10T16:11:45+00:00","dateModified":"2025-01-15T16:14:32+00:00","author":{"@id":"https:\/\/jordanvalleysolidarity.org\/it\/#\/schema\/person\/3dffd0faf487e40953c03e4deda0dfd8"},"breadcrumb":{"@id":"http:\/\/jordanvalleysolidarity.org\/it\/home\/il-2025-per-i-palestinesi-della-valle-del-giordano\/#breadcrumb"},"inLanguage":"it-IT","potentialAction":[{"@type":"ReadAction","target":["http:\/\/jordanvalleysolidarity.org\/it\/home\/il-2025-per-i-palestinesi-della-valle-del-giordano\/"]}]},{"@type":"ImageObject","inLanguage":"it-IT","@id":"http:\/\/jordanvalleysolidarity.org\/it\/home\/il-2025-per-i-palestinesi-della-valle-del-giordano\/#primaryimage","url":"http:\/\/jordanvalleysolidarity.org\/it\/wp-content\/uploads\/sites\/4\/2025\/01\/WhatsApp-Image-2024-12-31-at-18.15.38-1536x1152-1.jpeg","contentUrl":"http:\/\/jordanvalleysolidarity.org\/it\/wp-content\/uploads\/sites\/4\/2025\/01\/WhatsApp-Image-2024-12-31-at-18.15.38-1536x1152-1.jpeg","width":"1536","height":"1152"},{"@type":"BreadcrumbList","@id":"http:\/\/jordanvalleysolidarity.org\/it\/home\/il-2025-per-i-palestinesi-della-valle-del-giordano\/#breadcrumb","itemListElement":[{"@type":"ListItem","position":1,"name":"Home","item":"https:\/\/jordanvalleysolidarity.org\/it\/"},{"@type":"ListItem","position":2,"name":"Il 2025 per i palestinesi della Valle del Giordano"}]},{"@type":"WebSite","@id":"https:\/\/jordanvalleysolidarity.org\/it\/#website","url":"https:\/\/jordanvalleysolidarity.org\/it\/","name":"Jordan Valley Solidarity IT","description":"Just another Jordan Valley Solidarity Test Sites site","potentialAction":[{"@type":"SearchAction","target":{"@type":"EntryPoint","urlTemplate":"https:\/\/jordanvalleysolidarity.org\/it\/?s={search_term_string}"},"query-input":"required name=search_term_string"}],"inLanguage":"it-IT"},{"@type":"Person","@id":"https:\/\/jordanvalleysolidarity.org\/it\/#\/schema\/person\/3dffd0faf487e40953c03e4deda0dfd8","name":"maddalena","image":{"@type":"ImageObject","inLanguage":"it-IT","@id":"https:\/\/jordanvalleysolidarity.org\/it\/#\/schema\/person\/image\/","url":"http:\/\/0.gravatar.com\/avatar\/0f53b36030e970118a9ce277db0e0023?s=96&d=mm&r=g","contentUrl":"http:\/\/0.gravatar.com\/avatar\/0f53b36030e970118a9ce277db0e0023?s=96&d=mm&r=g","caption":"maddalena"},"url":"http:\/\/jordanvalleysolidarity.org\/it\/author\/maddalena\/"}]}},"_links":{"self":[{"href":"http:\/\/jordanvalleysolidarity.org\/it\/wp-json\/wp\/v2\/posts\/3494"}],"collection":[{"href":"http:\/\/jordanvalleysolidarity.org\/it\/wp-json\/wp\/v2\/posts"}],"about":[{"href":"http:\/\/jordanvalleysolidarity.org\/it\/wp-json\/wp\/v2\/types\/post"}],"author":[{"embeddable":true,"href":"http:\/\/jordanvalleysolidarity.org\/it\/wp-json\/wp\/v2\/users\/30"}],"replies":[{"embeddable":true,"href":"http:\/\/jordanvalleysolidarity.org\/it\/wp-json\/wp\/v2\/comments?post=3494"}],"version-history":[{"count":0,"href":"http:\/\/jordanvalleysolidarity.org\/it\/wp-json\/wp\/v2\/posts\/3494\/revisions"}],"wp:featuredmedia":[{"embeddable":true,"href":"http:\/\/jordanvalleysolidarity.org\/it\/wp-json\/wp\/v2\/media\/3496"}],"wp:attachment":[{"href":"http:\/\/jordanvalleysolidarity.org\/it\/wp-json\/wp\/v2\/media?parent=3494"}],"wp:term":[{"taxonomy":"category","embeddable":true,"href":"http:\/\/jordanvalleysolidarity.org\/it\/wp-json\/wp\/v2\/categories?post=3494"},{"taxonomy":"post_tag","embeddable":true,"href":"http:\/\/jordanvalleysolidarity.org\/it\/wp-json\/wp\/v2\/tags?post=3494"}],"curies":[{"name":"wp","href":"https:\/\/api.w.org\/{rel}","templated":true}]}}