{"id":3483,"date":"2026-03-01T15:29:35","date_gmt":"2026-03-01T15:29:35","guid":{"rendered":"https:\/\/jordanvalleysolidarity.org\/fr\/?p=3483"},"modified":"2026-03-01T15:29:36","modified_gmt":"2026-03-01T15:29:36","slug":"les-colons-coupent-leau-et-lelectricite-a-la-famille-fasayil-al-wusta","status":"publish","type":"post","link":"http:\/\/jordanvalleysolidarity.org\/fr\/actualite\/les-colons-coupent-leau-et-lelectricite-a-la-famille-fasayil-al-wusta\/","title":{"rendered":"Les colons coupent l&rsquo;eau et l&rsquo;\u00e9lectricit\u00e9 \u00e0 la famille Fasayil al Wusta"},"content":{"rendered":"\n<p>Au cours des derni\u00e8res semaines, Fasayil al Wusta, dans la vall\u00e9e du Jourdain, a connu une escalade de la violence des colons.<\/p>\n\n\n\n<p>Le 14 f\u00e9vrier, les colons ont coup\u00e9 l&rsquo;acc\u00e8s \u00e0 l&rsquo;eau courante, laissant la famille sans eau dans sa maison. La famille a donc d\u00fb compter sur ses voisins et remplir des seaux \u00e0 partir de son r\u00e9servoir d&rsquo;eau ext\u00e9rieur. Le 17 f\u00e9vrier, un colon a fait deux entailles dans le r\u00e9servoir d&rsquo;eau ext\u00e9rieur de la famille, leur derni\u00e8re source d&rsquo;eau restante. Les r\u00e9servoirs d&rsquo;eau co\u00fbtent environ 3 000 shekels (environ 800\u20ac), ce qui repr\u00e9sente une perte \u00e9norme pour la famille.<\/p>\n\n\n\n<p>Ensuite, dans la nuit du 20 f\u00e9vrier, des colons ont percut\u00e9 avec leur v\u00e9hicule un poteau \u00e9lectrique adjacent \u00e0 la maison de la famille. Le poteau s&rsquo;est effondr\u00e9, mettant la famille en danger et la privant d&rsquo;\u00e9lectricit\u00e9.<\/p>\n\n\n\n<p>Les colons ont \u00e9galement poursuivi leurs pratiques quotidiennes d\u2019harc\u00e8lement et d&rsquo;intimidation, notamment. Ils envahissent la propri\u00e9t\u00e9 de la famille et y font pa\u00eetre leurs moutons et leurs vaches ; ils font le tour de la propri\u00e9t\u00e9 avec leur quad pour intimider la famille ; ils s&rsquo;asseyent devant la maison et jouent de la musique forte pendant des heures ; ils filment et enregistrent la famille.<\/p>\n\n\n\n<figure class=\"wp-block-image size-large\"><img loading=\"lazy\" decoding=\"async\" width=\"1024\" height=\"784\" src=\"https:\/\/jordanvalleysolidarity.org\/fr\/wp-content\/uploads\/sites\/2\/2026\/03\/signal-2026-02-27-201903_002-1024x784.jpeg\" alt=\"\" class=\"wp-image-3484\" srcset=\"http:\/\/jordanvalleysolidarity.org\/fr\/wp-content\/uploads\/sites\/2\/2026\/03\/signal-2026-02-27-201903_002-1024x784.jpeg 1024w, http:\/\/jordanvalleysolidarity.org\/fr\/wp-content\/uploads\/sites\/2\/2026\/03\/signal-2026-02-27-201903_002-300x230.jpeg 300w, http:\/\/jordanvalleysolidarity.org\/fr\/wp-content\/uploads\/sites\/2\/2026\/03\/signal-2026-02-27-201903_002-768x588.jpeg 768w, http:\/\/jordanvalleysolidarity.org\/fr\/wp-content\/uploads\/sites\/2\/2026\/03\/signal-2026-02-27-201903_002.jpeg 1080w\" sizes=\"(max-width: 1024px) 100vw, 1024px\" \/><\/figure>\n\n\n\n<p>\u00c0 plusieurs reprises, les colons ont \u00e9galement tent\u00e9 de p\u00e9n\u00e9trer dans la maison familiale.<\/p>\n\n\n\n<p>Le 23 f\u00e9vrier, les colons ont intensifi\u00e9 leurs efforts pour expulser la famille palestinienne en installant un avant-poste \u00e0 moins de 50 m\u00e8tres de leur maison, avec notamment des cl\u00f4tures pour garder leurs vaches en permanence sur la propri\u00e9t\u00e9 familiale.<\/p>\n\n\n\n<p>Cette famille reste d\u00e9termin\u00e9e, malgr\u00e9 les intimidations et les violences effroyables dont elle est victime. Elle est une source d&rsquo;inspiration.<\/p>\n<!-- AddThis Advanced Settings generic via filter on the_content --><!-- AddThis Share Buttons generic via filter on the_content -->","protected":false},"excerpt":{"rendered":"<p>Au cours des derni\u00e8res semaines, Fasayil al Wusta, dans la vall\u00e9e du Jourdain, a connu une escalade de la violence [&hellip;]<!-- AddThis Advanced Settings generic via filter on get_the_excerpt --><!-- AddThis Share Buttons generic via filter on get_the_excerpt --><\/p>\n","protected":false},"author":31,"featured_media":3484,"comment_status":"closed","ping_status":"closed","sticky":false,"template":"","format":"standard","meta":{"footnotes":""},"categories":[18],"tags":[],"yoast_head":"<!-- This site is optimized with the Yoast SEO plugin v22.8 - https:\/\/yoast.com\/wordpress\/plugins\/seo\/ -->\n<title>Les colons coupent l&#039;eau et l&#039;\u00e9lectricit\u00e9 \u00e0 la famille Fasayil al Wusta - Jordan Valley Solidarity FR<\/title>\n<meta name=\"robots\" content=\"index, follow, max-snippet:-1, max-image-preview:large, max-video-preview:-1\" \/>\n<link rel=\"canonical\" href=\"http:\/\/jordanvalleysolidarity.org\/fr\/actualite\/les-colons-coupent-leau-et-lelectricite-a-la-famille-fasayil-al-wusta\/\" \/>\n<meta property=\"og:locale\" content=\"fr_FR\" \/>\n<meta property=\"og:type\" content=\"article\" \/>\n<meta property=\"og:title\" content=\"Les colons coupent l&#039;eau et l&#039;\u00e9lectricit\u00e9 \u00e0 la famille Fasayil al Wusta - Jordan Valley Solidarity FR\" \/>\n<meta property=\"og:description\" content=\"Au cours des derni\u00e8res semaines, Fasayil al Wusta, dans la vall\u00e9e du Jourdain, a connu une escalade de la violence [&hellip;]\" \/>\n<meta property=\"og:url\" content=\"http:\/\/jordanvalleysolidarity.org\/fr\/actualite\/les-colons-coupent-leau-et-lelectricite-a-la-famille-fasayil-al-wusta\/\" \/>\n<meta property=\"og:site_name\" content=\"Jordan Valley Solidarity FR\" \/>\n<meta property=\"article:published_time\" content=\"2026-03-01T15:29:35+00:00\" \/>\n<meta property=\"article:modified_time\" content=\"2026-03-01T15:29:36+00:00\" \/>\n<meta property=\"og:image\" content=\"http:\/\/jordanvalleysolidarity.org\/fr\/wp-content\/uploads\/sites\/2\/2026\/03\/signal-2026-02-27-201903_002.jpeg\" \/>\n\t<meta property=\"og:image:width\" content=\"1080\" \/>\n\t<meta property=\"og:image:height\" content=\"827\" \/>\n\t<meta property=\"og:image:type\" content=\"image\/jpeg\" \/>\n<meta name=\"author\" content=\"linafr\" \/>\n<meta name=\"twitter:card\" content=\"summary_large_image\" \/>\n<meta name=\"twitter:label1\" content=\"\u00c9crit par\" \/>\n\t<meta name=\"twitter:data1\" content=\"linafr\" \/>\n\t<meta name=\"twitter:label2\" content=\"Dur\u00e9e de lecture estim\u00e9e\" \/>\n\t<meta name=\"twitter:data2\" content=\"2 minutes\" \/>\n<script type=\"application\/ld+json\" class=\"yoast-schema-graph\">{\"@context\":\"https:\/\/schema.org\",\"@graph\":[{\"@type\":\"WebPage\",\"@id\":\"http:\/\/jordanvalleysolidarity.org\/fr\/actualite\/les-colons-coupent-leau-et-lelectricite-a-la-famille-fasayil-al-wusta\/\",\"url\":\"http:\/\/jordanvalleysolidarity.org\/fr\/actualite\/les-colons-coupent-leau-et-lelectricite-a-la-famille-fasayil-al-wusta\/\",\"name\":\"Les colons coupent l'eau et l'\u00e9lectricit\u00e9 \u00e0 la famille Fasayil al Wusta - Jordan Valley Solidarity FR\",\"isPartOf\":{\"@id\":\"http:\/\/jordanvalleysolidarity.org\/fr\/#website\"},\"primaryImageOfPage\":{\"@id\":\"http:\/\/jordanvalleysolidarity.org\/fr\/actualite\/les-colons-coupent-leau-et-lelectricite-a-la-famille-fasayil-al-wusta\/#primaryimage\"},\"image\":{\"@id\":\"http:\/\/jordanvalleysolidarity.org\/fr\/actualite\/les-colons-coupent-leau-et-lelectricite-a-la-famille-fasayil-al-wusta\/#primaryimage\"},\"thumbnailUrl\":\"http:\/\/jordanvalleysolidarity.org\/fr\/wp-content\/uploads\/sites\/2\/2026\/03\/signal-2026-02-27-201903_002.jpeg\",\"datePublished\":\"2026-03-01T15:29:35+00:00\",\"dateModified\":\"2026-03-01T15:29:36+00:00\",\"author\":{\"@id\":\"http:\/\/jordanvalleysolidarity.org\/fr\/#\/schema\/person\/b1d4ab48930477ea8ddea5dfcfd6fc25\"},\"breadcrumb\":{\"@id\":\"http:\/\/jordanvalleysolidarity.org\/fr\/actualite\/les-colons-coupent-leau-et-lelectricite-a-la-famille-fasayil-al-wusta\/#breadcrumb\"},\"inLanguage\":\"fr-FR\",\"potentialAction\":[{\"@type\":\"ReadAction\",\"target\":[\"http:\/\/jordanvalleysolidarity.org\/fr\/actualite\/les-colons-coupent-leau-et-lelectricite-a-la-famille-fasayil-al-wusta\/\"]}]},{\"@type\":\"ImageObject\",\"inLanguage\":\"fr-FR\",\"@id\":\"http:\/\/jordanvalleysolidarity.org\/fr\/actualite\/les-colons-coupent-leau-et-lelectricite-a-la-famille-fasayil-al-wusta\/#primaryimage\",\"url\":\"http:\/\/jordanvalleysolidarity.org\/fr\/wp-content\/uploads\/sites\/2\/2026\/03\/signal-2026-02-27-201903_002.jpeg\",\"contentUrl\":\"http:\/\/jordanvalleysolidarity.org\/fr\/wp-content\/uploads\/sites\/2\/2026\/03\/signal-2026-02-27-201903_002.jpeg\",\"width\":1080,\"height\":827},{\"@type\":\"BreadcrumbList\",\"@id\":\"http:\/\/jordanvalleysolidarity.org\/fr\/actualite\/les-colons-coupent-leau-et-lelectricite-a-la-famille-fasayil-al-wusta\/#breadcrumb\",\"itemListElement\":[{\"@type\":\"ListItem\",\"position\":1,\"name\":\"Home\",\"item\":\"http:\/\/jordanvalleysolidarity.org\/fr\/\"},{\"@type\":\"ListItem\",\"position\":2,\"name\":\"Les colons coupent l&rsquo;eau et l&rsquo;\u00e9lectricit\u00e9 \u00e0 la famille Fasayil al Wusta\"}]},{\"@type\":\"WebSite\",\"@id\":\"http:\/\/jordanvalleysolidarity.org\/fr\/#website\",\"url\":\"http:\/\/jordanvalleysolidarity.org\/fr\/\",\"name\":\"Jordan Valley Solidarity FR\",\"description\":\"Just another Jordan Valley Solidarity Test Sites site\",\"potentialAction\":[{\"@type\":\"SearchAction\",\"target\":{\"@type\":\"EntryPoint\",\"urlTemplate\":\"http:\/\/jordanvalleysolidarity.org\/fr\/?s={search_term_string}\"},\"query-input\":\"required name=search_term_string\"}],\"inLanguage\":\"fr-FR\"},{\"@type\":\"Person\",\"@id\":\"http:\/\/jordanvalleysolidarity.org\/fr\/#\/schema\/person\/b1d4ab48930477ea8ddea5dfcfd6fc25\",\"name\":\"linafr\",\"image\":{\"@type\":\"ImageObject\",\"inLanguage\":\"fr-FR\",\"@id\":\"http:\/\/jordanvalleysolidarity.org\/fr\/#\/schema\/person\/image\/\",\"url\":\"http:\/\/0.gravatar.com\/avatar\/03fdb700e2a59970782a4632148d30ef?s=96&d=mm&r=g\",\"contentUrl\":\"http:\/\/0.gravatar.com\/avatar\/03fdb700e2a59970782a4632148d30ef?s=96&d=mm&r=g\",\"caption\":\"linafr\"},\"url\":\"http:\/\/jordanvalleysolidarity.org\/fr\/author\/linafr\/\"}]}<\/script>\n<!-- \/ Yoast SEO plugin. -->","yoast_head_json":{"title":"Les colons coupent l'eau et l'\u00e9lectricit\u00e9 \u00e0 la famille Fasayil al Wusta - Jordan Valley Solidarity FR","robots":{"index":"index","follow":"follow","max-snippet":"max-snippet:-1","max-image-preview":"max-image-preview:large","max-video-preview":"max-video-preview:-1"},"canonical":"http:\/\/jordanvalleysolidarity.org\/fr\/actualite\/les-colons-coupent-leau-et-lelectricite-a-la-famille-fasayil-al-wusta\/","og_locale":"fr_FR","og_type":"article","og_title":"Les colons coupent l'eau et l'\u00e9lectricit\u00e9 \u00e0 la famille Fasayil al Wusta - Jordan Valley Solidarity FR","og_description":"Au cours des derni\u00e8res semaines, Fasayil al Wusta, dans la vall\u00e9e du Jourdain, a connu une escalade de la violence [&hellip;]","og_url":"http:\/\/jordanvalleysolidarity.org\/fr\/actualite\/les-colons-coupent-leau-et-lelectricite-a-la-famille-fasayil-al-wusta\/","og_site_name":"Jordan Valley Solidarity FR","article_published_time":"2026-03-01T15:29:35+00:00","article_modified_time":"2026-03-01T15:29:36+00:00","og_image":[{"width":1080,"height":827,"url":"http:\/\/jordanvalleysolidarity.org\/fr\/wp-content\/uploads\/sites\/2\/2026\/03\/signal-2026-02-27-201903_002.jpeg","type":"image\/jpeg"}],"author":"linafr","twitter_card":"summary_large_image","twitter_misc":{"\u00c9crit par":"linafr","Dur\u00e9e de lecture estim\u00e9e":"2 minutes"},"schema":{"@context":"https:\/\/schema.org","@graph":[{"@type":"WebPage","@id":"http:\/\/jordanvalleysolidarity.org\/fr\/actualite\/les-colons-coupent-leau-et-lelectricite-a-la-famille-fasayil-al-wusta\/","url":"http:\/\/jordanvalleysolidarity.org\/fr\/actualite\/les-colons-coupent-leau-et-lelectricite-a-la-famille-fasayil-al-wusta\/","name":"Les colons coupent l'eau et l'\u00e9lectricit\u00e9 \u00e0 la famille Fasayil al Wusta - Jordan Valley Solidarity FR","isPartOf":{"@id":"http:\/\/jordanvalleysolidarity.org\/fr\/#website"},"primaryImageOfPage":{"@id":"http:\/\/jordanvalleysolidarity.org\/fr\/actualite\/les-colons-coupent-leau-et-lelectricite-a-la-famille-fasayil-al-wusta\/#primaryimage"},"image":{"@id":"http:\/\/jordanvalleysolidarity.org\/fr\/actualite\/les-colons-coupent-leau-et-lelectricite-a-la-famille-fasayil-al-wusta\/#primaryimage"},"thumbnailUrl":"http:\/\/jordanvalleysolidarity.org\/fr\/wp-content\/uploads\/sites\/2\/2026\/03\/signal-2026-02-27-201903_002.jpeg","datePublished":"2026-03-01T15:29:35+00:00","dateModified":"2026-03-01T15:29:36+00:00","author":{"@id":"http:\/\/jordanvalleysolidarity.org\/fr\/#\/schema\/person\/b1d4ab48930477ea8ddea5dfcfd6fc25"},"breadcrumb":{"@id":"http:\/\/jordanvalleysolidarity.org\/fr\/actualite\/les-colons-coupent-leau-et-lelectricite-a-la-famille-fasayil-al-wusta\/#breadcrumb"},"inLanguage":"fr-FR","potentialAction":[{"@type":"ReadAction","target":["http:\/\/jordanvalleysolidarity.org\/fr\/actualite\/les-colons-coupent-leau-et-lelectricite-a-la-famille-fasayil-al-wusta\/"]}]},{"@type":"ImageObject","inLanguage":"fr-FR","@id":"http:\/\/jordanvalleysolidarity.org\/fr\/actualite\/les-colons-coupent-leau-et-lelectricite-a-la-famille-fasayil-al-wusta\/#primaryimage","url":"http:\/\/jordanvalleysolidarity.org\/fr\/wp-content\/uploads\/sites\/2\/2026\/03\/signal-2026-02-27-201903_002.jpeg","contentUrl":"http:\/\/jordanvalleysolidarity.org\/fr\/wp-content\/uploads\/sites\/2\/2026\/03\/signal-2026-02-27-201903_002.jpeg","width":1080,"height":827},{"@type":"BreadcrumbList","@id":"http:\/\/jordanvalleysolidarity.org\/fr\/actualite\/les-colons-coupent-leau-et-lelectricite-a-la-famille-fasayil-al-wusta\/#breadcrumb","itemListElement":[{"@type":"ListItem","position":1,"name":"Home","item":"http:\/\/jordanvalleysolidarity.org\/fr\/"},{"@type":"ListItem","position":2,"name":"Les colons coupent l&rsquo;eau et l&rsquo;\u00e9lectricit\u00e9 \u00e0 la famille Fasayil al Wusta"}]},{"@type":"WebSite","@id":"http:\/\/jordanvalleysolidarity.org\/fr\/#website","url":"http:\/\/jordanvalleysolidarity.org\/fr\/","name":"Jordan Valley Solidarity FR","description":"Just another Jordan Valley Solidarity Test Sites site","potentialAction":[{"@type":"SearchAction","target":{"@type":"EntryPoint","urlTemplate":"http:\/\/jordanvalleysolidarity.org\/fr\/?s={search_term_string}"},"query-input":"required name=search_term_string"}],"inLanguage":"fr-FR"},{"@type":"Person","@id":"http:\/\/jordanvalleysolidarity.org\/fr\/#\/schema\/person\/b1d4ab48930477ea8ddea5dfcfd6fc25","name":"linafr","image":{"@type":"ImageObject","inLanguage":"fr-FR","@id":"http:\/\/jordanvalleysolidarity.org\/fr\/#\/schema\/person\/image\/","url":"http:\/\/0.gravatar.com\/avatar\/03fdb700e2a59970782a4632148d30ef?s=96&d=mm&r=g","contentUrl":"http:\/\/0.gravatar.com\/avatar\/03fdb700e2a59970782a4632148d30ef?s=96&d=mm&r=g","caption":"linafr"},"url":"http:\/\/jordanvalleysolidarity.org\/fr\/author\/linafr\/"}]}},"_links":{"self":[{"href":"http:\/\/jordanvalleysolidarity.org\/fr\/wp-json\/wp\/v2\/posts\/3483"}],"collection":[{"href":"http:\/\/jordanvalleysolidarity.org\/fr\/wp-json\/wp\/v2\/posts"}],"about":[{"href":"http:\/\/jordanvalleysolidarity.org\/fr\/wp-json\/wp\/v2\/types\/post"}],"author":[{"embeddable":true,"href":"http:\/\/jordanvalleysolidarity.org\/fr\/wp-json\/wp\/v2\/users\/31"}],"replies":[{"embeddable":true,"href":"http:\/\/jordanvalleysolidarity.org\/fr\/wp-json\/wp\/v2\/comments?post=3483"}],"version-history":[{"count":1,"href":"http:\/\/jordanvalleysolidarity.org\/fr\/wp-json\/wp\/v2\/posts\/3483\/revisions"}],"predecessor-version":[{"id":3485,"href":"http:\/\/jordanvalleysolidarity.org\/fr\/wp-json\/wp\/v2\/posts\/3483\/revisions\/3485"}],"wp:featuredmedia":[{"embeddable":true,"href":"http:\/\/jordanvalleysolidarity.org\/fr\/wp-json\/wp\/v2\/media\/3484"}],"wp:attachment":[{"href":"http:\/\/jordanvalleysolidarity.org\/fr\/wp-json\/wp\/v2\/media?parent=3483"}],"wp:term":[{"taxonomy":"category","embeddable":true,"href":"http:\/\/jordanvalleysolidarity.org\/fr\/wp-json\/wp\/v2\/categories?post=3483"},{"taxonomy":"post_tag","embeddable":true,"href":"http:\/\/jordanvalleysolidarity.org\/fr\/wp-json\/wp\/v2\/tags?post=3483"}],"curies":[{"name":"wp","href":"https:\/\/api.w.org\/{rel}","templated":true}]}}