{"id":3407,"date":"2025-12-29T17:06:57","date_gmt":"2025-12-29T17:06:57","guid":{"rendered":"https:\/\/jordanvalleysolidarity.org\/fr\/?p=3407"},"modified":"2025-12-29T17:06:59","modified_gmt":"2025-12-29T17:06:59","slug":"fasayil-al-wusta-les-deplacements-forces-se-poursuivent-dans-la-vallee-du-jourdain","status":"publish","type":"post","link":"http:\/\/jordanvalleysolidarity.org\/fr\/rapports\/fasayil-al-wusta-les-deplacements-forces-se-poursuivent-dans-la-vallee-du-jourdain\/","title":{"rendered":"Fasayil al Wusta : Les d\u00e9placements forc\u00e9s se poursuivent dans la vall\u00e9e du Jourdain"},"content":{"rendered":"\n<p>Cet article a \u00e9t\u00e9 initialement publi\u00e9 le 12 novembre 2025 par le Mouvement de Solidarit\u00e9 Internationale (ISM) sur <a href=\"http:\/\/palsolidarity.org\">palsolidarity.org<\/a>.<\/p>\n\n\n\n<p>Depuis un mois, les familles palestiniennes du village de Fasayil al Wusta, situ\u00e9 dans la vall\u00e9e du Jourdain au nord de J\u00e9richo, sont victimes de harc\u00e8lement et d&rsquo;attaques de plus en plus fr\u00e9quentes. En cons\u00e9quence, cinq familles ont d\u00e9cid\u00e9 de quitter la r\u00e9gion le jeudi 6 novembre. Une seule famille est rest\u00e9e sur place, r\u00e9sistant toujours malgr\u00e9 les tentatives de d\u00e9placement.<\/p>\n\n\n\n<figure class=\"wp-block-gallery has-nested-images columns-default is-cropped wp-block-gallery-1 is-layout-flex wp-block-gallery-is-layout-flex\">\n<figure class=\"wp-block-image size-large\"><img loading=\"lazy\" decoding=\"async\" width=\"1024\" height=\"577\" data-id=\"3408\" src=\"https:\/\/jordanvalleysolidarity.org\/fr\/wp-content\/uploads\/sites\/2\/2025\/12\/kk-1024x577.jpg\" alt=\"\" class=\"wp-image-3408\" srcset=\"http:\/\/jordanvalleysolidarity.org\/fr\/wp-content\/uploads\/sites\/2\/2025\/12\/kk-1024x577.jpg 1024w, http:\/\/jordanvalleysolidarity.org\/fr\/wp-content\/uploads\/sites\/2\/2025\/12\/kk-300x169.jpg 300w, http:\/\/jordanvalleysolidarity.org\/fr\/wp-content\/uploads\/sites\/2\/2025\/12\/kk-768x433.jpg 768w, http:\/\/jordanvalleysolidarity.org\/fr\/wp-content\/uploads\/sites\/2\/2025\/12\/kk.jpg 1280w\" sizes=\"(max-width: 1024px) 100vw, 1024px\" \/><\/figure>\n<\/figure>\n\n\n\n<p>Fasayil al Wusta se situe entre deux colonies, Tomer au sud et Petza\u2019el au nord. Les Palestiniens pensent que les forces d\u2019occupation cherchent \u00e0 relier ces deux colonies, ce qui explique pourquoi Fasayil al Wusta est si durement vis\u00e9. En 2023, deux avant-postes ont \u00e9galement \u00e9t\u00e9 \u00e9tablis \u00e0 l\u2019ouest du village.<\/p>\n\n\n\n<p>Au cours du mois \u00e9coul\u00e9, la famille a signal\u00e9 plusieurs incidents, notamment des passages \u00e0 tabac de membres de la famille et de voisins par des colons et leurs agents de s\u00e9curit\u00e9, ainsi que des actes d\u2019intimidation visant \u00e0 les forcer \u00e0 quitter la r\u00e9gion. L\u2019une des filles a \u00e9t\u00e9 d\u00e9tenue pendant sept heures dans une base militaire, o\u00f9 elle n\u2019a pas \u00e9t\u00e9 autoris\u00e9e \u00e0 parler, ni manger ni boire, et a \u00e9t\u00e9 menac\u00e9e de violence. Il y a deux ans, la m\u00e8re de famille avait \u00e9galement \u00e9t\u00e9 arr\u00eat\u00e9e et frapp\u00e9e en public.<\/p>\n\n\n\n<p>Le jeudi 6 novembre, des colons ont \u00e9rig\u00e9 une cl\u00f4ture autour de la maison de la famille, l&rsquo;isolant des villages voisins de Fasayil et Fasayil al Fauqa. Cette action, conjugu\u00e9e aux incursions quotidiennes de colons sur la propri\u00e9t\u00e9, qui terrorisent la famille, a fait craindre un d\u00e9placement imminent au sein de la communaut\u00e9 locale.<\/p>\n\n\n\n<p>Des t\u00e9moins internationaux ont signal\u00e9 une activit\u00e9 soutenue autour de la maison, notamment la pr\u00e9sence de drones survolant la zone jour et nuit, et des colons patrouillant le p\u00e9rim\u00e8tre de la cl\u00f4ture autour du terrain familial \u00e0 bord de quads. <br>Le dimanche 9 novembre au matin, des soldats sont arriv\u00e9s et ont exig\u00e9 les papiers d&rsquo;identit\u00e9 du propri\u00e9taire. Plus tard, des membres de l&rsquo;Autorit\u00e9 isra\u00e9lienne des parcs et de la nature ont \u00e9t\u00e9 vus en train d&rsquo;abattre des chiens appartenant \u00e0 des familles voisines. De plus, la conduite d&rsquo;eau alimentant la maison a \u00e9t\u00e9 coup\u00e9e. L&rsquo;eau n&rsquo;est distribu\u00e9e \u00e0 la famille que tous les quatre jours pendant 12 heures, en raison du contr\u00f4le total exerc\u00e9 par Isra\u00ebl sur les ressources en eau de la vall\u00e9e du Jourdain. La famille pense d&rsquo;ailleurs que la conduite a \u00e9t\u00e9 coup\u00e9e le jeudi, jour o\u00f9 la cl\u00f4ture a \u00e9t\u00e9 pos\u00e9e.<\/p>\n\n\n\n<p>L\u2019angoisse permanente que subit la famille, aliment\u00e9e par la peur des agressions, est aggrav\u00e9e par d\u2019autres difficult\u00e9s. Les enfants ont peur d\u2019aller \u00e0 l\u2019\u00e9cole, situ\u00e9e \u00e0 plusieurs centaines de m\u00e8tres, et les membres de la famille craignent g\u00e9n\u00e9ralement de laisser la maison sans surveillance, ce qui complique encore davantage les d\u00e9placements pour les visites m\u00e9dicales et autres t\u00e2ches quotidiennes.<\/p>\n<!-- AddThis Advanced Settings generic via filter on the_content --><!-- AddThis Share Buttons generic via filter on the_content -->","protected":false},"excerpt":{"rendered":"<p>Cet article a \u00e9t\u00e9 initialement publi\u00e9 le 12 novembre 2025 par le Mouvement de Solidarit\u00e9 Internationale (ISM) sur palsolidarity.org. Depuis [&hellip;]<!-- AddThis Advanced Settings generic via filter on get_the_excerpt --><!-- AddThis Share Buttons generic via filter on get_the_excerpt --><\/p>\n","protected":false},"author":31,"featured_media":3408,"comment_status":"closed","ping_status":"closed","sticky":false,"template":"","format":"standard","meta":{"footnotes":""},"categories":[5],"tags":[],"yoast_head":"<!-- This site is optimized with the Yoast SEO plugin v22.8 - https:\/\/yoast.com\/wordpress\/plugins\/seo\/ -->\n<title>Fasayil al Wusta : Les d\u00e9placements forc\u00e9s se poursuivent dans la vall\u00e9e du Jourdain - Jordan Valley Solidarity FR<\/title>\n<meta name=\"robots\" content=\"index, follow, max-snippet:-1, max-image-preview:large, max-video-preview:-1\" \/>\n<link rel=\"canonical\" href=\"http:\/\/jordanvalleysolidarity.org\/fr\/rapports\/fasayil-al-wusta-les-deplacements-forces-se-poursuivent-dans-la-vallee-du-jourdain\/\" \/>\n<meta property=\"og:locale\" content=\"fr_FR\" \/>\n<meta property=\"og:type\" content=\"article\" \/>\n<meta property=\"og:title\" content=\"Fasayil al Wusta : Les d\u00e9placements forc\u00e9s se poursuivent dans la vall\u00e9e du Jourdain - Jordan Valley Solidarity FR\" \/>\n<meta property=\"og:description\" content=\"Cet article a \u00e9t\u00e9 initialement publi\u00e9 le 12 novembre 2025 par le Mouvement de Solidarit\u00e9 Internationale (ISM) sur palsolidarity.org. Depuis [&hellip;]\" \/>\n<meta property=\"og:url\" content=\"http:\/\/jordanvalleysolidarity.org\/fr\/rapports\/fasayil-al-wusta-les-deplacements-forces-se-poursuivent-dans-la-vallee-du-jourdain\/\" \/>\n<meta property=\"og:site_name\" content=\"Jordan Valley Solidarity FR\" \/>\n<meta property=\"article:published_time\" content=\"2025-12-29T17:06:57+00:00\" \/>\n<meta property=\"article:modified_time\" content=\"2025-12-29T17:06:59+00:00\" \/>\n<meta property=\"og:image\" content=\"http:\/\/jordanvalleysolidarity.org\/fr\/wp-content\/uploads\/sites\/2\/2025\/12\/kk.jpg\" \/>\n\t<meta property=\"og:image:width\" content=\"1280\" \/>\n\t<meta property=\"og:image:height\" content=\"721\" \/>\n\t<meta property=\"og:image:type\" content=\"image\/jpeg\" \/>\n<meta name=\"author\" content=\"linafr\" \/>\n<meta name=\"twitter:card\" content=\"summary_large_image\" \/>\n<meta name=\"twitter:label1\" content=\"\u00c9crit par\" \/>\n\t<meta name=\"twitter:data1\" content=\"linafr\" \/>\n\t<meta name=\"twitter:label2\" content=\"Dur\u00e9e de lecture estim\u00e9e\" \/>\n\t<meta name=\"twitter:data2\" content=\"3 minutes\" \/>\n<script type=\"application\/ld+json\" class=\"yoast-schema-graph\">{\"@context\":\"https:\/\/schema.org\",\"@graph\":[{\"@type\":\"WebPage\",\"@id\":\"http:\/\/jordanvalleysolidarity.org\/fr\/rapports\/fasayil-al-wusta-les-deplacements-forces-se-poursuivent-dans-la-vallee-du-jourdain\/\",\"url\":\"http:\/\/jordanvalleysolidarity.org\/fr\/rapports\/fasayil-al-wusta-les-deplacements-forces-se-poursuivent-dans-la-vallee-du-jourdain\/\",\"name\":\"Fasayil al Wusta : Les d\u00e9placements forc\u00e9s se poursuivent dans la vall\u00e9e du Jourdain - Jordan Valley Solidarity FR\",\"isPartOf\":{\"@id\":\"http:\/\/jordanvalleysolidarity.org\/fr\/#website\"},\"primaryImageOfPage\":{\"@id\":\"http:\/\/jordanvalleysolidarity.org\/fr\/rapports\/fasayil-al-wusta-les-deplacements-forces-se-poursuivent-dans-la-vallee-du-jourdain\/#primaryimage\"},\"image\":{\"@id\":\"http:\/\/jordanvalleysolidarity.org\/fr\/rapports\/fasayil-al-wusta-les-deplacements-forces-se-poursuivent-dans-la-vallee-du-jourdain\/#primaryimage\"},\"thumbnailUrl\":\"http:\/\/jordanvalleysolidarity.org\/fr\/wp-content\/uploads\/sites\/2\/2025\/12\/kk.jpg\",\"datePublished\":\"2025-12-29T17:06:57+00:00\",\"dateModified\":\"2025-12-29T17:06:59+00:00\",\"author\":{\"@id\":\"http:\/\/jordanvalleysolidarity.org\/fr\/#\/schema\/person\/b1d4ab48930477ea8ddea5dfcfd6fc25\"},\"breadcrumb\":{\"@id\":\"http:\/\/jordanvalleysolidarity.org\/fr\/rapports\/fasayil-al-wusta-les-deplacements-forces-se-poursuivent-dans-la-vallee-du-jourdain\/#breadcrumb\"},\"inLanguage\":\"fr-FR\",\"potentialAction\":[{\"@type\":\"ReadAction\",\"target\":[\"http:\/\/jordanvalleysolidarity.org\/fr\/rapports\/fasayil-al-wusta-les-deplacements-forces-se-poursuivent-dans-la-vallee-du-jourdain\/\"]}]},{\"@type\":\"ImageObject\",\"inLanguage\":\"fr-FR\",\"@id\":\"http:\/\/jordanvalleysolidarity.org\/fr\/rapports\/fasayil-al-wusta-les-deplacements-forces-se-poursuivent-dans-la-vallee-du-jourdain\/#primaryimage\",\"url\":\"http:\/\/jordanvalleysolidarity.org\/fr\/wp-content\/uploads\/sites\/2\/2025\/12\/kk.jpg\",\"contentUrl\":\"http:\/\/jordanvalleysolidarity.org\/fr\/wp-content\/uploads\/sites\/2\/2025\/12\/kk.jpg\",\"width\":1280,\"height\":721},{\"@type\":\"BreadcrumbList\",\"@id\":\"http:\/\/jordanvalleysolidarity.org\/fr\/rapports\/fasayil-al-wusta-les-deplacements-forces-se-poursuivent-dans-la-vallee-du-jourdain\/#breadcrumb\",\"itemListElement\":[{\"@type\":\"ListItem\",\"position\":1,\"name\":\"Home\",\"item\":\"http:\/\/jordanvalleysolidarity.org\/fr\/\"},{\"@type\":\"ListItem\",\"position\":2,\"name\":\"Fasayil al Wusta : Les d\u00e9placements forc\u00e9s se poursuivent dans la vall\u00e9e du Jourdain\"}]},{\"@type\":\"WebSite\",\"@id\":\"http:\/\/jordanvalleysolidarity.org\/fr\/#website\",\"url\":\"http:\/\/jordanvalleysolidarity.org\/fr\/\",\"name\":\"Jordan Valley Solidarity FR\",\"description\":\"Just another Jordan Valley Solidarity Test Sites site\",\"potentialAction\":[{\"@type\":\"SearchAction\",\"target\":{\"@type\":\"EntryPoint\",\"urlTemplate\":\"http:\/\/jordanvalleysolidarity.org\/fr\/?s={search_term_string}\"},\"query-input\":\"required name=search_term_string\"}],\"inLanguage\":\"fr-FR\"},{\"@type\":\"Person\",\"@id\":\"http:\/\/jordanvalleysolidarity.org\/fr\/#\/schema\/person\/b1d4ab48930477ea8ddea5dfcfd6fc25\",\"name\":\"linafr\",\"image\":{\"@type\":\"ImageObject\",\"inLanguage\":\"fr-FR\",\"@id\":\"http:\/\/jordanvalleysolidarity.org\/fr\/#\/schema\/person\/image\/\",\"url\":\"http:\/\/0.gravatar.com\/avatar\/03fdb700e2a59970782a4632148d30ef?s=96&d=mm&r=g\",\"contentUrl\":\"http:\/\/0.gravatar.com\/avatar\/03fdb700e2a59970782a4632148d30ef?s=96&d=mm&r=g\",\"caption\":\"linafr\"},\"url\":\"http:\/\/jordanvalleysolidarity.org\/fr\/author\/linafr\/\"}]}<\/script>\n<!-- \/ Yoast SEO plugin. -->","yoast_head_json":{"title":"Fasayil al Wusta : Les d\u00e9placements forc\u00e9s se poursuivent dans la vall\u00e9e du Jourdain - Jordan Valley Solidarity FR","robots":{"index":"index","follow":"follow","max-snippet":"max-snippet:-1","max-image-preview":"max-image-preview:large","max-video-preview":"max-video-preview:-1"},"canonical":"http:\/\/jordanvalleysolidarity.org\/fr\/rapports\/fasayil-al-wusta-les-deplacements-forces-se-poursuivent-dans-la-vallee-du-jourdain\/","og_locale":"fr_FR","og_type":"article","og_title":"Fasayil al Wusta : Les d\u00e9placements forc\u00e9s se poursuivent dans la vall\u00e9e du Jourdain - Jordan Valley Solidarity FR","og_description":"Cet article a \u00e9t\u00e9 initialement publi\u00e9 le 12 novembre 2025 par le Mouvement de Solidarit\u00e9 Internationale (ISM) sur palsolidarity.org. Depuis [&hellip;]","og_url":"http:\/\/jordanvalleysolidarity.org\/fr\/rapports\/fasayil-al-wusta-les-deplacements-forces-se-poursuivent-dans-la-vallee-du-jourdain\/","og_site_name":"Jordan Valley Solidarity FR","article_published_time":"2025-12-29T17:06:57+00:00","article_modified_time":"2025-12-29T17:06:59+00:00","og_image":[{"width":1280,"height":721,"url":"http:\/\/jordanvalleysolidarity.org\/fr\/wp-content\/uploads\/sites\/2\/2025\/12\/kk.jpg","type":"image\/jpeg"}],"author":"linafr","twitter_card":"summary_large_image","twitter_misc":{"\u00c9crit par":"linafr","Dur\u00e9e de lecture estim\u00e9e":"3 minutes"},"schema":{"@context":"https:\/\/schema.org","@graph":[{"@type":"WebPage","@id":"http:\/\/jordanvalleysolidarity.org\/fr\/rapports\/fasayil-al-wusta-les-deplacements-forces-se-poursuivent-dans-la-vallee-du-jourdain\/","url":"http:\/\/jordanvalleysolidarity.org\/fr\/rapports\/fasayil-al-wusta-les-deplacements-forces-se-poursuivent-dans-la-vallee-du-jourdain\/","name":"Fasayil al Wusta : Les d\u00e9placements forc\u00e9s se poursuivent dans la vall\u00e9e du Jourdain - Jordan Valley Solidarity FR","isPartOf":{"@id":"http:\/\/jordanvalleysolidarity.org\/fr\/#website"},"primaryImageOfPage":{"@id":"http:\/\/jordanvalleysolidarity.org\/fr\/rapports\/fasayil-al-wusta-les-deplacements-forces-se-poursuivent-dans-la-vallee-du-jourdain\/#primaryimage"},"image":{"@id":"http:\/\/jordanvalleysolidarity.org\/fr\/rapports\/fasayil-al-wusta-les-deplacements-forces-se-poursuivent-dans-la-vallee-du-jourdain\/#primaryimage"},"thumbnailUrl":"http:\/\/jordanvalleysolidarity.org\/fr\/wp-content\/uploads\/sites\/2\/2025\/12\/kk.jpg","datePublished":"2025-12-29T17:06:57+00:00","dateModified":"2025-12-29T17:06:59+00:00","author":{"@id":"http:\/\/jordanvalleysolidarity.org\/fr\/#\/schema\/person\/b1d4ab48930477ea8ddea5dfcfd6fc25"},"breadcrumb":{"@id":"http:\/\/jordanvalleysolidarity.org\/fr\/rapports\/fasayil-al-wusta-les-deplacements-forces-se-poursuivent-dans-la-vallee-du-jourdain\/#breadcrumb"},"inLanguage":"fr-FR","potentialAction":[{"@type":"ReadAction","target":["http:\/\/jordanvalleysolidarity.org\/fr\/rapports\/fasayil-al-wusta-les-deplacements-forces-se-poursuivent-dans-la-vallee-du-jourdain\/"]}]},{"@type":"ImageObject","inLanguage":"fr-FR","@id":"http:\/\/jordanvalleysolidarity.org\/fr\/rapports\/fasayil-al-wusta-les-deplacements-forces-se-poursuivent-dans-la-vallee-du-jourdain\/#primaryimage","url":"http:\/\/jordanvalleysolidarity.org\/fr\/wp-content\/uploads\/sites\/2\/2025\/12\/kk.jpg","contentUrl":"http:\/\/jordanvalleysolidarity.org\/fr\/wp-content\/uploads\/sites\/2\/2025\/12\/kk.jpg","width":1280,"height":721},{"@type":"BreadcrumbList","@id":"http:\/\/jordanvalleysolidarity.org\/fr\/rapports\/fasayil-al-wusta-les-deplacements-forces-se-poursuivent-dans-la-vallee-du-jourdain\/#breadcrumb","itemListElement":[{"@type":"ListItem","position":1,"name":"Home","item":"http:\/\/jordanvalleysolidarity.org\/fr\/"},{"@type":"ListItem","position":2,"name":"Fasayil al Wusta : Les d\u00e9placements forc\u00e9s se poursuivent dans la vall\u00e9e du Jourdain"}]},{"@type":"WebSite","@id":"http:\/\/jordanvalleysolidarity.org\/fr\/#website","url":"http:\/\/jordanvalleysolidarity.org\/fr\/","name":"Jordan Valley Solidarity FR","description":"Just another Jordan Valley Solidarity Test Sites site","potentialAction":[{"@type":"SearchAction","target":{"@type":"EntryPoint","urlTemplate":"http:\/\/jordanvalleysolidarity.org\/fr\/?s={search_term_string}"},"query-input":"required name=search_term_string"}],"inLanguage":"fr-FR"},{"@type":"Person","@id":"http:\/\/jordanvalleysolidarity.org\/fr\/#\/schema\/person\/b1d4ab48930477ea8ddea5dfcfd6fc25","name":"linafr","image":{"@type":"ImageObject","inLanguage":"fr-FR","@id":"http:\/\/jordanvalleysolidarity.org\/fr\/#\/schema\/person\/image\/","url":"http:\/\/0.gravatar.com\/avatar\/03fdb700e2a59970782a4632148d30ef?s=96&d=mm&r=g","contentUrl":"http:\/\/0.gravatar.com\/avatar\/03fdb700e2a59970782a4632148d30ef?s=96&d=mm&r=g","caption":"linafr"},"url":"http:\/\/jordanvalleysolidarity.org\/fr\/author\/linafr\/"}]}},"_links":{"self":[{"href":"http:\/\/jordanvalleysolidarity.org\/fr\/wp-json\/wp\/v2\/posts\/3407"}],"collection":[{"href":"http:\/\/jordanvalleysolidarity.org\/fr\/wp-json\/wp\/v2\/posts"}],"about":[{"href":"http:\/\/jordanvalleysolidarity.org\/fr\/wp-json\/wp\/v2\/types\/post"}],"author":[{"embeddable":true,"href":"http:\/\/jordanvalleysolidarity.org\/fr\/wp-json\/wp\/v2\/users\/31"}],"replies":[{"embeddable":true,"href":"http:\/\/jordanvalleysolidarity.org\/fr\/wp-json\/wp\/v2\/comments?post=3407"}],"version-history":[{"count":1,"href":"http:\/\/jordanvalleysolidarity.org\/fr\/wp-json\/wp\/v2\/posts\/3407\/revisions"}],"predecessor-version":[{"id":3409,"href":"http:\/\/jordanvalleysolidarity.org\/fr\/wp-json\/wp\/v2\/posts\/3407\/revisions\/3409"}],"wp:featuredmedia":[{"embeddable":true,"href":"http:\/\/jordanvalleysolidarity.org\/fr\/wp-json\/wp\/v2\/media\/3408"}],"wp:attachment":[{"href":"http:\/\/jordanvalleysolidarity.org\/fr\/wp-json\/wp\/v2\/media?parent=3407"}],"wp:term":[{"taxonomy":"category","embeddable":true,"href":"http:\/\/jordanvalleysolidarity.org\/fr\/wp-json\/wp\/v2\/categories?post=3407"},{"taxonomy":"post_tag","embeddable":true,"href":"http:\/\/jordanvalleysolidarity.org\/fr\/wp-json\/wp\/v2\/tags?post=3407"}],"curies":[{"name":"wp","href":"https:\/\/api.w.org\/{rel}","templated":true}]}}