{"id":3383,"date":"2025-12-29T16:16:25","date_gmt":"2025-12-29T16:16:25","guid":{"rendered":"https:\/\/jordanvalleysolidarity.org\/fr\/?p=3383"},"modified":"2025-12-29T16:16:27","modified_gmt":"2025-12-29T16:16:27","slug":"violente-attaque-de-colons-a-ein-al-duyuk-pres-de-jericho","status":"publish","type":"post","link":"http:\/\/jordanvalleysolidarity.org\/fr\/actualite\/violente-attaque-de-colons-a-ein-al-duyuk-pres-de-jericho\/","title":{"rendered":"Violente attaque de colons \u00e0 Ein al-Duyuk, pr\u00e8s de J\u00e9richo"},"content":{"rendered":"\n<p class=\"has-text-align-center\"><strong>La communaut\u00e9 d&rsquo;Ein al-Duyuk, pr\u00e8s de J\u00e9richo, a \u00e9t\u00e9 victime d&rsquo;une attaque brutale perp\u00e9tr\u00e9e par des gangs de colons criminels \u00e0 3 heures du matin le 14 d\u00e9cembre 2025. <\/strong><\/p>\n\n\n\n<p>La communaut\u00e9 subit des attaques r\u00e9p\u00e9t\u00e9es depuis plus de deux mois, pendant lesquels ses habitants pacifiques et non arm\u00e9s ont endur\u00e9 les formes les plus odieuses de violence et de racisme. Il y a d\u00e9j\u00e0 eu de nombreux bless\u00e9s, dont certains gravement, ainsi que des vols de moutons et de biens, des destructions de panneaux solaires, le saccage de maisons, le d\u00e9montage de moustiquaires de fen\u00eatres ainsi que des menaces d&rsquo;incendie criminel et de meurtre.<\/p>\n\n\n\n<p>Les colons ont d\u00e9clar\u00e9 aux habitants : <em>\u00ab Vous devez partir ; ces maisons ne vous appartiennent pas ; c&rsquo;est la terre d&rsquo;Isra\u00ebl \u00bb<\/em>. Ils sont m\u00eame all\u00e9s jusqu&rsquo;\u00e0 frapper des enfants de moins de quatre ans, leur cognant la t\u00eate contre les murs, et \u00e0 battre violemment des personnes \u00e2g\u00e9es, dont certaines ont \u00e9t\u00e9 gravement bless\u00e9es.<\/p>\n\n\n\n<p>Aujourd&rsquo;hui \u00e0 l\u2019aube, deux SUV roulant \u00e0 toute vitesse et transportant plus de dix colons criminels ont attaqu\u00e9 les maisons, en particulier celles o\u00f9 s\u00e9journaient des militants solidaires italiens. Ces derniers ont \u00e9t\u00e9 brutalement battus. Nos amis italiens ont d\u00e9couvert toutes les facettes de la vie du peuple palestinien : la joie, le bonheur, les jeux, les difficult\u00e9s et la tristesse. Et aujourd&rsquo;hui, cette m\u00eame maison, ainsi que trois autres, ont \u00e9t\u00e9 d\u00e9truites. Quelle sorte de vie est-ce donc l\u00e0 ?<\/p>\n\n\n\n<p>Un habitant d&rsquo;Al-Duyuk a \u00e9t\u00e9 violemment frapp\u00e9 au visage et souffre de blessures aux deux genoux, comme le montre la photo ci-dessous.<\/p>\n\n\n\n<figure class=\"wp-block-image size-large\"><img loading=\"lazy\" decoding=\"async\" width=\"484\" height=\"1024\" src=\"https:\/\/jordanvalleysolidarity.org\/fr\/wp-content\/uploads\/sites\/2\/2025\/12\/image-11-484x1024.png\" alt=\"\" class=\"wp-image-3384\" srcset=\"http:\/\/jordanvalleysolidarity.org\/fr\/wp-content\/uploads\/sites\/2\/2025\/12\/image-11-484x1024.png 484w, http:\/\/jordanvalleysolidarity.org\/fr\/wp-content\/uploads\/sites\/2\/2025\/12\/image-11-142x300.png 142w, http:\/\/jordanvalleysolidarity.org\/fr\/wp-content\/uploads\/sites\/2\/2025\/12\/image-11.png 726w\" sizes=\"(max-width: 484px) 100vw, 484px\" \/><\/figure>\n\n\n\n<p>La communaut\u00e9 d&rsquo;Ein al-Duyuk est situ\u00e9e dans le village d&rsquo;al-Duyuk, dans le paysage g\u00e9ographique unique de la vall\u00e9e de J\u00e9richo. La plupart des maisons du village d&rsquo;al-Duyuk se trouvent sous le niveau de la mer, tandis que la communaut\u00e9 d&rsquo;Ein al-Duyuk est situ\u00e9e dans une zone plus \u00e9lev\u00e9e. Cela signifie qu&rsquo;il n&rsquo;y a pas de lien g\u00e9ographique entre le village et la communaut\u00e9, car les montagnes Qarantal les s\u00e9parent. Le village d&rsquo;al-Duyuk compte plus de 4 500 habitants, tandis que la communaut\u00e9 en compte aujourd&rsquo;hui plus de 100, principalement des enfants et des personnes \u00e2g\u00e9es. La communaut\u00e9 souffre de marginalisation, sans pratiquement aucune protection ni infrastructure.<\/p>\n\n\n\n<p>De plus, les colons ont \u00e9rig\u00e9 une barri\u00e8re au d\u00e9but de la route militaire qui borde la communaut\u00e9. Cette route est la seule voie d&rsquo;acc\u00e8s, serpentant \u00e0 travers les montagnes escarp\u00e9es. JVS travaille avec la communaut\u00e9 pour ouvrir une route secondaire, en faisant appel aux autorit\u00e9s comp\u00e9tentes et en planifiant le processus de construction. Une partie du village d&rsquo;Al-Duyuk se trouve dans la zone A (class\u00e9e comme \u00e9tant sous le contr\u00f4le total de l&rsquo;Autorit\u00e9 nationale Palestinienne, selon les accords d&rsquo;Oslo) et une autre partie dans la zone B (avec un contr\u00f4le th\u00e9orique conjoint entre l&rsquo;Autorit\u00e9 nationale Palestinienne et l&rsquo;occupant). Par cons\u00e9quent, une route reliant les zones r\u00e9sidentielles d&rsquo;Al-Duyuk et d&rsquo;Ein al-Duyuk, toutes deux situ\u00e9es dans la zone A, est cruciale d&rsquo;un point de vue national et moral. Elle renforcerait la r\u00e9silience des habitants, les aiderait \u00e0 pr\u00e9server leurs terres et leur permettrait d&rsquo;y acc\u00e9der sans coordination pr\u00e9alable.<\/p>\n\n\n\n<p>Ein El-Duyuk est en proie \u00e0 une crise, partie int\u00e9grante de la dure r\u00e9alit\u00e9 des Palestiniens de la vall\u00e9e du Jourdain.<\/p>\n<!-- AddThis Advanced Settings generic via filter on the_content --><!-- AddThis Share Buttons generic via filter on the_content -->","protected":false},"excerpt":{"rendered":"<p>La communaut\u00e9 d&rsquo;Ein al-Duyuk, pr\u00e8s de J\u00e9richo, a \u00e9t\u00e9 victime d&rsquo;une attaque brutale perp\u00e9tr\u00e9e par des gangs de colons criminels [&hellip;]<!-- AddThis Advanced Settings generic via filter on get_the_excerpt --><!-- AddThis Share Buttons generic via filter on get_the_excerpt --><\/p>\n","protected":false},"author":31,"featured_media":3384,"comment_status":"closed","ping_status":"closed","sticky":false,"template":"","format":"standard","meta":{"footnotes":""},"categories":[18],"tags":[],"yoast_head":"<!-- This site is optimized with the Yoast SEO plugin v22.8 - https:\/\/yoast.com\/wordpress\/plugins\/seo\/ -->\n<title>Violente attaque de colons \u00e0 Ein al-Duyuk, pr\u00e8s de J\u00e9richo - Jordan Valley Solidarity FR<\/title>\n<meta name=\"robots\" content=\"index, follow, max-snippet:-1, max-image-preview:large, max-video-preview:-1\" \/>\n<link rel=\"canonical\" href=\"http:\/\/jordanvalleysolidarity.org\/fr\/actualite\/violente-attaque-de-colons-a-ein-al-duyuk-pres-de-jericho\/\" \/>\n<meta property=\"og:locale\" content=\"fr_FR\" \/>\n<meta property=\"og:type\" content=\"article\" \/>\n<meta property=\"og:title\" content=\"Violente attaque de colons \u00e0 Ein al-Duyuk, pr\u00e8s de J\u00e9richo - Jordan Valley Solidarity FR\" \/>\n<meta property=\"og:description\" content=\"La communaut\u00e9 d&rsquo;Ein al-Duyuk, pr\u00e8s de J\u00e9richo, a \u00e9t\u00e9 victime d&rsquo;une attaque brutale perp\u00e9tr\u00e9e par des gangs de colons criminels [&hellip;]\" \/>\n<meta property=\"og:url\" content=\"http:\/\/jordanvalleysolidarity.org\/fr\/actualite\/violente-attaque-de-colons-a-ein-al-duyuk-pres-de-jericho\/\" \/>\n<meta property=\"og:site_name\" content=\"Jordan Valley Solidarity FR\" \/>\n<meta property=\"article:published_time\" content=\"2025-12-29T16:16:25+00:00\" \/>\n<meta property=\"article:modified_time\" content=\"2025-12-29T16:16:27+00:00\" \/>\n<meta property=\"og:image\" content=\"http:\/\/jordanvalleysolidarity.org\/fr\/wp-content\/uploads\/sites\/2\/2025\/12\/image-11.png\" \/>\n\t<meta property=\"og:image:width\" content=\"726\" \/>\n\t<meta property=\"og:image:height\" content=\"1536\" \/>\n\t<meta property=\"og:image:type\" content=\"image\/png\" \/>\n<meta name=\"author\" content=\"linafr\" \/>\n<meta name=\"twitter:card\" content=\"summary_large_image\" \/>\n<meta name=\"twitter:label1\" content=\"\u00c9crit par\" \/>\n\t<meta name=\"twitter:data1\" content=\"linafr\" \/>\n\t<meta name=\"twitter:label2\" content=\"Dur\u00e9e de lecture estim\u00e9e\" \/>\n\t<meta name=\"twitter:data2\" content=\"4 minutes\" \/>\n<script type=\"application\/ld+json\" class=\"yoast-schema-graph\">{\"@context\":\"https:\/\/schema.org\",\"@graph\":[{\"@type\":\"WebPage\",\"@id\":\"http:\/\/jordanvalleysolidarity.org\/fr\/actualite\/violente-attaque-de-colons-a-ein-al-duyuk-pres-de-jericho\/\",\"url\":\"http:\/\/jordanvalleysolidarity.org\/fr\/actualite\/violente-attaque-de-colons-a-ein-al-duyuk-pres-de-jericho\/\",\"name\":\"Violente attaque de colons \u00e0 Ein al-Duyuk, pr\u00e8s de J\u00e9richo - Jordan Valley Solidarity FR\",\"isPartOf\":{\"@id\":\"http:\/\/jordanvalleysolidarity.org\/fr\/#website\"},\"primaryImageOfPage\":{\"@id\":\"http:\/\/jordanvalleysolidarity.org\/fr\/actualite\/violente-attaque-de-colons-a-ein-al-duyuk-pres-de-jericho\/#primaryimage\"},\"image\":{\"@id\":\"http:\/\/jordanvalleysolidarity.org\/fr\/actualite\/violente-attaque-de-colons-a-ein-al-duyuk-pres-de-jericho\/#primaryimage\"},\"thumbnailUrl\":\"http:\/\/jordanvalleysolidarity.org\/fr\/wp-content\/uploads\/sites\/2\/2025\/12\/image-11.png\",\"datePublished\":\"2025-12-29T16:16:25+00:00\",\"dateModified\":\"2025-12-29T16:16:27+00:00\",\"author\":{\"@id\":\"http:\/\/jordanvalleysolidarity.org\/fr\/#\/schema\/person\/b1d4ab48930477ea8ddea5dfcfd6fc25\"},\"breadcrumb\":{\"@id\":\"http:\/\/jordanvalleysolidarity.org\/fr\/actualite\/violente-attaque-de-colons-a-ein-al-duyuk-pres-de-jericho\/#breadcrumb\"},\"inLanguage\":\"fr-FR\",\"potentialAction\":[{\"@type\":\"ReadAction\",\"target\":[\"http:\/\/jordanvalleysolidarity.org\/fr\/actualite\/violente-attaque-de-colons-a-ein-al-duyuk-pres-de-jericho\/\"]}]},{\"@type\":\"ImageObject\",\"inLanguage\":\"fr-FR\",\"@id\":\"http:\/\/jordanvalleysolidarity.org\/fr\/actualite\/violente-attaque-de-colons-a-ein-al-duyuk-pres-de-jericho\/#primaryimage\",\"url\":\"http:\/\/jordanvalleysolidarity.org\/fr\/wp-content\/uploads\/sites\/2\/2025\/12\/image-11.png\",\"contentUrl\":\"http:\/\/jordanvalleysolidarity.org\/fr\/wp-content\/uploads\/sites\/2\/2025\/12\/image-11.png\",\"width\":726,\"height\":1536},{\"@type\":\"BreadcrumbList\",\"@id\":\"http:\/\/jordanvalleysolidarity.org\/fr\/actualite\/violente-attaque-de-colons-a-ein-al-duyuk-pres-de-jericho\/#breadcrumb\",\"itemListElement\":[{\"@type\":\"ListItem\",\"position\":1,\"name\":\"Home\",\"item\":\"http:\/\/jordanvalleysolidarity.org\/fr\/\"},{\"@type\":\"ListItem\",\"position\":2,\"name\":\"Violente attaque de colons \u00e0 Ein al-Duyuk, pr\u00e8s de J\u00e9richo\"}]},{\"@type\":\"WebSite\",\"@id\":\"http:\/\/jordanvalleysolidarity.org\/fr\/#website\",\"url\":\"http:\/\/jordanvalleysolidarity.org\/fr\/\",\"name\":\"Jordan Valley Solidarity FR\",\"description\":\"Just another Jordan Valley Solidarity Test Sites site\",\"potentialAction\":[{\"@type\":\"SearchAction\",\"target\":{\"@type\":\"EntryPoint\",\"urlTemplate\":\"http:\/\/jordanvalleysolidarity.org\/fr\/?s={search_term_string}\"},\"query-input\":\"required name=search_term_string\"}],\"inLanguage\":\"fr-FR\"},{\"@type\":\"Person\",\"@id\":\"http:\/\/jordanvalleysolidarity.org\/fr\/#\/schema\/person\/b1d4ab48930477ea8ddea5dfcfd6fc25\",\"name\":\"linafr\",\"image\":{\"@type\":\"ImageObject\",\"inLanguage\":\"fr-FR\",\"@id\":\"http:\/\/jordanvalleysolidarity.org\/fr\/#\/schema\/person\/image\/\",\"url\":\"http:\/\/0.gravatar.com\/avatar\/03fdb700e2a59970782a4632148d30ef?s=96&d=mm&r=g\",\"contentUrl\":\"http:\/\/0.gravatar.com\/avatar\/03fdb700e2a59970782a4632148d30ef?s=96&d=mm&r=g\",\"caption\":\"linafr\"},\"url\":\"http:\/\/jordanvalleysolidarity.org\/fr\/author\/linafr\/\"}]}<\/script>\n<!-- \/ Yoast SEO plugin. -->","yoast_head_json":{"title":"Violente attaque de colons \u00e0 Ein al-Duyuk, pr\u00e8s de J\u00e9richo - Jordan Valley Solidarity FR","robots":{"index":"index","follow":"follow","max-snippet":"max-snippet:-1","max-image-preview":"max-image-preview:large","max-video-preview":"max-video-preview:-1"},"canonical":"http:\/\/jordanvalleysolidarity.org\/fr\/actualite\/violente-attaque-de-colons-a-ein-al-duyuk-pres-de-jericho\/","og_locale":"fr_FR","og_type":"article","og_title":"Violente attaque de colons \u00e0 Ein al-Duyuk, pr\u00e8s de J\u00e9richo - Jordan Valley Solidarity FR","og_description":"La communaut\u00e9 d&rsquo;Ein al-Duyuk, pr\u00e8s de J\u00e9richo, a \u00e9t\u00e9 victime d&rsquo;une attaque brutale perp\u00e9tr\u00e9e par des gangs de colons criminels [&hellip;]","og_url":"http:\/\/jordanvalleysolidarity.org\/fr\/actualite\/violente-attaque-de-colons-a-ein-al-duyuk-pres-de-jericho\/","og_site_name":"Jordan Valley Solidarity FR","article_published_time":"2025-12-29T16:16:25+00:00","article_modified_time":"2025-12-29T16:16:27+00:00","og_image":[{"width":726,"height":1536,"url":"http:\/\/jordanvalleysolidarity.org\/fr\/wp-content\/uploads\/sites\/2\/2025\/12\/image-11.png","type":"image\/png"}],"author":"linafr","twitter_card":"summary_large_image","twitter_misc":{"\u00c9crit par":"linafr","Dur\u00e9e de lecture estim\u00e9e":"4 minutes"},"schema":{"@context":"https:\/\/schema.org","@graph":[{"@type":"WebPage","@id":"http:\/\/jordanvalleysolidarity.org\/fr\/actualite\/violente-attaque-de-colons-a-ein-al-duyuk-pres-de-jericho\/","url":"http:\/\/jordanvalleysolidarity.org\/fr\/actualite\/violente-attaque-de-colons-a-ein-al-duyuk-pres-de-jericho\/","name":"Violente attaque de colons \u00e0 Ein al-Duyuk, pr\u00e8s de J\u00e9richo - Jordan Valley Solidarity FR","isPartOf":{"@id":"http:\/\/jordanvalleysolidarity.org\/fr\/#website"},"primaryImageOfPage":{"@id":"http:\/\/jordanvalleysolidarity.org\/fr\/actualite\/violente-attaque-de-colons-a-ein-al-duyuk-pres-de-jericho\/#primaryimage"},"image":{"@id":"http:\/\/jordanvalleysolidarity.org\/fr\/actualite\/violente-attaque-de-colons-a-ein-al-duyuk-pres-de-jericho\/#primaryimage"},"thumbnailUrl":"http:\/\/jordanvalleysolidarity.org\/fr\/wp-content\/uploads\/sites\/2\/2025\/12\/image-11.png","datePublished":"2025-12-29T16:16:25+00:00","dateModified":"2025-12-29T16:16:27+00:00","author":{"@id":"http:\/\/jordanvalleysolidarity.org\/fr\/#\/schema\/person\/b1d4ab48930477ea8ddea5dfcfd6fc25"},"breadcrumb":{"@id":"http:\/\/jordanvalleysolidarity.org\/fr\/actualite\/violente-attaque-de-colons-a-ein-al-duyuk-pres-de-jericho\/#breadcrumb"},"inLanguage":"fr-FR","potentialAction":[{"@type":"ReadAction","target":["http:\/\/jordanvalleysolidarity.org\/fr\/actualite\/violente-attaque-de-colons-a-ein-al-duyuk-pres-de-jericho\/"]}]},{"@type":"ImageObject","inLanguage":"fr-FR","@id":"http:\/\/jordanvalleysolidarity.org\/fr\/actualite\/violente-attaque-de-colons-a-ein-al-duyuk-pres-de-jericho\/#primaryimage","url":"http:\/\/jordanvalleysolidarity.org\/fr\/wp-content\/uploads\/sites\/2\/2025\/12\/image-11.png","contentUrl":"http:\/\/jordanvalleysolidarity.org\/fr\/wp-content\/uploads\/sites\/2\/2025\/12\/image-11.png","width":726,"height":1536},{"@type":"BreadcrumbList","@id":"http:\/\/jordanvalleysolidarity.org\/fr\/actualite\/violente-attaque-de-colons-a-ein-al-duyuk-pres-de-jericho\/#breadcrumb","itemListElement":[{"@type":"ListItem","position":1,"name":"Home","item":"http:\/\/jordanvalleysolidarity.org\/fr\/"},{"@type":"ListItem","position":2,"name":"Violente attaque de colons \u00e0 Ein al-Duyuk, pr\u00e8s de J\u00e9richo"}]},{"@type":"WebSite","@id":"http:\/\/jordanvalleysolidarity.org\/fr\/#website","url":"http:\/\/jordanvalleysolidarity.org\/fr\/","name":"Jordan Valley Solidarity FR","description":"Just another Jordan Valley Solidarity Test Sites site","potentialAction":[{"@type":"SearchAction","target":{"@type":"EntryPoint","urlTemplate":"http:\/\/jordanvalleysolidarity.org\/fr\/?s={search_term_string}"},"query-input":"required name=search_term_string"}],"inLanguage":"fr-FR"},{"@type":"Person","@id":"http:\/\/jordanvalleysolidarity.org\/fr\/#\/schema\/person\/b1d4ab48930477ea8ddea5dfcfd6fc25","name":"linafr","image":{"@type":"ImageObject","inLanguage":"fr-FR","@id":"http:\/\/jordanvalleysolidarity.org\/fr\/#\/schema\/person\/image\/","url":"http:\/\/0.gravatar.com\/avatar\/03fdb700e2a59970782a4632148d30ef?s=96&d=mm&r=g","contentUrl":"http:\/\/0.gravatar.com\/avatar\/03fdb700e2a59970782a4632148d30ef?s=96&d=mm&r=g","caption":"linafr"},"url":"http:\/\/jordanvalleysolidarity.org\/fr\/author\/linafr\/"}]}},"_links":{"self":[{"href":"http:\/\/jordanvalleysolidarity.org\/fr\/wp-json\/wp\/v2\/posts\/3383"}],"collection":[{"href":"http:\/\/jordanvalleysolidarity.org\/fr\/wp-json\/wp\/v2\/posts"}],"about":[{"href":"http:\/\/jordanvalleysolidarity.org\/fr\/wp-json\/wp\/v2\/types\/post"}],"author":[{"embeddable":true,"href":"http:\/\/jordanvalleysolidarity.org\/fr\/wp-json\/wp\/v2\/users\/31"}],"replies":[{"embeddable":true,"href":"http:\/\/jordanvalleysolidarity.org\/fr\/wp-json\/wp\/v2\/comments?post=3383"}],"version-history":[{"count":1,"href":"http:\/\/jordanvalleysolidarity.org\/fr\/wp-json\/wp\/v2\/posts\/3383\/revisions"}],"predecessor-version":[{"id":3385,"href":"http:\/\/jordanvalleysolidarity.org\/fr\/wp-json\/wp\/v2\/posts\/3383\/revisions\/3385"}],"wp:featuredmedia":[{"embeddable":true,"href":"http:\/\/jordanvalleysolidarity.org\/fr\/wp-json\/wp\/v2\/media\/3384"}],"wp:attachment":[{"href":"http:\/\/jordanvalleysolidarity.org\/fr\/wp-json\/wp\/v2\/media?parent=3383"}],"wp:term":[{"taxonomy":"category","embeddable":true,"href":"http:\/\/jordanvalleysolidarity.org\/fr\/wp-json\/wp\/v2\/categories?post=3383"},{"taxonomy":"post_tag","embeddable":true,"href":"http:\/\/jordanvalleysolidarity.org\/fr\/wp-json\/wp\/v2\/tags?post=3383"}],"curies":[{"name":"wp","href":"https:\/\/api.w.org\/{rel}","templated":true}]}}