{"id":3368,"date":"2025-12-29T15:32:15","date_gmt":"2025-12-29T15:32:15","guid":{"rendered":"https:\/\/jordanvalleysolidarity.org\/fr\/?p=3368"},"modified":"2025-12-29T15:32:17","modified_gmt":"2025-12-29T15:32:17","slug":"loccupation-accelere-ses-plans-dannexion-de-la-vallee-du-jourdain-et-de-confiscation-des-terres-palestiniennes","status":"publish","type":"post","link":"http:\/\/jordanvalleysolidarity.org\/fr\/actualite\/loccupation-accelere-ses-plans-dannexion-de-la-vallee-du-jourdain-et-de-confiscation-des-terres-palestiniennes\/","title":{"rendered":"L&rsquo;occupation acc\u00e9l\u00e8re ses plans d&rsquo;annexion de la vall\u00e9e du Jourdain et de confiscation des terres palestiniennes"},"content":{"rendered":"\n<p class=\"has-text-align-center\"><strong><em>\u00ab\u00a0Par cette politique d&rsquo;apartheid et de discrimination, le gouvernement occupant confine plus de 50&nbsp;000 habitants dans des prisons insalubres, les coupant de la vie, de l&rsquo;\u00e9conomie et de la libert\u00e9 de travailler, de circuler, d&rsquo;acc\u00e9der \u00e0 l&rsquo;\u00e9ducation et aux soins de sant\u00e9. L&rsquo;occupation agit ainsi pour d\u00e9truire les ressources n\u00e9cessaires \u00e0 la survie et \u00e0 la vie, et m\u00eame pour intensifier la violence et la destruction afin de chasser tous les Palestiniens de leurs terres\u00a0\u00bb<\/em><br><\/strong><br>Rashid Khudairi, Solidarit\u00e9 de la Vall\u00e9e du Jourdain<strong><br><\/strong><\/p>\n\n\n\n<p>Des articles publi\u00e9s dans Haaretz, citant un document militaire, ont r\u00e9v\u00e9l\u00e9 les plans de l&rsquo;\u00c9tat sioniste visant \u00e0 construire un mur de s\u00e9paration dans la vall\u00e9e du Jourdain, afin d&rsquo;isoler les colonies sionistes des villages palestiniens et de s\u00e9parer les villages palestiniens les uns des autres.<\/p>\n\n\n\n<p>Le mur pr\u00e9vu sera long de 22 kilom\u00e8tres et large de 50 m\u00e8tres, et l&rsquo;arm\u00e9e d\u00e9molira toutes les maisons et tous les b\u00e2timents palestiniens situ\u00e9s le long de son trac\u00e9.<\/p>\n\n\n\n<p>Les informations fournies par l&rsquo;Autorit\u00e9 de R\u00e9sistance Contre le Mur et les Colonies (Anti-Wall and Settlement Resistance Authority) montrent que les autorit\u00e9s d&rsquo;occupation ont saisi 1 042 dunams (104 hectares) de terres \u00e0 Tubas et dans le nord de la vall\u00e9e du Jourdain gr\u00e2ce \u00e0 9 ordres de saisie militaires. Ceux-ci visent principalement Tammun, Tayasir, Talouza et Tubas, en vue de la construction d&rsquo;une route de 22 kilom\u00e8tres de long s&rsquo;\u00e9tendant d&rsquo;Ein Shibli au sud \u00e0 Al-Aqaba au nord.<\/p>\n\n\n\n<figure class=\"wp-block-image size-full\"><img loading=\"lazy\" decoding=\"async\" width=\"773\" height=\"1024\" src=\"https:\/\/jordanvalleysolidarity.org\/fr\/wp-content\/uploads\/sites\/2\/2025\/12\/image-1.png\" alt=\"\" class=\"wp-image-3347\" srcset=\"http:\/\/jordanvalleysolidarity.org\/fr\/wp-content\/uploads\/sites\/2\/2025\/12\/image-1.png 773w, http:\/\/jordanvalleysolidarity.org\/fr\/wp-content\/uploads\/sites\/2\/2025\/12\/image-1-226x300.png 226w, http:\/\/jordanvalleysolidarity.org\/fr\/wp-content\/uploads\/sites\/2\/2025\/12\/image-1-768x1017.png 768w\" sizes=\"(max-width: 773px) 100vw, 773px\" \/><\/figure>\n\n\n\n<p>L&rsquo; Autorit\u00e9 de R\u00e9sistance Contre le Mur et les Colonies a pr\u00e9cis\u00e9 que, bien que les ordonnances semblent distinctes, lorsqu&rsquo;elles sont mises en parall\u00e8le, elles forment un projet unique visant \u00e0 cr\u00e9er un corridor strat\u00e9gique au service de l&rsquo;arm\u00e9e isra\u00e9lienne et des colons, encerclant la r\u00e9gion de Khirbet Yarza et emp\u00eachant les Palestiniens d&rsquo;acc\u00e9der aux p\u00e2turages des plaines orientales qui s&rsquo;\u00e9tendent sur des dizaines de milliers de dunams.<\/p>\n\n\n\n<p>La route est class\u00e9e comme \u00ab route de s\u00e9curit\u00e9 \u00bb, une d\u00e9signation g\u00e9n\u00e9ralement utilis\u00e9e par les autorit\u00e9s d&rsquo;occupation pour ouvrir des voies militaires qui, par la suite (dans 90 % des cas), se transforment en routes desservant les colonies et s\u00e9parant les communaut\u00e9s palestiniennes.<\/p>\n\n\n\n<p>La zone confisqu\u00e9e forme une large bande de terre qui va remodeler le paysage g\u00e9ographique, cr\u00e9ant une barri\u00e8re physique entre la ville de Tubas et les villages voisins, ouvrant la voie \u00e0 l&rsquo;expansion des colonies et \u00e0 leur raccordement \u00e0 un r\u00e9seau routier plus vaste.<\/p>\n\n\n\n<p>La r\u00e9gion conna\u00eet d\u00e9j\u00e0 une nette escalade des attaques des colons, ce qui confirme que le projet s&rsquo;inscrit dans un plan visant \u00e0 approfondir l&rsquo;annexion de facto de la vall\u00e9e du Jourdain et \u00e0 renforcer le contr\u00f4le de l&rsquo;occupation sur celle-ci.<\/p>\n\n\n\n<p>Les forces d&rsquo;occupation ont \u00e9galement \u00e9mis des avis de d\u00e9molition pour des serres, des b\u00e2timents agricoles et des habitations d&rsquo;agriculteurs \u00e0 Tubas et dans la vall\u00e9e du Jourdain au cours de la semaine derni\u00e8re. Dans le cadre d&rsquo;une intensification de la pression sur les communaut\u00e9s locales, ces ordres sont accompagn\u00e9s d&rsquo;un avertissement : si les propri\u00e9taires ne d\u00e9molissent pas eux-m\u00eames leurs b\u00e2timents, ils s&rsquo;exposent \u00e0 des amendes exorbitantes. Ces frais sont officiellement pr\u00e9sent\u00e9s comme les co\u00fbts support\u00e9s par l&rsquo;occupation pour proc\u00e9der \u00e0 la d\u00e9molition. En r\u00e9alit\u00e9, il s\u2019agit d\u2019une sanction contre toute personne qui ne se conforme pas aux ordres de l&rsquo;occupation afin de ruiner \u00e9conomiquement les agriculteurs palestiniens de la r\u00e9gion, les for\u00e7ant \u00e0 quitter leurs terres.<\/p>\n\n\n\n<p><strong>Rashid Khudairi, de Jordan Valley Solidarity, a d\u00e9clar\u00e9 :<\/strong><br>\u00ab Ils mettent en \u0153uvre les plans d&rsquo;annexion discut\u00e9s il y a des ann\u00e9es par le pr\u00e9sident Trump et le Premier ministre isra\u00e9lien Netanyahu, les forces d&rsquo;occupation ont commenc\u00e9 \u00e0 les mettre en oeuvre dans la vall\u00e9e du Jourdain. Cela revient \u00e0 isoler tous les villages et terres palestiniens du reste des gouvernorats de Cisjordanie et \u00e0 emp\u00eacher les habitants d&rsquo;acc\u00e9der \u00e0 leurs terres. Dans les gouvernorats de Tubas et de la vall\u00e9e du Jourdain, d&rsquo;une superficie de 415 kilom\u00e8tres carr\u00e9s, environ 74 % des terres des populations de Tubas et de Tammun seront isol\u00e9es. Cela aura des cons\u00e9quences d\u00e9sastreuses sur l&rsquo;\u00e9conomie des fermiers, en particulier dans le secteur agricole, ainsi que dans le secteur de l&rsquo;\u00e9levage. \u00c0 travers cette politique d&rsquo;apartheid et de discrimination, le gouvernement d\u2019occupation place plus de 50 000 habitants dans une prison inhabitable, les isolant de la vie, de l&rsquo;\u00e9conomie et de la libert\u00e9 de travailler, de se d\u00e9placer, d&rsquo;acc\u00e9der \u00e0 l&rsquo;\u00e9ducation et aux soins de sant\u00e9. Tout cela est fait par l&rsquo;occupant afin de d\u00e9truire les ressources n\u00e9cessaires \u00e0 la survie et \u00e0 la vie, et afin d&rsquo;intensifier la violence et la destruction dans le but de d\u00e9placer tous les Palestiniens de leurs terres.&nbsp;\u00bb<\/p>\n<!-- AddThis Advanced Settings generic via filter on the_content --><!-- AddThis Share Buttons generic via filter on the_content -->","protected":false},"excerpt":{"rendered":"<p>\u00ab\u00a0Par cette politique d&rsquo;apartheid et de discrimination, le gouvernement occupant confine plus de 50&nbsp;000 habitants dans des prisons insalubres, les [&hellip;]<!-- AddThis Advanced Settings generic via filter on get_the_excerpt --><!-- AddThis Share Buttons generic via filter on get_the_excerpt --><\/p>\n","protected":false},"author":31,"featured_media":3347,"comment_status":"closed","ping_status":"closed","sticky":false,"template":"","format":"standard","meta":{"footnotes":""},"categories":[18],"tags":[],"yoast_head":"<!-- This site is optimized with the Yoast SEO plugin v22.8 - https:\/\/yoast.com\/wordpress\/plugins\/seo\/ -->\n<title>L&#039;occupation acc\u00e9l\u00e8re ses plans d&#039;annexion de la vall\u00e9e du Jourdain et de confiscation des terres palestiniennes - Jordan Valley Solidarity FR<\/title>\n<meta name=\"robots\" content=\"index, follow, max-snippet:-1, max-image-preview:large, max-video-preview:-1\" \/>\n<link rel=\"canonical\" href=\"http:\/\/jordanvalleysolidarity.org\/fr\/actualite\/loccupation-accelere-ses-plans-dannexion-de-la-vallee-du-jourdain-et-de-confiscation-des-terres-palestiniennes\/\" \/>\n<meta property=\"og:locale\" content=\"fr_FR\" \/>\n<meta property=\"og:type\" content=\"article\" \/>\n<meta property=\"og:title\" content=\"L&#039;occupation acc\u00e9l\u00e8re ses plans d&#039;annexion de la vall\u00e9e du Jourdain et de confiscation des terres palestiniennes - Jordan Valley Solidarity FR\" \/>\n<meta property=\"og:description\" content=\"\u00ab\u00a0Par cette politique d&rsquo;apartheid et de discrimination, le gouvernement occupant confine plus de 50&nbsp;000 habitants dans des prisons insalubres, les [&hellip;]\" \/>\n<meta property=\"og:url\" content=\"http:\/\/jordanvalleysolidarity.org\/fr\/actualite\/loccupation-accelere-ses-plans-dannexion-de-la-vallee-du-jourdain-et-de-confiscation-des-terres-palestiniennes\/\" \/>\n<meta property=\"og:site_name\" content=\"Jordan Valley Solidarity FR\" \/>\n<meta property=\"article:published_time\" content=\"2025-12-29T15:32:15+00:00\" \/>\n<meta property=\"article:modified_time\" content=\"2025-12-29T15:32:17+00:00\" \/>\n<meta property=\"og:image\" content=\"http:\/\/jordanvalleysolidarity.org\/fr\/wp-content\/uploads\/sites\/2\/2025\/12\/image-1.png\" \/>\n\t<meta property=\"og:image:width\" content=\"773\" \/>\n\t<meta property=\"og:image:height\" content=\"1024\" \/>\n\t<meta property=\"og:image:type\" content=\"image\/png\" \/>\n<meta name=\"author\" content=\"linafr\" \/>\n<meta name=\"twitter:card\" content=\"summary_large_image\" \/>\n<meta name=\"twitter:label1\" content=\"\u00c9crit par\" \/>\n\t<meta name=\"twitter:data1\" content=\"linafr\" \/>\n\t<meta name=\"twitter:label2\" content=\"Dur\u00e9e de lecture estim\u00e9e\" \/>\n\t<meta name=\"twitter:data2\" content=\"5 minutes\" \/>\n<script type=\"application\/ld+json\" class=\"yoast-schema-graph\">{\"@context\":\"https:\/\/schema.org\",\"@graph\":[{\"@type\":\"WebPage\",\"@id\":\"http:\/\/jordanvalleysolidarity.org\/fr\/actualite\/loccupation-accelere-ses-plans-dannexion-de-la-vallee-du-jourdain-et-de-confiscation-des-terres-palestiniennes\/\",\"url\":\"http:\/\/jordanvalleysolidarity.org\/fr\/actualite\/loccupation-accelere-ses-plans-dannexion-de-la-vallee-du-jourdain-et-de-confiscation-des-terres-palestiniennes\/\",\"name\":\"L'occupation acc\u00e9l\u00e8re ses plans d'annexion de la vall\u00e9e du Jourdain et de confiscation des terres palestiniennes - Jordan Valley Solidarity FR\",\"isPartOf\":{\"@id\":\"http:\/\/jordanvalleysolidarity.org\/fr\/#website\"},\"primaryImageOfPage\":{\"@id\":\"http:\/\/jordanvalleysolidarity.org\/fr\/actualite\/loccupation-accelere-ses-plans-dannexion-de-la-vallee-du-jourdain-et-de-confiscation-des-terres-palestiniennes\/#primaryimage\"},\"image\":{\"@id\":\"http:\/\/jordanvalleysolidarity.org\/fr\/actualite\/loccupation-accelere-ses-plans-dannexion-de-la-vallee-du-jourdain-et-de-confiscation-des-terres-palestiniennes\/#primaryimage\"},\"thumbnailUrl\":\"http:\/\/jordanvalleysolidarity.org\/fr\/wp-content\/uploads\/sites\/2\/2025\/12\/image-1.png\",\"datePublished\":\"2025-12-29T15:32:15+00:00\",\"dateModified\":\"2025-12-29T15:32:17+00:00\",\"author\":{\"@id\":\"http:\/\/jordanvalleysolidarity.org\/fr\/#\/schema\/person\/b1d4ab48930477ea8ddea5dfcfd6fc25\"},\"breadcrumb\":{\"@id\":\"http:\/\/jordanvalleysolidarity.org\/fr\/actualite\/loccupation-accelere-ses-plans-dannexion-de-la-vallee-du-jourdain-et-de-confiscation-des-terres-palestiniennes\/#breadcrumb\"},\"inLanguage\":\"fr-FR\",\"potentialAction\":[{\"@type\":\"ReadAction\",\"target\":[\"http:\/\/jordanvalleysolidarity.org\/fr\/actualite\/loccupation-accelere-ses-plans-dannexion-de-la-vallee-du-jourdain-et-de-confiscation-des-terres-palestiniennes\/\"]}]},{\"@type\":\"ImageObject\",\"inLanguage\":\"fr-FR\",\"@id\":\"http:\/\/jordanvalleysolidarity.org\/fr\/actualite\/loccupation-accelere-ses-plans-dannexion-de-la-vallee-du-jourdain-et-de-confiscation-des-terres-palestiniennes\/#primaryimage\",\"url\":\"http:\/\/jordanvalleysolidarity.org\/fr\/wp-content\/uploads\/sites\/2\/2025\/12\/image-1.png\",\"contentUrl\":\"http:\/\/jordanvalleysolidarity.org\/fr\/wp-content\/uploads\/sites\/2\/2025\/12\/image-1.png\",\"width\":773,\"height\":1024},{\"@type\":\"BreadcrumbList\",\"@id\":\"http:\/\/jordanvalleysolidarity.org\/fr\/actualite\/loccupation-accelere-ses-plans-dannexion-de-la-vallee-du-jourdain-et-de-confiscation-des-terres-palestiniennes\/#breadcrumb\",\"itemListElement\":[{\"@type\":\"ListItem\",\"position\":1,\"name\":\"Home\",\"item\":\"http:\/\/jordanvalleysolidarity.org\/fr\/\"},{\"@type\":\"ListItem\",\"position\":2,\"name\":\"L&rsquo;occupation acc\u00e9l\u00e8re ses plans d&rsquo;annexion de la vall\u00e9e du Jourdain et de confiscation des terres palestiniennes\"}]},{\"@type\":\"WebSite\",\"@id\":\"http:\/\/jordanvalleysolidarity.org\/fr\/#website\",\"url\":\"http:\/\/jordanvalleysolidarity.org\/fr\/\",\"name\":\"Jordan Valley Solidarity FR\",\"description\":\"Just another Jordan Valley Solidarity Test Sites site\",\"potentialAction\":[{\"@type\":\"SearchAction\",\"target\":{\"@type\":\"EntryPoint\",\"urlTemplate\":\"http:\/\/jordanvalleysolidarity.org\/fr\/?s={search_term_string}\"},\"query-input\":\"required name=search_term_string\"}],\"inLanguage\":\"fr-FR\"},{\"@type\":\"Person\",\"@id\":\"http:\/\/jordanvalleysolidarity.org\/fr\/#\/schema\/person\/b1d4ab48930477ea8ddea5dfcfd6fc25\",\"name\":\"linafr\",\"image\":{\"@type\":\"ImageObject\",\"inLanguage\":\"fr-FR\",\"@id\":\"http:\/\/jordanvalleysolidarity.org\/fr\/#\/schema\/person\/image\/\",\"url\":\"http:\/\/0.gravatar.com\/avatar\/03fdb700e2a59970782a4632148d30ef?s=96&d=mm&r=g\",\"contentUrl\":\"http:\/\/0.gravatar.com\/avatar\/03fdb700e2a59970782a4632148d30ef?s=96&d=mm&r=g\",\"caption\":\"linafr\"},\"url\":\"http:\/\/jordanvalleysolidarity.org\/fr\/author\/linafr\/\"}]}<\/script>\n<!-- \/ Yoast SEO plugin. -->","yoast_head_json":{"title":"L'occupation acc\u00e9l\u00e8re ses plans d'annexion de la vall\u00e9e du Jourdain et de confiscation des terres palestiniennes - Jordan Valley Solidarity FR","robots":{"index":"index","follow":"follow","max-snippet":"max-snippet:-1","max-image-preview":"max-image-preview:large","max-video-preview":"max-video-preview:-1"},"canonical":"http:\/\/jordanvalleysolidarity.org\/fr\/actualite\/loccupation-accelere-ses-plans-dannexion-de-la-vallee-du-jourdain-et-de-confiscation-des-terres-palestiniennes\/","og_locale":"fr_FR","og_type":"article","og_title":"L'occupation acc\u00e9l\u00e8re ses plans d'annexion de la vall\u00e9e du Jourdain et de confiscation des terres palestiniennes - Jordan Valley Solidarity FR","og_description":"\u00ab\u00a0Par cette politique d&rsquo;apartheid et de discrimination, le gouvernement occupant confine plus de 50&nbsp;000 habitants dans des prisons insalubres, les [&hellip;]","og_url":"http:\/\/jordanvalleysolidarity.org\/fr\/actualite\/loccupation-accelere-ses-plans-dannexion-de-la-vallee-du-jourdain-et-de-confiscation-des-terres-palestiniennes\/","og_site_name":"Jordan Valley Solidarity FR","article_published_time":"2025-12-29T15:32:15+00:00","article_modified_time":"2025-12-29T15:32:17+00:00","og_image":[{"width":773,"height":1024,"url":"http:\/\/jordanvalleysolidarity.org\/fr\/wp-content\/uploads\/sites\/2\/2025\/12\/image-1.png","type":"image\/png"}],"author":"linafr","twitter_card":"summary_large_image","twitter_misc":{"\u00c9crit par":"linafr","Dur\u00e9e de lecture estim\u00e9e":"5 minutes"},"schema":{"@context":"https:\/\/schema.org","@graph":[{"@type":"WebPage","@id":"http:\/\/jordanvalleysolidarity.org\/fr\/actualite\/loccupation-accelere-ses-plans-dannexion-de-la-vallee-du-jourdain-et-de-confiscation-des-terres-palestiniennes\/","url":"http:\/\/jordanvalleysolidarity.org\/fr\/actualite\/loccupation-accelere-ses-plans-dannexion-de-la-vallee-du-jourdain-et-de-confiscation-des-terres-palestiniennes\/","name":"L'occupation acc\u00e9l\u00e8re ses plans d'annexion de la vall\u00e9e du Jourdain et de confiscation des terres palestiniennes - Jordan Valley Solidarity FR","isPartOf":{"@id":"http:\/\/jordanvalleysolidarity.org\/fr\/#website"},"primaryImageOfPage":{"@id":"http:\/\/jordanvalleysolidarity.org\/fr\/actualite\/loccupation-accelere-ses-plans-dannexion-de-la-vallee-du-jourdain-et-de-confiscation-des-terres-palestiniennes\/#primaryimage"},"image":{"@id":"http:\/\/jordanvalleysolidarity.org\/fr\/actualite\/loccupation-accelere-ses-plans-dannexion-de-la-vallee-du-jourdain-et-de-confiscation-des-terres-palestiniennes\/#primaryimage"},"thumbnailUrl":"http:\/\/jordanvalleysolidarity.org\/fr\/wp-content\/uploads\/sites\/2\/2025\/12\/image-1.png","datePublished":"2025-12-29T15:32:15+00:00","dateModified":"2025-12-29T15:32:17+00:00","author":{"@id":"http:\/\/jordanvalleysolidarity.org\/fr\/#\/schema\/person\/b1d4ab48930477ea8ddea5dfcfd6fc25"},"breadcrumb":{"@id":"http:\/\/jordanvalleysolidarity.org\/fr\/actualite\/loccupation-accelere-ses-plans-dannexion-de-la-vallee-du-jourdain-et-de-confiscation-des-terres-palestiniennes\/#breadcrumb"},"inLanguage":"fr-FR","potentialAction":[{"@type":"ReadAction","target":["http:\/\/jordanvalleysolidarity.org\/fr\/actualite\/loccupation-accelere-ses-plans-dannexion-de-la-vallee-du-jourdain-et-de-confiscation-des-terres-palestiniennes\/"]}]},{"@type":"ImageObject","inLanguage":"fr-FR","@id":"http:\/\/jordanvalleysolidarity.org\/fr\/actualite\/loccupation-accelere-ses-plans-dannexion-de-la-vallee-du-jourdain-et-de-confiscation-des-terres-palestiniennes\/#primaryimage","url":"http:\/\/jordanvalleysolidarity.org\/fr\/wp-content\/uploads\/sites\/2\/2025\/12\/image-1.png","contentUrl":"http:\/\/jordanvalleysolidarity.org\/fr\/wp-content\/uploads\/sites\/2\/2025\/12\/image-1.png","width":773,"height":1024},{"@type":"BreadcrumbList","@id":"http:\/\/jordanvalleysolidarity.org\/fr\/actualite\/loccupation-accelere-ses-plans-dannexion-de-la-vallee-du-jourdain-et-de-confiscation-des-terres-palestiniennes\/#breadcrumb","itemListElement":[{"@type":"ListItem","position":1,"name":"Home","item":"http:\/\/jordanvalleysolidarity.org\/fr\/"},{"@type":"ListItem","position":2,"name":"L&rsquo;occupation acc\u00e9l\u00e8re ses plans d&rsquo;annexion de la vall\u00e9e du Jourdain et de confiscation des terres palestiniennes"}]},{"@type":"WebSite","@id":"http:\/\/jordanvalleysolidarity.org\/fr\/#website","url":"http:\/\/jordanvalleysolidarity.org\/fr\/","name":"Jordan Valley Solidarity FR","description":"Just another Jordan Valley Solidarity Test Sites site","potentialAction":[{"@type":"SearchAction","target":{"@type":"EntryPoint","urlTemplate":"http:\/\/jordanvalleysolidarity.org\/fr\/?s={search_term_string}"},"query-input":"required name=search_term_string"}],"inLanguage":"fr-FR"},{"@type":"Person","@id":"http:\/\/jordanvalleysolidarity.org\/fr\/#\/schema\/person\/b1d4ab48930477ea8ddea5dfcfd6fc25","name":"linafr","image":{"@type":"ImageObject","inLanguage":"fr-FR","@id":"http:\/\/jordanvalleysolidarity.org\/fr\/#\/schema\/person\/image\/","url":"http:\/\/0.gravatar.com\/avatar\/03fdb700e2a59970782a4632148d30ef?s=96&d=mm&r=g","contentUrl":"http:\/\/0.gravatar.com\/avatar\/03fdb700e2a59970782a4632148d30ef?s=96&d=mm&r=g","caption":"linafr"},"url":"http:\/\/jordanvalleysolidarity.org\/fr\/author\/linafr\/"}]}},"_links":{"self":[{"href":"http:\/\/jordanvalleysolidarity.org\/fr\/wp-json\/wp\/v2\/posts\/3368"}],"collection":[{"href":"http:\/\/jordanvalleysolidarity.org\/fr\/wp-json\/wp\/v2\/posts"}],"about":[{"href":"http:\/\/jordanvalleysolidarity.org\/fr\/wp-json\/wp\/v2\/types\/post"}],"author":[{"embeddable":true,"href":"http:\/\/jordanvalleysolidarity.org\/fr\/wp-json\/wp\/v2\/users\/31"}],"replies":[{"embeddable":true,"href":"http:\/\/jordanvalleysolidarity.org\/fr\/wp-json\/wp\/v2\/comments?post=3368"}],"version-history":[{"count":1,"href":"http:\/\/jordanvalleysolidarity.org\/fr\/wp-json\/wp\/v2\/posts\/3368\/revisions"}],"predecessor-version":[{"id":3369,"href":"http:\/\/jordanvalleysolidarity.org\/fr\/wp-json\/wp\/v2\/posts\/3368\/revisions\/3369"}],"wp:featuredmedia":[{"embeddable":true,"href":"http:\/\/jordanvalleysolidarity.org\/fr\/wp-json\/wp\/v2\/media\/3347"}],"wp:attachment":[{"href":"http:\/\/jordanvalleysolidarity.org\/fr\/wp-json\/wp\/v2\/media?parent=3368"}],"wp:term":[{"taxonomy":"category","embeddable":true,"href":"http:\/\/jordanvalleysolidarity.org\/fr\/wp-json\/wp\/v2\/categories?post=3368"},{"taxonomy":"post_tag","embeddable":true,"href":"http:\/\/jordanvalleysolidarity.org\/fr\/wp-json\/wp\/v2\/tags?post=3368"}],"curies":[{"name":"wp","href":"https:\/\/api.w.org\/{rel}","templated":true}]}}