{"id":3358,"date":"2025-12-29T15:16:44","date_gmt":"2025-12-29T15:16:44","guid":{"rendered":"https:\/\/jordanvalleysolidarity.org\/fr\/?p=3358"},"modified":"2025-12-29T15:16:45","modified_gmt":"2025-12-29T15:16:45","slug":"la-region-de-tubas-verrouillee-pour-la-deuxieme-fois-en-une-semaine","status":"publish","type":"post","link":"http:\/\/jordanvalleysolidarity.org\/fr\/actualite\/la-region-de-tubas-verrouillee-pour-la-deuxieme-fois-en-une-semaine\/","title":{"rendered":"La r\u00e9gion de Tubas verrouill\u00e9e pour la deuxi\u00e8me fois en une semaine"},"content":{"rendered":"\n<p class=\"has-text-align-center\"><strong>Le lundi 1er d\u00e9cembre, l&rsquo;arm\u00e9e isra\u00e9lienne a de nouveau lanc\u00e9 un raid sur Tubas aux premi\u00e8res heures du matin, <a href=\"https:\/\/jordanvalleysolidarity.org\/fr\/actualite\/la-region-de-tubas-soumise-a-un-couvre-feu-fin-novembre\/\">un peu plus de 24 heures apr\u00e8s la fin d&rsquo;un couvre-feu et d&rsquo;une op\u00e9ration militaire de quatre jours, le samedi 30 novembre.<\/a><\/strong><\/p>\n\n\n\n<p>L&rsquo;incursion a commenc\u00e9 vers 3h30 du matin, heure locale, imposant un couvre-feu absolu aux habitants de Tubas et fermant toutes les routes d&rsquo;acc\u00e8s principales et secondaires de la ville avec des monticules de terre, la bouclant compl\u00e8tement.<\/p>\n\n\n\n<figure class=\"wp-block-image size-large\"><img loading=\"lazy\" decoding=\"async\" width=\"671\" height=\"1024\" src=\"https:\/\/jordanvalleysolidarity.org\/fr\/wp-content\/uploads\/sites\/2\/2025\/12\/curfez-671x1024.jpg\" alt=\"\" class=\"wp-image-3359\" srcset=\"http:\/\/jordanvalleysolidarity.org\/fr\/wp-content\/uploads\/sites\/2\/2025\/12\/curfez-671x1024.jpg 671w, http:\/\/jordanvalleysolidarity.org\/fr\/wp-content\/uploads\/sites\/2\/2025\/12\/curfez-196x300.jpg 196w, http:\/\/jordanvalleysolidarity.org\/fr\/wp-content\/uploads\/sites\/2\/2025\/12\/curfez-768x1173.jpg 768w, http:\/\/jordanvalleysolidarity.org\/fr\/wp-content\/uploads\/sites\/2\/2025\/12\/curfez.jpg 1006w\" sizes=\"(max-width: 671px) 100vw, 671px\" \/><\/figure>\n\n\n\n<p>En raison du couvre-feu, le cursus scolaire a \u00e9t\u00e9 suspendu pour une dur\u00e9e ind\u00e9termin\u00e9e. Toute activit\u00e9 \u00e9conomique a cess\u00e9, les travailleurs \u00e9tant emp\u00each\u00e9s de se rendre \u00e0 leur travail depuis t\u00f4t le matin. M\u00eame le personnel m\u00e9dical a \u00e9t\u00e9 emp\u00each\u00e9 d&rsquo;exercer son travail humanitaire. Les agriculteurs n&rsquo;ont pas pu se rendre sur leurs terres dans les villages environnants de Bardala, Kardala et Ein Al-Beida.<\/p>\n\n\n\n<p>Les forces d&rsquo;occupation ont fait irruption dans plusieurs maisons du quartier Al-Hadiqa de Tubas, expulsant certains des habitants. Les maisons appartenant \u00e0 Nasser Abu Matawa et Fawzi Al-Anbousi ont \u00e9t\u00e9 saisies et transform\u00e9es en postes militaires.<\/p>\n\n\n\n<p>\u00c0 Aqaba, situ\u00e9e \u00e0 15 kilom\u00e8tres de la ville de Tubas, deux h\u00e9licopt\u00e8res militaires isra\u00e9liens ont \u00e9t\u00e9 aper\u00e7us en train de d\u00e9poser des dizaines de soldats dans le cadre d&rsquo;un raid plus large sur le gouvernorat. Une fois de plus, les forces d&rsquo;occupation ont fait une descente dans la ville, ont transform\u00e9 plusieurs maisons en postes militaires et ont expuls\u00e9 leurs habitants. D&rsquo;autres zones du gouvernorat de Tubas ont \u00e9galement \u00e9t\u00e9 touch\u00e9es : des bulldozers militaires ont commenc\u00e9 \u00e0 fermer les routes principales et \u00e0 couper des segments de la province, notamment la rue Deir, qui relie Ainun, Tubas et Tammun.<\/p>\n\n\n\n<p>Ils ont \u00e9galement renforc\u00e9 les restrictions de circulation dans toute la r\u00e9gion, allant jusqu&rsquo;\u00e0 entraver les services de sant\u00e9 du Croissant-Rouge. L&rsquo;arm\u00e9e d&rsquo;occupation a confisqu\u00e9 les v\u00e9hicules civils bloqu\u00e9s au poste de contr\u00f4le de Tayasir, ferm\u00e9 par l&rsquo;occupation elle-m\u00eame.<\/p>\n<!-- AddThis Advanced Settings generic via filter on the_content --><!-- AddThis Share Buttons generic via filter on the_content -->","protected":false},"excerpt":{"rendered":"<p>Le lundi 1er d\u00e9cembre, l&rsquo;arm\u00e9e isra\u00e9lienne a de nouveau lanc\u00e9 un raid sur Tubas aux premi\u00e8res heures du matin, un [&hellip;]<!-- AddThis Advanced Settings generic via filter on get_the_excerpt --><!-- AddThis Share Buttons generic via filter on get_the_excerpt --><\/p>\n","protected":false},"author":31,"featured_media":3359,"comment_status":"closed","ping_status":"closed","sticky":false,"template":"","format":"standard","meta":{"footnotes":""},"categories":[18],"tags":[],"yoast_head":"<!-- This site is optimized with the Yoast SEO plugin v22.8 - https:\/\/yoast.com\/wordpress\/plugins\/seo\/ -->\n<title>La r\u00e9gion de Tubas verrouill\u00e9e pour la deuxi\u00e8me fois en une semaine - Jordan Valley Solidarity FR<\/title>\n<meta name=\"robots\" content=\"index, follow, max-snippet:-1, max-image-preview:large, max-video-preview:-1\" \/>\n<link rel=\"canonical\" href=\"http:\/\/jordanvalleysolidarity.org\/fr\/actualite\/la-region-de-tubas-verrouillee-pour-la-deuxieme-fois-en-une-semaine\/\" \/>\n<meta property=\"og:locale\" content=\"fr_FR\" \/>\n<meta property=\"og:type\" content=\"article\" \/>\n<meta property=\"og:title\" content=\"La r\u00e9gion de Tubas verrouill\u00e9e pour la deuxi\u00e8me fois en une semaine - Jordan Valley Solidarity FR\" \/>\n<meta property=\"og:description\" content=\"Le lundi 1er d\u00e9cembre, l&rsquo;arm\u00e9e isra\u00e9lienne a de nouveau lanc\u00e9 un raid sur Tubas aux premi\u00e8res heures du matin, un [&hellip;]\" \/>\n<meta property=\"og:url\" content=\"http:\/\/jordanvalleysolidarity.org\/fr\/actualite\/la-region-de-tubas-verrouillee-pour-la-deuxieme-fois-en-une-semaine\/\" \/>\n<meta property=\"og:site_name\" content=\"Jordan Valley Solidarity FR\" \/>\n<meta property=\"article:published_time\" content=\"2025-12-29T15:16:44+00:00\" \/>\n<meta property=\"article:modified_time\" content=\"2025-12-29T15:16:45+00:00\" \/>\n<meta property=\"og:image\" content=\"http:\/\/jordanvalleysolidarity.org\/fr\/wp-content\/uploads\/sites\/2\/2025\/12\/curfez.jpg\" \/>\n\t<meta property=\"og:image:width\" content=\"1006\" \/>\n\t<meta property=\"og:image:height\" content=\"1536\" \/>\n\t<meta property=\"og:image:type\" content=\"image\/jpeg\" \/>\n<meta name=\"author\" content=\"linafr\" \/>\n<meta name=\"twitter:card\" content=\"summary_large_image\" \/>\n<meta name=\"twitter:label1\" content=\"\u00c9crit par\" \/>\n\t<meta name=\"twitter:data1\" content=\"linafr\" \/>\n\t<meta name=\"twitter:label2\" content=\"Dur\u00e9e de lecture estim\u00e9e\" \/>\n\t<meta name=\"twitter:data2\" content=\"3 minutes\" \/>\n<script type=\"application\/ld+json\" class=\"yoast-schema-graph\">{\"@context\":\"https:\/\/schema.org\",\"@graph\":[{\"@type\":\"WebPage\",\"@id\":\"http:\/\/jordanvalleysolidarity.org\/fr\/actualite\/la-region-de-tubas-verrouillee-pour-la-deuxieme-fois-en-une-semaine\/\",\"url\":\"http:\/\/jordanvalleysolidarity.org\/fr\/actualite\/la-region-de-tubas-verrouillee-pour-la-deuxieme-fois-en-une-semaine\/\",\"name\":\"La r\u00e9gion de Tubas verrouill\u00e9e pour la deuxi\u00e8me fois en une semaine - Jordan Valley Solidarity FR\",\"isPartOf\":{\"@id\":\"http:\/\/jordanvalleysolidarity.org\/fr\/#website\"},\"primaryImageOfPage\":{\"@id\":\"http:\/\/jordanvalleysolidarity.org\/fr\/actualite\/la-region-de-tubas-verrouillee-pour-la-deuxieme-fois-en-une-semaine\/#primaryimage\"},\"image\":{\"@id\":\"http:\/\/jordanvalleysolidarity.org\/fr\/actualite\/la-region-de-tubas-verrouillee-pour-la-deuxieme-fois-en-une-semaine\/#primaryimage\"},\"thumbnailUrl\":\"http:\/\/jordanvalleysolidarity.org\/fr\/wp-content\/uploads\/sites\/2\/2025\/12\/curfez.jpg\",\"datePublished\":\"2025-12-29T15:16:44+00:00\",\"dateModified\":\"2025-12-29T15:16:45+00:00\",\"author\":{\"@id\":\"http:\/\/jordanvalleysolidarity.org\/fr\/#\/schema\/person\/b1d4ab48930477ea8ddea5dfcfd6fc25\"},\"breadcrumb\":{\"@id\":\"http:\/\/jordanvalleysolidarity.org\/fr\/actualite\/la-region-de-tubas-verrouillee-pour-la-deuxieme-fois-en-une-semaine\/#breadcrumb\"},\"inLanguage\":\"fr-FR\",\"potentialAction\":[{\"@type\":\"ReadAction\",\"target\":[\"http:\/\/jordanvalleysolidarity.org\/fr\/actualite\/la-region-de-tubas-verrouillee-pour-la-deuxieme-fois-en-une-semaine\/\"]}]},{\"@type\":\"ImageObject\",\"inLanguage\":\"fr-FR\",\"@id\":\"http:\/\/jordanvalleysolidarity.org\/fr\/actualite\/la-region-de-tubas-verrouillee-pour-la-deuxieme-fois-en-une-semaine\/#primaryimage\",\"url\":\"http:\/\/jordanvalleysolidarity.org\/fr\/wp-content\/uploads\/sites\/2\/2025\/12\/curfez.jpg\",\"contentUrl\":\"http:\/\/jordanvalleysolidarity.org\/fr\/wp-content\/uploads\/sites\/2\/2025\/12\/curfez.jpg\",\"width\":1006,\"height\":1536},{\"@type\":\"BreadcrumbList\",\"@id\":\"http:\/\/jordanvalleysolidarity.org\/fr\/actualite\/la-region-de-tubas-verrouillee-pour-la-deuxieme-fois-en-une-semaine\/#breadcrumb\",\"itemListElement\":[{\"@type\":\"ListItem\",\"position\":1,\"name\":\"Home\",\"item\":\"http:\/\/jordanvalleysolidarity.org\/fr\/\"},{\"@type\":\"ListItem\",\"position\":2,\"name\":\"La r\u00e9gion de Tubas verrouill\u00e9e pour la deuxi\u00e8me fois en une semaine\"}]},{\"@type\":\"WebSite\",\"@id\":\"http:\/\/jordanvalleysolidarity.org\/fr\/#website\",\"url\":\"http:\/\/jordanvalleysolidarity.org\/fr\/\",\"name\":\"Jordan Valley Solidarity FR\",\"description\":\"Just another Jordan Valley Solidarity Test Sites site\",\"potentialAction\":[{\"@type\":\"SearchAction\",\"target\":{\"@type\":\"EntryPoint\",\"urlTemplate\":\"http:\/\/jordanvalleysolidarity.org\/fr\/?s={search_term_string}\"},\"query-input\":\"required name=search_term_string\"}],\"inLanguage\":\"fr-FR\"},{\"@type\":\"Person\",\"@id\":\"http:\/\/jordanvalleysolidarity.org\/fr\/#\/schema\/person\/b1d4ab48930477ea8ddea5dfcfd6fc25\",\"name\":\"linafr\",\"image\":{\"@type\":\"ImageObject\",\"inLanguage\":\"fr-FR\",\"@id\":\"http:\/\/jordanvalleysolidarity.org\/fr\/#\/schema\/person\/image\/\",\"url\":\"http:\/\/0.gravatar.com\/avatar\/03fdb700e2a59970782a4632148d30ef?s=96&d=mm&r=g\",\"contentUrl\":\"http:\/\/0.gravatar.com\/avatar\/03fdb700e2a59970782a4632148d30ef?s=96&d=mm&r=g\",\"caption\":\"linafr\"},\"url\":\"http:\/\/jordanvalleysolidarity.org\/fr\/author\/linafr\/\"}]}<\/script>\n<!-- \/ Yoast SEO plugin. -->","yoast_head_json":{"title":"La r\u00e9gion de Tubas verrouill\u00e9e pour la deuxi\u00e8me fois en une semaine - Jordan Valley Solidarity FR","robots":{"index":"index","follow":"follow","max-snippet":"max-snippet:-1","max-image-preview":"max-image-preview:large","max-video-preview":"max-video-preview:-1"},"canonical":"http:\/\/jordanvalleysolidarity.org\/fr\/actualite\/la-region-de-tubas-verrouillee-pour-la-deuxieme-fois-en-une-semaine\/","og_locale":"fr_FR","og_type":"article","og_title":"La r\u00e9gion de Tubas verrouill\u00e9e pour la deuxi\u00e8me fois en une semaine - Jordan Valley Solidarity FR","og_description":"Le lundi 1er d\u00e9cembre, l&rsquo;arm\u00e9e isra\u00e9lienne a de nouveau lanc\u00e9 un raid sur Tubas aux premi\u00e8res heures du matin, un [&hellip;]","og_url":"http:\/\/jordanvalleysolidarity.org\/fr\/actualite\/la-region-de-tubas-verrouillee-pour-la-deuxieme-fois-en-une-semaine\/","og_site_name":"Jordan Valley Solidarity FR","article_published_time":"2025-12-29T15:16:44+00:00","article_modified_time":"2025-12-29T15:16:45+00:00","og_image":[{"width":1006,"height":1536,"url":"http:\/\/jordanvalleysolidarity.org\/fr\/wp-content\/uploads\/sites\/2\/2025\/12\/curfez.jpg","type":"image\/jpeg"}],"author":"linafr","twitter_card":"summary_large_image","twitter_misc":{"\u00c9crit par":"linafr","Dur\u00e9e de lecture estim\u00e9e":"3 minutes"},"schema":{"@context":"https:\/\/schema.org","@graph":[{"@type":"WebPage","@id":"http:\/\/jordanvalleysolidarity.org\/fr\/actualite\/la-region-de-tubas-verrouillee-pour-la-deuxieme-fois-en-une-semaine\/","url":"http:\/\/jordanvalleysolidarity.org\/fr\/actualite\/la-region-de-tubas-verrouillee-pour-la-deuxieme-fois-en-une-semaine\/","name":"La r\u00e9gion de Tubas verrouill\u00e9e pour la deuxi\u00e8me fois en une semaine - Jordan Valley Solidarity FR","isPartOf":{"@id":"http:\/\/jordanvalleysolidarity.org\/fr\/#website"},"primaryImageOfPage":{"@id":"http:\/\/jordanvalleysolidarity.org\/fr\/actualite\/la-region-de-tubas-verrouillee-pour-la-deuxieme-fois-en-une-semaine\/#primaryimage"},"image":{"@id":"http:\/\/jordanvalleysolidarity.org\/fr\/actualite\/la-region-de-tubas-verrouillee-pour-la-deuxieme-fois-en-une-semaine\/#primaryimage"},"thumbnailUrl":"http:\/\/jordanvalleysolidarity.org\/fr\/wp-content\/uploads\/sites\/2\/2025\/12\/curfez.jpg","datePublished":"2025-12-29T15:16:44+00:00","dateModified":"2025-12-29T15:16:45+00:00","author":{"@id":"http:\/\/jordanvalleysolidarity.org\/fr\/#\/schema\/person\/b1d4ab48930477ea8ddea5dfcfd6fc25"},"breadcrumb":{"@id":"http:\/\/jordanvalleysolidarity.org\/fr\/actualite\/la-region-de-tubas-verrouillee-pour-la-deuxieme-fois-en-une-semaine\/#breadcrumb"},"inLanguage":"fr-FR","potentialAction":[{"@type":"ReadAction","target":["http:\/\/jordanvalleysolidarity.org\/fr\/actualite\/la-region-de-tubas-verrouillee-pour-la-deuxieme-fois-en-une-semaine\/"]}]},{"@type":"ImageObject","inLanguage":"fr-FR","@id":"http:\/\/jordanvalleysolidarity.org\/fr\/actualite\/la-region-de-tubas-verrouillee-pour-la-deuxieme-fois-en-une-semaine\/#primaryimage","url":"http:\/\/jordanvalleysolidarity.org\/fr\/wp-content\/uploads\/sites\/2\/2025\/12\/curfez.jpg","contentUrl":"http:\/\/jordanvalleysolidarity.org\/fr\/wp-content\/uploads\/sites\/2\/2025\/12\/curfez.jpg","width":1006,"height":1536},{"@type":"BreadcrumbList","@id":"http:\/\/jordanvalleysolidarity.org\/fr\/actualite\/la-region-de-tubas-verrouillee-pour-la-deuxieme-fois-en-une-semaine\/#breadcrumb","itemListElement":[{"@type":"ListItem","position":1,"name":"Home","item":"http:\/\/jordanvalleysolidarity.org\/fr\/"},{"@type":"ListItem","position":2,"name":"La r\u00e9gion de Tubas verrouill\u00e9e pour la deuxi\u00e8me fois en une semaine"}]},{"@type":"WebSite","@id":"http:\/\/jordanvalleysolidarity.org\/fr\/#website","url":"http:\/\/jordanvalleysolidarity.org\/fr\/","name":"Jordan Valley Solidarity FR","description":"Just another Jordan Valley Solidarity Test Sites site","potentialAction":[{"@type":"SearchAction","target":{"@type":"EntryPoint","urlTemplate":"http:\/\/jordanvalleysolidarity.org\/fr\/?s={search_term_string}"},"query-input":"required name=search_term_string"}],"inLanguage":"fr-FR"},{"@type":"Person","@id":"http:\/\/jordanvalleysolidarity.org\/fr\/#\/schema\/person\/b1d4ab48930477ea8ddea5dfcfd6fc25","name":"linafr","image":{"@type":"ImageObject","inLanguage":"fr-FR","@id":"http:\/\/jordanvalleysolidarity.org\/fr\/#\/schema\/person\/image\/","url":"http:\/\/0.gravatar.com\/avatar\/03fdb700e2a59970782a4632148d30ef?s=96&d=mm&r=g","contentUrl":"http:\/\/0.gravatar.com\/avatar\/03fdb700e2a59970782a4632148d30ef?s=96&d=mm&r=g","caption":"linafr"},"url":"http:\/\/jordanvalleysolidarity.org\/fr\/author\/linafr\/"}]}},"_links":{"self":[{"href":"http:\/\/jordanvalleysolidarity.org\/fr\/wp-json\/wp\/v2\/posts\/3358"}],"collection":[{"href":"http:\/\/jordanvalleysolidarity.org\/fr\/wp-json\/wp\/v2\/posts"}],"about":[{"href":"http:\/\/jordanvalleysolidarity.org\/fr\/wp-json\/wp\/v2\/types\/post"}],"author":[{"embeddable":true,"href":"http:\/\/jordanvalleysolidarity.org\/fr\/wp-json\/wp\/v2\/users\/31"}],"replies":[{"embeddable":true,"href":"http:\/\/jordanvalleysolidarity.org\/fr\/wp-json\/wp\/v2\/comments?post=3358"}],"version-history":[{"count":1,"href":"http:\/\/jordanvalleysolidarity.org\/fr\/wp-json\/wp\/v2\/posts\/3358\/revisions"}],"predecessor-version":[{"id":3360,"href":"http:\/\/jordanvalleysolidarity.org\/fr\/wp-json\/wp\/v2\/posts\/3358\/revisions\/3360"}],"wp:featuredmedia":[{"embeddable":true,"href":"http:\/\/jordanvalleysolidarity.org\/fr\/wp-json\/wp\/v2\/media\/3359"}],"wp:attachment":[{"href":"http:\/\/jordanvalleysolidarity.org\/fr\/wp-json\/wp\/v2\/media?parent=3358"}],"wp:term":[{"taxonomy":"category","embeddable":true,"href":"http:\/\/jordanvalleysolidarity.org\/fr\/wp-json\/wp\/v2\/categories?post=3358"},{"taxonomy":"post_tag","embeddable":true,"href":"http:\/\/jordanvalleysolidarity.org\/fr\/wp-json\/wp\/v2\/tags?post=3358"}],"curies":[{"name":"wp","href":"https:\/\/api.w.org\/{rel}","templated":true}]}}