{"id":3354,"date":"2025-12-29T15:12:27","date_gmt":"2025-12-29T15:12:27","guid":{"rendered":"https:\/\/jordanvalleysolidarity.org\/fr\/?p=3354"},"modified":"2025-12-29T15:12:28","modified_gmt":"2025-12-29T15:12:28","slug":"la-region-de-tubas-soumise-a-un-couvre-feu-fin-novembre","status":"publish","type":"post","link":"http:\/\/jordanvalleysolidarity.org\/fr\/actualite\/la-region-de-tubas-soumise-a-un-couvre-feu-fin-novembre\/","title":{"rendered":"La r\u00e9gion de Tubas soumise \u00e0 un couvre-feu fin novembre"},"content":{"rendered":"\n<p class=\"has-text-align-center\"><strong>La ville de Tubas et les villages environnants ont \u00e9t\u00e9 soumis \u00e0 un couvre-feu brutal et violent du mercredi 25 au samedi 29 novembre<\/strong><\/p>\n\n\n\n<p>Une op\u00e9ration militaire men\u00e9e par les forces d&rsquo;occupation a assi\u00e9g\u00e9 Tubas et les villes environnantes de Tammun, Aqaba, Tayasir et Wadi al-Fara. Mercredi, les forces isra\u00e9liennes ont pris d&rsquo;assaut de vastes zones du gouvernorat, y compris les villages voisins d&rsquo;al-Badhan et de Talluza, isolant Tubas \u00e0 l&rsquo;aide de barrages routiers, de monticules de terre et de points de contr\u00f4le.<\/p>\n\n\n\n<p><strong>Rashid Khudairi, de Jordan Valley Solidarity, a rapport\u00e9 :<\/strong> \u00ab <em>T\u00f4t dans la matin\u00e9e du 25 novembre, les forces d&rsquo;occupation ont ferm\u00e9 tous les points de contr\u00f4le entre Tubas et le nord de la vall\u00e9e du Jourdain, emp\u00eachant les enseignants, les \u00e9tudiants, les travailleurs et les agriculteurs de se rendre \u00e0 leur travail ou \u00e0 l&rsquo;\u00e9cole. \u00c0 5 heures du matin, les forces d&rsquo;occupation ont envahi la ville de Tubas, Al Fara&rsquo;a, Tammun, Tayasir et le village d&rsquo;Al Aqaba. La route principale entre la ville et les villages a \u00e9t\u00e9 ferm\u00e9e alors que l\u2019occupant lan\u00e7ait une vaste op\u00e9ration militaire dans la r\u00e9gion. Toute la zone a \u00e9t\u00e9 plac\u00e9e sous couvre-feu. Personne ne peut se d\u00e9placer entre la ville et les villages, ni m\u00eame quitter son domicile. Tout a \u00e9t\u00e9 ferm\u00e9, y compris les march\u00e9s et les magasins. Quiconque tente de sortir de chez lui est arr\u00eat\u00e9 et violemment battu par les forces d&rsquo;occupation.<\/em> \u00bb<\/p>\n\n\n\n<figure class=\"wp-block-image size-full\"><img loading=\"lazy\" decoding=\"async\" width=\"990\" height=\"1024\" src=\"https:\/\/jordanvalleysolidarity.org\/fr\/wp-content\/uploads\/sites\/2\/2025\/12\/image-3.png\" alt=\"\" class=\"wp-image-3355\" srcset=\"http:\/\/jordanvalleysolidarity.org\/fr\/wp-content\/uploads\/sites\/2\/2025\/12\/image-3.png 990w, http:\/\/jordanvalleysolidarity.org\/fr\/wp-content\/uploads\/sites\/2\/2025\/12\/image-3-290x300.png 290w, http:\/\/jordanvalleysolidarity.org\/fr\/wp-content\/uploads\/sites\/2\/2025\/12\/image-3-768x794.png 768w\" sizes=\"(max-width: 990px) 100vw, 990px\" \/><\/figure>\n\n\n\n<p>Les soldats d&rsquo;occupation sont entr\u00e9s dans la r\u00e9gion avec des troupes suppl\u00e9mentaires, des bulldozers et des h\u00e9licopt\u00e8res Apache, et ont ouvert le feu dans les zones r\u00e9sidentielles sur toute personne tentant de quitter son domicile. Dans toute la r\u00e9gion, les soldats ont endommag\u00e9 les infrastructures, ont coup\u00e9 l&rsquo;\u00e9lectricit\u00e9 ainsi que l&rsquo;eau dans plusieurs rues, ont occup\u00e9 et transform\u00e9 de nombreuses maisons en bases militaires, expulsant les familles qui y r\u00e9sidaient.<\/p>\n\n\n\n<p><strong>Rashid a rapport\u00e9<\/strong> : \u00ab <em>Les forces d&rsquo;occupation ont expuls\u00e9 deux familles de leurs maisons \u00e0 Tammun et six familles de leurs maisons \u00e0 Tubas. Elles ont occup\u00e9 les maisons et les ont transform\u00e9es en bases militaires. \u00bb<\/em><\/p>\n\n\n\n<p class=\"has-text-align-center\"><strong>Au total, l&rsquo;arm\u00e9e a fait une descente dans environ 350 maisons palestiniennes et a vandalis\u00e9 l\u2019int\u00e9rieur de chacune.<\/strong><\/p>\n\n\n\n<p><strong>Rashid a rapport\u00e9<\/strong> :<em> \u00ab Un Palestinien de Tammun qui \u00e9tait malade, dans une ambulance qui l&#8217;emmenait \u00e0 l&rsquo;h\u00f4pital, a \u00e9t\u00e9 arr\u00eat\u00e9 pendant quatre heures par des soldats au poste de contr\u00f4le volant entre Tammun et la ville de Tubas. Il est mort, tu\u00e9 par les actions de l&rsquo;occupation.<\/em> \u00bb<\/p>\n\n\n\n<figure class=\"wp-block-image size-large\"><img loading=\"lazy\" decoding=\"async\" width=\"1024\" height=\"768\" src=\"https:\/\/jordanvalleysolidarity.org\/fr\/wp-content\/uploads\/sites\/2\/2025\/12\/voiture-1024x768.jpg\" alt=\"\" class=\"wp-image-3356\" srcset=\"http:\/\/jordanvalleysolidarity.org\/fr\/wp-content\/uploads\/sites\/2\/2025\/12\/voiture-1024x768.jpg 1024w, http:\/\/jordanvalleysolidarity.org\/fr\/wp-content\/uploads\/sites\/2\/2025\/12\/voiture-300x225.jpg 300w, http:\/\/jordanvalleysolidarity.org\/fr\/wp-content\/uploads\/sites\/2\/2025\/12\/voiture-768x576.jpg 768w, http:\/\/jordanvalleysolidarity.org\/fr\/wp-content\/uploads\/sites\/2\/2025\/12\/voiture-640x480.jpg 640w, http:\/\/jordanvalleysolidarity.org\/fr\/wp-content\/uploads\/sites\/2\/2025\/12\/voiture.jpg 1536w\" sizes=\"(max-width: 1024px) 100vw, 1024px\" \/><\/figure>\n\n\n\n<p>Au cours de l&rsquo;agression de l&rsquo;occupant dans le gouvernorat de Tubas, les \u00e9quipes m\u00e9dicales ont soign\u00e9 plus de <strong>166 Palestiniens<\/strong> qui avaient \u00e9t\u00e9 battus par les forces d&rsquo;occupation \u2013 environ 60 d&rsquo;entre eux ont \u00e9t\u00e9 transf\u00e9r\u00e9s \u00e0 l&rsquo;h\u00f4pital pour y \u00eatre soign\u00e9s.<\/p>\n\n\n\n<p>Plus de<strong> 200 d\u00e9tentions ont \u00e9t\u00e9 enregistr\u00e9es.<\/strong> La plupart des personnes d\u00e9tenues ont \u00e9t\u00e9 lib\u00e9r\u00e9es par la suite, tandis qu&rsquo;environ <strong>70 restent en d\u00e9tention<\/strong> \u2013 retenues en otage par l&rsquo;occupation.<\/p>\n\n\n\n<p>Lorsque des journalistes ont tent\u00e9 de couvrir les \u00e9v\u00e9nements dans la ville de Tubas, ils ont \u00e9t\u00e9 poursuivis par l&rsquo;arm\u00e9e isra\u00e9lienne et contraints \u00e0 quitter les lieux. Jeudi, un journaliste et un photographe ont \u00e9t\u00e9 arr\u00eat\u00e9s alors qu&rsquo;ils couvraient les violences commises par des colons.<\/p>\n\n\n\n<p>Isra\u00ebl a affirm\u00e9 que l&rsquo;op\u00e9ration men\u00e9e \u00e0 Tubas visait \u00e0 emp\u00eacher la reconstitution de groupes de r\u00e9sistance arm\u00e9e dans le gouvernorat, m\u00eame si la r\u00e9sistance arm\u00e9e palestinienne n&rsquo;est pas active dans cette r\u00e9gion.<\/p>\n\n\n\n<p>Il est clair que la v\u00e9ritable motivation de la mobilisation massive et \u00e0 grande \u00e9chelle des forces militaires dans la r\u00e9gion de Tubas est de pr\u00e9parer le terrain pour la confiscation de vastes \u00e9tendues de terres en vue d&rsquo;un prochain projet de colonisation. Le 22 novembre, la Commission de r\u00e9sistance au mur et aux colonies (Wall and Settlement Resistance Commission) a signal\u00e9 que les autorit\u00e9s isra\u00e9liennes avaient saisi <strong>1 042 dunams (104 hectares)<\/strong> de terres palestiniennes dans le nord de la vall\u00e9e du Jourdain gr\u00e2ce \u00e0 9 ordres de \u00ab saisie de terres \u00bb \u00e0 des \u00ab fins militaires \u00bb.<\/p>\n\n\n\n<p>Lorsque les forces d&rsquo;occupation se sont retir\u00e9es samedi soir du gouvernorat de Tubas, elles ont laiss\u00e9 derri\u00e8re elles des dizaines de Palestiniens bless\u00e9s et d\u00e9tenus, ainsi que des d\u00e9g\u00e2ts consid\u00e9rables aux infrastructures.<\/p>\n<!-- AddThis Advanced Settings generic via filter on the_content --><!-- AddThis Share Buttons generic via filter on the_content -->","protected":false},"excerpt":{"rendered":"<p>La ville de Tubas et les villages environnants ont \u00e9t\u00e9 soumis \u00e0 un couvre-feu brutal et violent du mercredi 25 [&hellip;]<!-- AddThis Advanced Settings generic via filter on get_the_excerpt --><!-- AddThis Share Buttons generic via filter on get_the_excerpt --><\/p>\n","protected":false},"author":31,"featured_media":3356,"comment_status":"closed","ping_status":"closed","sticky":false,"template":"","format":"standard","meta":{"footnotes":""},"categories":[18],"tags":[],"yoast_head":"<!-- This site is optimized with the Yoast SEO plugin v22.8 - https:\/\/yoast.com\/wordpress\/plugins\/seo\/ -->\n<title>La r\u00e9gion de Tubas soumise \u00e0 un couvre-feu fin novembre - Jordan Valley Solidarity FR<\/title>\n<meta name=\"robots\" content=\"index, follow, max-snippet:-1, max-image-preview:large, max-video-preview:-1\" \/>\n<link rel=\"canonical\" href=\"http:\/\/jordanvalleysolidarity.org\/fr\/actualite\/la-region-de-tubas-soumise-a-un-couvre-feu-fin-novembre\/\" \/>\n<meta property=\"og:locale\" content=\"fr_FR\" \/>\n<meta property=\"og:type\" content=\"article\" \/>\n<meta property=\"og:title\" content=\"La r\u00e9gion de Tubas soumise \u00e0 un couvre-feu fin novembre - Jordan Valley Solidarity FR\" \/>\n<meta property=\"og:description\" content=\"La ville de Tubas et les villages environnants ont \u00e9t\u00e9 soumis \u00e0 un couvre-feu brutal et violent du mercredi 25 [&hellip;]\" \/>\n<meta property=\"og:url\" content=\"http:\/\/jordanvalleysolidarity.org\/fr\/actualite\/la-region-de-tubas-soumise-a-un-couvre-feu-fin-novembre\/\" \/>\n<meta property=\"og:site_name\" content=\"Jordan Valley Solidarity FR\" \/>\n<meta property=\"article:published_time\" content=\"2025-12-29T15:12:27+00:00\" \/>\n<meta property=\"article:modified_time\" content=\"2025-12-29T15:12:28+00:00\" \/>\n<meta property=\"og:image\" content=\"http:\/\/jordanvalleysolidarity.org\/fr\/wp-content\/uploads\/sites\/2\/2025\/12\/voiture.jpg\" \/>\n\t<meta property=\"og:image:width\" content=\"1536\" \/>\n\t<meta property=\"og:image:height\" content=\"1152\" \/>\n\t<meta property=\"og:image:type\" content=\"image\/jpeg\" \/>\n<meta name=\"author\" content=\"linafr\" \/>\n<meta name=\"twitter:card\" content=\"summary_large_image\" \/>\n<meta name=\"twitter:label1\" content=\"\u00c9crit par\" \/>\n\t<meta name=\"twitter:data1\" content=\"linafr\" \/>\n\t<meta name=\"twitter:label2\" content=\"Dur\u00e9e de lecture estim\u00e9e\" \/>\n\t<meta name=\"twitter:data2\" content=\"5 minutes\" \/>\n<script type=\"application\/ld+json\" class=\"yoast-schema-graph\">{\"@context\":\"https:\/\/schema.org\",\"@graph\":[{\"@type\":\"WebPage\",\"@id\":\"http:\/\/jordanvalleysolidarity.org\/fr\/actualite\/la-region-de-tubas-soumise-a-un-couvre-feu-fin-novembre\/\",\"url\":\"http:\/\/jordanvalleysolidarity.org\/fr\/actualite\/la-region-de-tubas-soumise-a-un-couvre-feu-fin-novembre\/\",\"name\":\"La r\u00e9gion de Tubas soumise \u00e0 un couvre-feu fin novembre - Jordan Valley Solidarity FR\",\"isPartOf\":{\"@id\":\"http:\/\/jordanvalleysolidarity.org\/fr\/#website\"},\"primaryImageOfPage\":{\"@id\":\"http:\/\/jordanvalleysolidarity.org\/fr\/actualite\/la-region-de-tubas-soumise-a-un-couvre-feu-fin-novembre\/#primaryimage\"},\"image\":{\"@id\":\"http:\/\/jordanvalleysolidarity.org\/fr\/actualite\/la-region-de-tubas-soumise-a-un-couvre-feu-fin-novembre\/#primaryimage\"},\"thumbnailUrl\":\"http:\/\/jordanvalleysolidarity.org\/fr\/wp-content\/uploads\/sites\/2\/2025\/12\/voiture.jpg\",\"datePublished\":\"2025-12-29T15:12:27+00:00\",\"dateModified\":\"2025-12-29T15:12:28+00:00\",\"author\":{\"@id\":\"http:\/\/jordanvalleysolidarity.org\/fr\/#\/schema\/person\/b1d4ab48930477ea8ddea5dfcfd6fc25\"},\"breadcrumb\":{\"@id\":\"http:\/\/jordanvalleysolidarity.org\/fr\/actualite\/la-region-de-tubas-soumise-a-un-couvre-feu-fin-novembre\/#breadcrumb\"},\"inLanguage\":\"fr-FR\",\"potentialAction\":[{\"@type\":\"ReadAction\",\"target\":[\"http:\/\/jordanvalleysolidarity.org\/fr\/actualite\/la-region-de-tubas-soumise-a-un-couvre-feu-fin-novembre\/\"]}]},{\"@type\":\"ImageObject\",\"inLanguage\":\"fr-FR\",\"@id\":\"http:\/\/jordanvalleysolidarity.org\/fr\/actualite\/la-region-de-tubas-soumise-a-un-couvre-feu-fin-novembre\/#primaryimage\",\"url\":\"http:\/\/jordanvalleysolidarity.org\/fr\/wp-content\/uploads\/sites\/2\/2025\/12\/voiture.jpg\",\"contentUrl\":\"http:\/\/jordanvalleysolidarity.org\/fr\/wp-content\/uploads\/sites\/2\/2025\/12\/voiture.jpg\",\"width\":1536,\"height\":1152},{\"@type\":\"BreadcrumbList\",\"@id\":\"http:\/\/jordanvalleysolidarity.org\/fr\/actualite\/la-region-de-tubas-soumise-a-un-couvre-feu-fin-novembre\/#breadcrumb\",\"itemListElement\":[{\"@type\":\"ListItem\",\"position\":1,\"name\":\"Home\",\"item\":\"http:\/\/jordanvalleysolidarity.org\/fr\/\"},{\"@type\":\"ListItem\",\"position\":2,\"name\":\"La r\u00e9gion de Tubas soumise \u00e0 un couvre-feu fin novembre\"}]},{\"@type\":\"WebSite\",\"@id\":\"http:\/\/jordanvalleysolidarity.org\/fr\/#website\",\"url\":\"http:\/\/jordanvalleysolidarity.org\/fr\/\",\"name\":\"Jordan Valley Solidarity FR\",\"description\":\"Just another Jordan Valley Solidarity Test Sites site\",\"potentialAction\":[{\"@type\":\"SearchAction\",\"target\":{\"@type\":\"EntryPoint\",\"urlTemplate\":\"http:\/\/jordanvalleysolidarity.org\/fr\/?s={search_term_string}\"},\"query-input\":\"required name=search_term_string\"}],\"inLanguage\":\"fr-FR\"},{\"@type\":\"Person\",\"@id\":\"http:\/\/jordanvalleysolidarity.org\/fr\/#\/schema\/person\/b1d4ab48930477ea8ddea5dfcfd6fc25\",\"name\":\"linafr\",\"image\":{\"@type\":\"ImageObject\",\"inLanguage\":\"fr-FR\",\"@id\":\"http:\/\/jordanvalleysolidarity.org\/fr\/#\/schema\/person\/image\/\",\"url\":\"http:\/\/0.gravatar.com\/avatar\/03fdb700e2a59970782a4632148d30ef?s=96&d=mm&r=g\",\"contentUrl\":\"http:\/\/0.gravatar.com\/avatar\/03fdb700e2a59970782a4632148d30ef?s=96&d=mm&r=g\",\"caption\":\"linafr\"},\"url\":\"http:\/\/jordanvalleysolidarity.org\/fr\/author\/linafr\/\"}]}<\/script>\n<!-- \/ Yoast SEO plugin. -->","yoast_head_json":{"title":"La r\u00e9gion de Tubas soumise \u00e0 un couvre-feu fin novembre - Jordan Valley Solidarity FR","robots":{"index":"index","follow":"follow","max-snippet":"max-snippet:-1","max-image-preview":"max-image-preview:large","max-video-preview":"max-video-preview:-1"},"canonical":"http:\/\/jordanvalleysolidarity.org\/fr\/actualite\/la-region-de-tubas-soumise-a-un-couvre-feu-fin-novembre\/","og_locale":"fr_FR","og_type":"article","og_title":"La r\u00e9gion de Tubas soumise \u00e0 un couvre-feu fin novembre - Jordan Valley Solidarity FR","og_description":"La ville de Tubas et les villages environnants ont \u00e9t\u00e9 soumis \u00e0 un couvre-feu brutal et violent du mercredi 25 [&hellip;]","og_url":"http:\/\/jordanvalleysolidarity.org\/fr\/actualite\/la-region-de-tubas-soumise-a-un-couvre-feu-fin-novembre\/","og_site_name":"Jordan Valley Solidarity FR","article_published_time":"2025-12-29T15:12:27+00:00","article_modified_time":"2025-12-29T15:12:28+00:00","og_image":[{"width":1536,"height":1152,"url":"http:\/\/jordanvalleysolidarity.org\/fr\/wp-content\/uploads\/sites\/2\/2025\/12\/voiture.jpg","type":"image\/jpeg"}],"author":"linafr","twitter_card":"summary_large_image","twitter_misc":{"\u00c9crit par":"linafr","Dur\u00e9e de lecture estim\u00e9e":"5 minutes"},"schema":{"@context":"https:\/\/schema.org","@graph":[{"@type":"WebPage","@id":"http:\/\/jordanvalleysolidarity.org\/fr\/actualite\/la-region-de-tubas-soumise-a-un-couvre-feu-fin-novembre\/","url":"http:\/\/jordanvalleysolidarity.org\/fr\/actualite\/la-region-de-tubas-soumise-a-un-couvre-feu-fin-novembre\/","name":"La r\u00e9gion de Tubas soumise \u00e0 un couvre-feu fin novembre - Jordan Valley Solidarity FR","isPartOf":{"@id":"http:\/\/jordanvalleysolidarity.org\/fr\/#website"},"primaryImageOfPage":{"@id":"http:\/\/jordanvalleysolidarity.org\/fr\/actualite\/la-region-de-tubas-soumise-a-un-couvre-feu-fin-novembre\/#primaryimage"},"image":{"@id":"http:\/\/jordanvalleysolidarity.org\/fr\/actualite\/la-region-de-tubas-soumise-a-un-couvre-feu-fin-novembre\/#primaryimage"},"thumbnailUrl":"http:\/\/jordanvalleysolidarity.org\/fr\/wp-content\/uploads\/sites\/2\/2025\/12\/voiture.jpg","datePublished":"2025-12-29T15:12:27+00:00","dateModified":"2025-12-29T15:12:28+00:00","author":{"@id":"http:\/\/jordanvalleysolidarity.org\/fr\/#\/schema\/person\/b1d4ab48930477ea8ddea5dfcfd6fc25"},"breadcrumb":{"@id":"http:\/\/jordanvalleysolidarity.org\/fr\/actualite\/la-region-de-tubas-soumise-a-un-couvre-feu-fin-novembre\/#breadcrumb"},"inLanguage":"fr-FR","potentialAction":[{"@type":"ReadAction","target":["http:\/\/jordanvalleysolidarity.org\/fr\/actualite\/la-region-de-tubas-soumise-a-un-couvre-feu-fin-novembre\/"]}]},{"@type":"ImageObject","inLanguage":"fr-FR","@id":"http:\/\/jordanvalleysolidarity.org\/fr\/actualite\/la-region-de-tubas-soumise-a-un-couvre-feu-fin-novembre\/#primaryimage","url":"http:\/\/jordanvalleysolidarity.org\/fr\/wp-content\/uploads\/sites\/2\/2025\/12\/voiture.jpg","contentUrl":"http:\/\/jordanvalleysolidarity.org\/fr\/wp-content\/uploads\/sites\/2\/2025\/12\/voiture.jpg","width":1536,"height":1152},{"@type":"BreadcrumbList","@id":"http:\/\/jordanvalleysolidarity.org\/fr\/actualite\/la-region-de-tubas-soumise-a-un-couvre-feu-fin-novembre\/#breadcrumb","itemListElement":[{"@type":"ListItem","position":1,"name":"Home","item":"http:\/\/jordanvalleysolidarity.org\/fr\/"},{"@type":"ListItem","position":2,"name":"La r\u00e9gion de Tubas soumise \u00e0 un couvre-feu fin novembre"}]},{"@type":"WebSite","@id":"http:\/\/jordanvalleysolidarity.org\/fr\/#website","url":"http:\/\/jordanvalleysolidarity.org\/fr\/","name":"Jordan Valley Solidarity FR","description":"Just another Jordan Valley Solidarity Test Sites site","potentialAction":[{"@type":"SearchAction","target":{"@type":"EntryPoint","urlTemplate":"http:\/\/jordanvalleysolidarity.org\/fr\/?s={search_term_string}"},"query-input":"required name=search_term_string"}],"inLanguage":"fr-FR"},{"@type":"Person","@id":"http:\/\/jordanvalleysolidarity.org\/fr\/#\/schema\/person\/b1d4ab48930477ea8ddea5dfcfd6fc25","name":"linafr","image":{"@type":"ImageObject","inLanguage":"fr-FR","@id":"http:\/\/jordanvalleysolidarity.org\/fr\/#\/schema\/person\/image\/","url":"http:\/\/0.gravatar.com\/avatar\/03fdb700e2a59970782a4632148d30ef?s=96&d=mm&r=g","contentUrl":"http:\/\/0.gravatar.com\/avatar\/03fdb700e2a59970782a4632148d30ef?s=96&d=mm&r=g","caption":"linafr"},"url":"http:\/\/jordanvalleysolidarity.org\/fr\/author\/linafr\/"}]}},"_links":{"self":[{"href":"http:\/\/jordanvalleysolidarity.org\/fr\/wp-json\/wp\/v2\/posts\/3354"}],"collection":[{"href":"http:\/\/jordanvalleysolidarity.org\/fr\/wp-json\/wp\/v2\/posts"}],"about":[{"href":"http:\/\/jordanvalleysolidarity.org\/fr\/wp-json\/wp\/v2\/types\/post"}],"author":[{"embeddable":true,"href":"http:\/\/jordanvalleysolidarity.org\/fr\/wp-json\/wp\/v2\/users\/31"}],"replies":[{"embeddable":true,"href":"http:\/\/jordanvalleysolidarity.org\/fr\/wp-json\/wp\/v2\/comments?post=3354"}],"version-history":[{"count":1,"href":"http:\/\/jordanvalleysolidarity.org\/fr\/wp-json\/wp\/v2\/posts\/3354\/revisions"}],"predecessor-version":[{"id":3357,"href":"http:\/\/jordanvalleysolidarity.org\/fr\/wp-json\/wp\/v2\/posts\/3354\/revisions\/3357"}],"wp:featuredmedia":[{"embeddable":true,"href":"http:\/\/jordanvalleysolidarity.org\/fr\/wp-json\/wp\/v2\/media\/3356"}],"wp:attachment":[{"href":"http:\/\/jordanvalleysolidarity.org\/fr\/wp-json\/wp\/v2\/media?parent=3354"}],"wp:term":[{"taxonomy":"category","embeddable":true,"href":"http:\/\/jordanvalleysolidarity.org\/fr\/wp-json\/wp\/v2\/categories?post=3354"},{"taxonomy":"post_tag","embeddable":true,"href":"http:\/\/jordanvalleysolidarity.org\/fr\/wp-json\/wp\/v2\/tags?post=3354"}],"curies":[{"name":"wp","href":"https:\/\/api.w.org\/{rel}","templated":true}]}}