{"id":3246,"date":"2023-09-21T11:58:38","date_gmt":"2023-09-21T10:58:38","guid":{"rendered":"http:\/\/jordanvalleysolidarity.org\/fr\/?p=3246"},"modified":"2023-09-21T11:58:39","modified_gmt":"2023-09-21T10:58:39","slug":"mai-2023-violations-des-droits-humains-dans-la-vallee-du-jourdain","status":"publish","type":"post","link":"http:\/\/jordanvalleysolidarity.org\/fr\/actualite\/mai-2023-violations-des-droits-humains-dans-la-vallee-du-jourdain\/","title":{"rendered":"Mai 2023 : Violations des droits humains dans la vall\u00e9e du Jourdain"},"content":{"rendered":"\n<p>1er mai:<\/p>\n\n\n\n<p>Les forces d&rsquo;occupation ont attaqu\u00e9 le camp de r\u00e9fugi\u00e9s d&rsquo;Aqbat Jaber t\u00f4t le matin. Jibril Al-Ladaa, 17 ans, a \u00e9t\u00e9 abattu par l&rsquo;arm\u00e9e d&rsquo;occupation, six autres Palestiniens ont \u00e9t\u00e9 bless\u00e9s, dont trois gri\u00e8vement. Les FOI ont alors emp\u00each\u00e9 une ambulance d&rsquo;atteindre les bless\u00e9s. Avant le retrait, les forces isra\u00e9liennes ont arr\u00eat\u00e9 deux jeunes citoyens du camp.<\/p>\n\n\n\n<p>8 mai :<\/p>\n\n\n\n<p>Les forces d&rsquo;occupation ont d\u00e9moli quatre structures appartenant \u00e0 des Palestiniens dans la vall\u00e9e du Jourdain. \u00c0 Al-Auja, deux maisons partiellement construites appartenant \u00e0 Muhammad Samih Al-Birawi et \u00e0 son fils ont \u00e9t\u00e9 d\u00e9truites. A Khirbet Musaffah d&rsquo;Al-Jiftlik, une grange appartenant \u00e0 Youssef Salem Aki Kaabneh a \u00e9t\u00e9 d\u00e9molie. Une caserne de fourrage appartenant \u00e0 Ibrahim Abayat a \u00e9t\u00e9 d\u00e9truite \u00e0 Fasayil Al-Wusta.<\/p>\n\n\n\n<p>10 mai :<\/p>\n\n\n\n<p>Sept ordres de d\u00e9molition ont \u00e9t\u00e9 \u00e9mis \u00e0 l&rsquo;encontre de familles palestiniennes \u00e0 Ein El-Hilweh et Umm Jamal, dans le nord de la vall\u00e9e du Jourdain, stipulant que leurs maisons seraient d\u00e9truites dans les 96 heures. Dans le village d&rsquo;Al-Dyouk Al-Tahta, \u00e0 l&rsquo;ouest de J\u00e9richo, trois maisons ont \u00e9t\u00e9 d\u00e9molies.<\/p>\n\n\n\n<p>22 mai :<\/p>\n\n\n\n<p>Des repr\u00e9sentants de la compagnie Mekorot sont entr\u00e9s dans le village de Bardala, dans le nord de la vall\u00e9e du Jourdain, avec le soutien des soldats d&rsquo;occupation. Ils ont d\u00e9truit deux conduites d&rsquo;eau. Cela laisse les habitants sans approvisionnement en eau pour leurs moyens de subsistance agricoles ainsi que pour leurs maisons.<\/p>\n\n\n\n<p>Le m\u00eame jour, les forces d&rsquo;occupation ont inform\u00e9 quatre familles palestiniennes de Humsa Al-Fawqa, dans le nord de la vall\u00e9e du Jourdain, qu&rsquo;elles \u00e9taient temporairement expuls\u00e9es de force de leurs maisons le lendemain, le 23 mai. Puis \u00e0 nouveau le 31 mai et le 13 juin. Chaque jour, ils seraient expuls\u00e9s de six heures du soir jusqu&rsquo;\u00e0 neuf heures du matin le lendemain afin que l&rsquo;arm\u00e9e isra\u00e9lienne puisse mener un entra\u00eenement militaire dans les environs de leurs maisons. Les familles, y compris les enfants, sont contraintes de rester dehors, sans abri.<\/p>\n\n\n\n<p>Les FOI expulsent chaque ann\u00e9e des dizaines de familles palestiniennes de leurs maisons dans le nord de la vall\u00e9e du Jourdain sous pr\u00e9texte de suivre un entra\u00eenement militaire \u00e0 proximit\u00e9 ou dans leurs maisons.<\/p>\n\n\n\n<p>25 mai :<\/p>\n\n\n\n<p>Les forces d&rsquo;occupation ont pris d&rsquo;assaut le camp de r\u00e9fugi\u00e9s d&rsquo;Aqbat Jaber \u00e0 J\u00e9richo \u00e0 l&rsquo;aube. Toutes les entr\u00e9es du camp ont \u00e9t\u00e9 ferm\u00e9es, imposant un si\u00e8ge complet \u00e0 Aqbat Jaber et emp\u00eachant tout mouvement. De vastes perquisitions ont \u00e9t\u00e9 men\u00e9es au domicile de plusieurs citoyens. Huit Palestiniens ont \u00e9t\u00e9 bless\u00e9s par l&rsquo;arm\u00e9e d&rsquo;occupation et un certain nombre ont \u00e9t\u00e9 arr\u00eat\u00e9s, parmi lesquels treize sont connus : Omar Nasser Al-Hinnawi ; Muhammad Issa Hajjaj&nbsp;; Iyad Hamidat&nbsp;; Muhammad Fawzi Awadat&nbsp;; Ibrahim Youssef Yaghi ; Alaa Al-Bitar ; Muhammad Fawaz Bilhan&nbsp;; Ramzi Fawaz Bilhan&nbsp;; Fayez Ramzi Bilhan ; Ramy Yahya El-Gamal&nbsp;; Zaid Muhammad Raslan&nbsp;; Abraham Al-Alam.<\/p>\n\n\n\n<p>26 mai :<\/p>\n\n\n\n<p>Les forces d&rsquo;occupation ont arr\u00eat\u00e9 deux jeunes hommes de Tubas, Sedqi Yusef Abu Al-Shayeb et le prisonnier lib\u00e9r\u00e9 Yasser Masaeed. Le directeur du Club des prisonniers de Tubas, Kamal Bani Odeh, a rapport\u00e9 que les FOI les avaient arr\u00eat\u00e9s alors qu&rsquo;ils passaient par un poste de contr\u00f4le d&rsquo;occupation pr\u00e8s de J\u00e9richo.<\/p>\n\n\n\n<p>\u00c0 Khirbet Sakkot, dans le nord de la vall\u00e9e du Jourdain, un groupe de colons arm\u00e9s ont chass\u00e9 les bergers palestiniens des p\u00e2turages et les ont menac\u00e9s de mort s&rsquo;ils continuaient \u00e0 faire pa\u00eetre leur b\u00e9tail dans la r\u00e9gion. Les colons isra\u00e9liens pr\u00e9voient d&rsquo;\u00e9tablir le noyau d&rsquo;un avant-poste pastoral \u00e0 Khirbet Sakkot.<\/p>\n\n\n\n<p>Il est \u00e0 noter que les colons du nord de la vall\u00e9e du Jourdain poursuivent et attaquent presque quotidiennement les bergers palestiniens dans les p\u00e2turages.<\/p>\n\n\n\n<p>27 mai :<\/p>\n\n\n\n<p>Un groupe de colons a install\u00e9 une caravane et une \u00e9table dans la plaine d&rsquo;Umm Al-Qaba, au nord de la vall\u00e9e du Jourdain. En reliant une conduite d&rsquo;eau de 5 kilom\u00e8tres aux structures, les colons commenceront tr\u00e8s probablement \u00e0 \u00e9tablir un nouvel avant-poste.<\/p>\n\n\n\n<p>31 mai :<\/p>\n\n\n\n<p>Un groupe de colons isra\u00e9liens a attaqu\u00e9 la propri\u00e9t\u00e9 du citoyen palestinien Alaa Mohammad Abu Mutawa \u00e0 Khirbet Al-Deir, dans le nord de la vall\u00e9e du Jourdain. Les colons ont incendi\u00e9 les machines agricoles, la paille et le fourrage pour ses animaux.<\/p>\n<!-- AddThis Advanced Settings generic via filter on the_content --><!-- AddThis Share Buttons generic via filter on the_content -->","protected":false},"excerpt":{"rendered":"<p>1er mai: Les forces d&rsquo;occupation ont attaqu\u00e9 le camp de r\u00e9fugi\u00e9s d&rsquo;Aqbat Jaber t\u00f4t le matin. Jibril Al-Ladaa, 17 ans, [&hellip;]<!-- AddThis Advanced Settings generic via filter on get_the_excerpt --><!-- AddThis Share Buttons generic via filter on get_the_excerpt --><\/p>\n","protected":false},"author":31,"featured_media":0,"comment_status":"closed","ping_status":"closed","sticky":false,"template":"","format":"standard","meta":{"footnotes":""},"categories":[18],"tags":[],"yoast_head":"<!-- This site is optimized with the Yoast SEO plugin v22.8 - https:\/\/yoast.com\/wordpress\/plugins\/seo\/ -->\n<title>Mai 2023 : Violations des droits humains dans la vall\u00e9e du Jourdain - Jordan Valley Solidarity FR<\/title>\n<meta name=\"robots\" content=\"index, follow, max-snippet:-1, max-image-preview:large, max-video-preview:-1\" \/>\n<link rel=\"canonical\" href=\"http:\/\/jordanvalleysolidarity.org\/fr\/actualite\/mai-2023-violations-des-droits-humains-dans-la-vallee-du-jourdain\/\" \/>\n<meta property=\"og:locale\" content=\"fr_FR\" \/>\n<meta property=\"og:type\" content=\"article\" \/>\n<meta property=\"og:title\" content=\"Mai 2023 : Violations des droits humains dans la vall\u00e9e du Jourdain - Jordan Valley Solidarity FR\" \/>\n<meta property=\"og:description\" content=\"1er mai: Les forces d&rsquo;occupation ont attaqu\u00e9 le camp de r\u00e9fugi\u00e9s d&rsquo;Aqbat Jaber t\u00f4t le matin. Jibril Al-Ladaa, 17 ans, [&hellip;]\" \/>\n<meta property=\"og:url\" content=\"http:\/\/jordanvalleysolidarity.org\/fr\/actualite\/mai-2023-violations-des-droits-humains-dans-la-vallee-du-jourdain\/\" \/>\n<meta property=\"og:site_name\" content=\"Jordan Valley Solidarity FR\" \/>\n<meta property=\"article:published_time\" content=\"2023-09-21T10:58:38+00:00\" \/>\n<meta property=\"article:modified_time\" content=\"2023-09-21T10:58:39+00:00\" \/>\n<meta name=\"author\" content=\"linafr\" \/>\n<meta name=\"twitter:card\" content=\"summary_large_image\" \/>\n<meta name=\"twitter:label1\" content=\"\u00c9crit par\" \/>\n\t<meta name=\"twitter:data1\" content=\"linafr\" \/>\n\t<meta name=\"twitter:label2\" content=\"Dur\u00e9e de lecture estim\u00e9e\" \/>\n\t<meta name=\"twitter:data2\" content=\"4 minutes\" \/>\n<script type=\"application\/ld+json\" class=\"yoast-schema-graph\">{\"@context\":\"https:\/\/schema.org\",\"@graph\":[{\"@type\":\"WebPage\",\"@id\":\"http:\/\/jordanvalleysolidarity.org\/fr\/actualite\/mai-2023-violations-des-droits-humains-dans-la-vallee-du-jourdain\/\",\"url\":\"http:\/\/jordanvalleysolidarity.org\/fr\/actualite\/mai-2023-violations-des-droits-humains-dans-la-vallee-du-jourdain\/\",\"name\":\"Mai 2023 : Violations des droits humains dans la vall\u00e9e du Jourdain - Jordan Valley Solidarity FR\",\"isPartOf\":{\"@id\":\"http:\/\/jordanvalleysolidarity.org\/fr\/#website\"},\"datePublished\":\"2023-09-21T10:58:38+00:00\",\"dateModified\":\"2023-09-21T10:58:39+00:00\",\"author\":{\"@id\":\"http:\/\/jordanvalleysolidarity.org\/fr\/#\/schema\/person\/b1d4ab48930477ea8ddea5dfcfd6fc25\"},\"breadcrumb\":{\"@id\":\"http:\/\/jordanvalleysolidarity.org\/fr\/actualite\/mai-2023-violations-des-droits-humains-dans-la-vallee-du-jourdain\/#breadcrumb\"},\"inLanguage\":\"fr-FR\",\"potentialAction\":[{\"@type\":\"ReadAction\",\"target\":[\"http:\/\/jordanvalleysolidarity.org\/fr\/actualite\/mai-2023-violations-des-droits-humains-dans-la-vallee-du-jourdain\/\"]}]},{\"@type\":\"BreadcrumbList\",\"@id\":\"http:\/\/jordanvalleysolidarity.org\/fr\/actualite\/mai-2023-violations-des-droits-humains-dans-la-vallee-du-jourdain\/#breadcrumb\",\"itemListElement\":[{\"@type\":\"ListItem\",\"position\":1,\"name\":\"Home\",\"item\":\"http:\/\/jordanvalleysolidarity.org\/fr\/\"},{\"@type\":\"ListItem\",\"position\":2,\"name\":\"Mai 2023 : Violations des droits humains dans la vall\u00e9e du Jourdain\"}]},{\"@type\":\"WebSite\",\"@id\":\"http:\/\/jordanvalleysolidarity.org\/fr\/#website\",\"url\":\"http:\/\/jordanvalleysolidarity.org\/fr\/\",\"name\":\"Jordan Valley Solidarity FR\",\"description\":\"Just another Jordan Valley Solidarity Test Sites site\",\"potentialAction\":[{\"@type\":\"SearchAction\",\"target\":{\"@type\":\"EntryPoint\",\"urlTemplate\":\"http:\/\/jordanvalleysolidarity.org\/fr\/?s={search_term_string}\"},\"query-input\":\"required name=search_term_string\"}],\"inLanguage\":\"fr-FR\"},{\"@type\":\"Person\",\"@id\":\"http:\/\/jordanvalleysolidarity.org\/fr\/#\/schema\/person\/b1d4ab48930477ea8ddea5dfcfd6fc25\",\"name\":\"linafr\",\"image\":{\"@type\":\"ImageObject\",\"inLanguage\":\"fr-FR\",\"@id\":\"http:\/\/jordanvalleysolidarity.org\/fr\/#\/schema\/person\/image\/\",\"url\":\"http:\/\/0.gravatar.com\/avatar\/03fdb700e2a59970782a4632148d30ef?s=96&d=mm&r=g\",\"contentUrl\":\"http:\/\/0.gravatar.com\/avatar\/03fdb700e2a59970782a4632148d30ef?s=96&d=mm&r=g\",\"caption\":\"linafr\"},\"url\":\"http:\/\/jordanvalleysolidarity.org\/fr\/author\/linafr\/\"}]}<\/script>\n<!-- \/ Yoast SEO plugin. -->","yoast_head_json":{"title":"Mai 2023 : Violations des droits humains dans la vall\u00e9e du Jourdain - Jordan Valley Solidarity FR","robots":{"index":"index","follow":"follow","max-snippet":"max-snippet:-1","max-image-preview":"max-image-preview:large","max-video-preview":"max-video-preview:-1"},"canonical":"http:\/\/jordanvalleysolidarity.org\/fr\/actualite\/mai-2023-violations-des-droits-humains-dans-la-vallee-du-jourdain\/","og_locale":"fr_FR","og_type":"article","og_title":"Mai 2023 : Violations des droits humains dans la vall\u00e9e du Jourdain - Jordan Valley Solidarity FR","og_description":"1er mai: Les forces d&rsquo;occupation ont attaqu\u00e9 le camp de r\u00e9fugi\u00e9s d&rsquo;Aqbat Jaber t\u00f4t le matin. Jibril Al-Ladaa, 17 ans, [&hellip;]","og_url":"http:\/\/jordanvalleysolidarity.org\/fr\/actualite\/mai-2023-violations-des-droits-humains-dans-la-vallee-du-jourdain\/","og_site_name":"Jordan Valley Solidarity FR","article_published_time":"2023-09-21T10:58:38+00:00","article_modified_time":"2023-09-21T10:58:39+00:00","author":"linafr","twitter_card":"summary_large_image","twitter_misc":{"\u00c9crit par":"linafr","Dur\u00e9e de lecture estim\u00e9e":"4 minutes"},"schema":{"@context":"https:\/\/schema.org","@graph":[{"@type":"WebPage","@id":"http:\/\/jordanvalleysolidarity.org\/fr\/actualite\/mai-2023-violations-des-droits-humains-dans-la-vallee-du-jourdain\/","url":"http:\/\/jordanvalleysolidarity.org\/fr\/actualite\/mai-2023-violations-des-droits-humains-dans-la-vallee-du-jourdain\/","name":"Mai 2023 : Violations des droits humains dans la vall\u00e9e du Jourdain - Jordan Valley Solidarity FR","isPartOf":{"@id":"http:\/\/jordanvalleysolidarity.org\/fr\/#website"},"datePublished":"2023-09-21T10:58:38+00:00","dateModified":"2023-09-21T10:58:39+00:00","author":{"@id":"http:\/\/jordanvalleysolidarity.org\/fr\/#\/schema\/person\/b1d4ab48930477ea8ddea5dfcfd6fc25"},"breadcrumb":{"@id":"http:\/\/jordanvalleysolidarity.org\/fr\/actualite\/mai-2023-violations-des-droits-humains-dans-la-vallee-du-jourdain\/#breadcrumb"},"inLanguage":"fr-FR","potentialAction":[{"@type":"ReadAction","target":["http:\/\/jordanvalleysolidarity.org\/fr\/actualite\/mai-2023-violations-des-droits-humains-dans-la-vallee-du-jourdain\/"]}]},{"@type":"BreadcrumbList","@id":"http:\/\/jordanvalleysolidarity.org\/fr\/actualite\/mai-2023-violations-des-droits-humains-dans-la-vallee-du-jourdain\/#breadcrumb","itemListElement":[{"@type":"ListItem","position":1,"name":"Home","item":"http:\/\/jordanvalleysolidarity.org\/fr\/"},{"@type":"ListItem","position":2,"name":"Mai 2023 : Violations des droits humains dans la vall\u00e9e du Jourdain"}]},{"@type":"WebSite","@id":"http:\/\/jordanvalleysolidarity.org\/fr\/#website","url":"http:\/\/jordanvalleysolidarity.org\/fr\/","name":"Jordan Valley Solidarity FR","description":"Just another Jordan Valley Solidarity Test Sites site","potentialAction":[{"@type":"SearchAction","target":{"@type":"EntryPoint","urlTemplate":"http:\/\/jordanvalleysolidarity.org\/fr\/?s={search_term_string}"},"query-input":"required name=search_term_string"}],"inLanguage":"fr-FR"},{"@type":"Person","@id":"http:\/\/jordanvalleysolidarity.org\/fr\/#\/schema\/person\/b1d4ab48930477ea8ddea5dfcfd6fc25","name":"linafr","image":{"@type":"ImageObject","inLanguage":"fr-FR","@id":"http:\/\/jordanvalleysolidarity.org\/fr\/#\/schema\/person\/image\/","url":"http:\/\/0.gravatar.com\/avatar\/03fdb700e2a59970782a4632148d30ef?s=96&d=mm&r=g","contentUrl":"http:\/\/0.gravatar.com\/avatar\/03fdb700e2a59970782a4632148d30ef?s=96&d=mm&r=g","caption":"linafr"},"url":"http:\/\/jordanvalleysolidarity.org\/fr\/author\/linafr\/"}]}},"_links":{"self":[{"href":"http:\/\/jordanvalleysolidarity.org\/fr\/wp-json\/wp\/v2\/posts\/3246"}],"collection":[{"href":"http:\/\/jordanvalleysolidarity.org\/fr\/wp-json\/wp\/v2\/posts"}],"about":[{"href":"http:\/\/jordanvalleysolidarity.org\/fr\/wp-json\/wp\/v2\/types\/post"}],"author":[{"embeddable":true,"href":"http:\/\/jordanvalleysolidarity.org\/fr\/wp-json\/wp\/v2\/users\/31"}],"replies":[{"embeddable":true,"href":"http:\/\/jordanvalleysolidarity.org\/fr\/wp-json\/wp\/v2\/comments?post=3246"}],"version-history":[{"count":1,"href":"http:\/\/jordanvalleysolidarity.org\/fr\/wp-json\/wp\/v2\/posts\/3246\/revisions"}],"predecessor-version":[{"id":3247,"href":"http:\/\/jordanvalleysolidarity.org\/fr\/wp-json\/wp\/v2\/posts\/3246\/revisions\/3247"}],"wp:attachment":[{"href":"http:\/\/jordanvalleysolidarity.org\/fr\/wp-json\/wp\/v2\/media?parent=3246"}],"wp:term":[{"taxonomy":"category","embeddable":true,"href":"http:\/\/jordanvalleysolidarity.org\/fr\/wp-json\/wp\/v2\/categories?post=3246"},{"taxonomy":"post_tag","embeddable":true,"href":"http:\/\/jordanvalleysolidarity.org\/fr\/wp-json\/wp\/v2\/tags?post=3246"}],"curies":[{"name":"wp","href":"https:\/\/api.w.org\/{rel}","templated":true}]}}