{"id":3229,"date":"2023-04-13T10:50:17","date_gmt":"2023-04-13T09:50:17","guid":{"rendered":"http:\/\/jordanvalleysolidarity.org\/fr\/?p=3229"},"modified":"2023-04-13T10:50:18","modified_gmt":"2023-04-13T09:50:18","slug":"escalade-des-violations-des-droits-humains-dans-la-vallee-du-jourdain","status":"publish","type":"post","link":"http:\/\/jordanvalleysolidarity.org\/fr\/actualite\/escalade-des-violations-des-droits-humains-dans-la-vallee-du-jourdain\/","title":{"rendered":"Escalade des violations des droits humains dans la vall\u00e9e du Jourdain"},"content":{"rendered":"\n<p>Les Palestiniens de la vall\u00e9e du Jourdain subissent une attaque soutenue de la part des forces d&rsquo;occupation et des colons isra\u00e9liens. Veuillez consulter le document ci-dessous pour un compte rendu d\u00e9taill\u00e9 et illustr\u00e9 des \u00e9v\u00e9nements de f\u00e9vrier. <\/p>\n\n\n\n<p> <a href=\"http:\/\/jordanvalleysolidarity.org\/wp-content\/uploads\/2023\/03\/Human-Rights-Violations-Account-02-2023.pdf\">Human Rights Violations Account 02 2023<\/a> <\/p>\n\n\n\n<pre class=\"wp-block-preformatted\"><\/pre>\n\n\n\n<p>2 f\u00e9vrier 2023&nbsp;: <br>Maison d\u00e9molie \u00e0 Khirbet Nabi Musa et confiscation d&rsquo;un v\u00e9hicule et d&rsquo;un panneau solaire. <br><br>4 f\u00e9vrier 2023&nbsp;: <br> Les forces d&rsquo;occupation prennent d&rsquo;assaut le camp d&rsquo;Aqbat Jaber \u00e0 J\u00e9richo assi\u00e9g\u00e9 3 fois en 24 heures. Des maisons ont \u00e9t\u00e9 saccag\u00e9es et 13 Palestiniens ont \u00e9t\u00e9 bless\u00e9s. <br><br>6 f\u00e9vrier 2023&nbsp;: <br>Les forces d&rsquo;occupation attaquent \u00e0 nouveau le camp de r\u00e9fugi\u00e9s d&rsquo;Aqbat Jaber et tuent 5 Palestiniens. Ils \u00e9taient \u00e2g\u00e9s de 21, 22, 22, 27 et 28 ans. Ils \u00e9taient tous des combattants dans des organisations de r\u00e9sistance mais aucun d&rsquo;entre eux n&rsquo;\u00e9tait actif le jour o\u00f9 ils ont \u00e9t\u00e9 assassin\u00e9s. <br><br>9 f\u00e9vrier 2023&nbsp;: <br>\u00ab L&rsquo;administration civile \u00bb isra\u00e9lienne a \u00e9mis des ordres de d\u00e9molition pour 12 maisons palestiniennes dans toute la vall\u00e9e du Jourdain. <br>Nord de la vall\u00e9e du Jourdain : Plus de 350 colons ont fait le tour dans des bus harcelant les fermiers palestiniens et agressant leurs animaux sous la protection de l&rsquo;arm\u00e9e et de la police isra\u00e9lienne. <br>Sud de la vall\u00e9e du Jourdain : Des colons de l&rsquo;avant-poste ill\u00e9gal d&rsquo;Omar ont vol\u00e9 des pans entiers de terres agricoles palestiniennes de palmiers dattiers.<br><br>11 f\u00e9vrier 2023: <br>Les colons isra\u00e9liens ont d\u00e9truit la maison et les b\u00e2timents agricoles d&rsquo;une famille palestinienne \u00e0 Khirbet Umm Al-Abr et renvers\u00e9 tous leurs r\u00e9servoirs d&rsquo;eau. <br><br>12 f\u00e9vrier 2023 :<br>Les Forces d&rsquo;occupation d\u00e9molissent deux b\u00e2timents de ferme utilis\u00e9s pour abriter des moutons \u00e0 Khirbet Umm Al-Abr<\/p>\n\n\n\n<p> 13 f\u00e9vrier 2023 :<br>Les magasins  locaux \u00e0 Al Auja ont \u00e9t\u00e9 ferm\u00e9s pendant 10 jours. Mahmoud Majed Al-Aydi  du camp de r\u00e9fugi\u00e9s d&rsquo;Al Fara&rsquo;a assassin\u00e9 par les Forces d&rsquo;occupation  isra\u00e9lienne. <\/p>\n\n\n\n<figure class=\"wp-block-image\"><img decoding=\"async\" src=\"http:\/\/jordanvalleysolidarity.org\/wp-content\/uploads\/2023\/03\/Mahmoud-Majed-Al-Aydi-killed-13thFeb2023.jpg\" alt=\"\" class=\"wp-image-4921\" \/><figcaption> Mahmoud Majed Al-Aydi assassin\u00e9 par les Forces d&rsquo;occupation Isra\u00e9lienne le 13\/02\/2023 <\/figcaption><\/figure>\n\n\n\n<p>16 f\u00e9vrier 2023 : <br>Les FOI prennent d&rsquo;assaut le camp de r\u00e9fugi\u00e9s d&rsquo;Aqbat Jaber pr\u00e8s de J\u00e9richo et arr\u00eatent trois hommes. Des unit\u00e9s sp\u00e9ciales des FOI prennent d&rsquo;assaut le village de Tayaseer \u00e0 l&rsquo;aube, arr\u00eatent Wissam Abu Mohsen chez lui et font des ravages dans la maison. Les FOI m\u00e8nent de vastes op\u00e9rations de dragage pour \u00e9tendre le r\u00e9seau d&rsquo;eau aux colonies. <br><br>21 f\u00e9vrier 2023: <br>4 ordres de d\u00e9molition \u00e9mis dans le village d&rsquo;Al Aqaba <br><br>23 f\u00e9vrier 2023: <br>Ordonnance de d\u00e9molition \u00e9mise \u00e0 Ras Al-Auja. Ordres de d\u00e9molition de 20 maisons \u00e0 J\u00e9richo et dans le village d&rsquo;Adiuk <br><br>25 f\u00e9vrier 2023: <br>L&rsquo;occupation a confisqu\u00e9 193 dounums de terres appartenant \u00e0 l&rsquo;\u00c9tat palestinien juste au nord d&rsquo;Al Auja. <br><br>26 f\u00e9vrier 2023: <br>Confiscation de deux tracteurs et une voiture appartenant \u00e0 une famille palestinienne. <br><br>27 f\u00e9vrier 2023: <br>Les colons attaquent la population de Khirbet Yarza et Khirbet Al-Farisiya, p\u00e9n\u00e9trant par effraction dans 6 maisons, d\u00e9truisant des r\u00e9servoirs de nourriture et d&rsquo;eau et endommageant 3 voitures. Les colons ont mis en place une pancarte appelant \u00e0 \u00ab Vengeance sur les Palestiniens \u00bb au carrefour d&rsquo;Ein El Helwa. Barrage routier sur la route entre la plaine d&rsquo;Al-Baqi&rsquo;a et le nord de la vall\u00e9e du Jourdain.<\/p>\n\n\n\n<pre class=\"wp-block-preformatted\"><\/pre>\n\n\n\n<p><\/p>\n<!-- AddThis Advanced Settings generic via filter on the_content --><!-- AddThis Share Buttons generic via filter on the_content -->","protected":false},"excerpt":{"rendered":"<p>Les Palestiniens de la vall\u00e9e du Jourdain subissent une attaque soutenue de la part des forces d&rsquo;occupation et des colons [&hellip;]<!-- AddThis Advanced Settings generic via filter on get_the_excerpt --><!-- AddThis Share Buttons generic via filter on get_the_excerpt --><\/p>\n","protected":false},"author":31,"featured_media":3230,"comment_status":"closed","ping_status":"closed","sticky":false,"template":"","format":"standard","meta":{"footnotes":""},"categories":[18],"tags":[],"yoast_head":"<!-- This site is optimized with the Yoast SEO plugin v22.8 - https:\/\/yoast.com\/wordpress\/plugins\/seo\/ -->\n<title>Escalade des violations des droits humains dans la vall\u00e9e du Jourdain - Jordan Valley Solidarity FR<\/title>\n<meta name=\"robots\" content=\"index, follow, max-snippet:-1, max-image-preview:large, max-video-preview:-1\" \/>\n<link rel=\"canonical\" href=\"https:\/\/jordanvalleysolidarity.org\/fr\/actualite\/escalade-des-violations-des-droits-humains-dans-la-vallee-du-jourdain\/\" \/>\n<meta property=\"og:locale\" content=\"fr_FR\" \/>\n<meta property=\"og:type\" content=\"article\" \/>\n<meta property=\"og:title\" content=\"Escalade des violations des droits humains dans la vall\u00e9e du Jourdain - Jordan Valley Solidarity FR\" \/>\n<meta property=\"og:description\" content=\"Les Palestiniens de la vall\u00e9e du Jourdain subissent une attaque soutenue de la part des forces d&rsquo;occupation et des colons [&hellip;]\" \/>\n<meta property=\"og:url\" content=\"https:\/\/jordanvalleysolidarity.org\/fr\/actualite\/escalade-des-violations-des-droits-humains-dans-la-vallee-du-jourdain\/\" \/>\n<meta property=\"og:site_name\" content=\"Jordan Valley Solidarity FR\" \/>\n<meta property=\"article:published_time\" content=\"2023-04-13T09:50:17+00:00\" \/>\n<meta property=\"article:modified_time\" content=\"2023-04-13T09:50:18+00:00\" \/>\n<meta property=\"og:image\" content=\"https:\/\/jordanvalleysolidarity.org\/fr\/wp-content\/uploads\/sites\/2\/2023\/04\/Mahmoud-Majed-Al-Aydi-killed-13thFeb2023.jpg\" \/>\n\t<meta property=\"og:image:width\" content=\"443\" \/>\n\t<meta property=\"og:image:height\" content=\"505\" \/>\n\t<meta property=\"og:image:type\" content=\"image\/jpeg\" \/>\n<meta name=\"author\" content=\"linafr\" \/>\n<meta name=\"twitter:card\" content=\"summary_large_image\" \/>\n<meta name=\"twitter:label1\" content=\"\u00c9crit par\" \/>\n\t<meta name=\"twitter:data1\" content=\"linafr\" \/>\n\t<meta name=\"twitter:label2\" content=\"Dur\u00e9e de lecture estim\u00e9e\" \/>\n\t<meta name=\"twitter:data2\" content=\"3 minutes\" \/>\n<script type=\"application\/ld+json\" class=\"yoast-schema-graph\">{\"@context\":\"https:\/\/schema.org\",\"@graph\":[{\"@type\":\"WebPage\",\"@id\":\"https:\/\/jordanvalleysolidarity.org\/fr\/actualite\/escalade-des-violations-des-droits-humains-dans-la-vallee-du-jourdain\/\",\"url\":\"https:\/\/jordanvalleysolidarity.org\/fr\/actualite\/escalade-des-violations-des-droits-humains-dans-la-vallee-du-jourdain\/\",\"name\":\"Escalade des violations des droits humains dans la vall\u00e9e du Jourdain - Jordan Valley Solidarity FR\",\"isPartOf\":{\"@id\":\"http:\/\/jordanvalleysolidarity.org\/fr\/#website\"},\"primaryImageOfPage\":{\"@id\":\"https:\/\/jordanvalleysolidarity.org\/fr\/actualite\/escalade-des-violations-des-droits-humains-dans-la-vallee-du-jourdain\/#primaryimage\"},\"image\":{\"@id\":\"https:\/\/jordanvalleysolidarity.org\/fr\/actualite\/escalade-des-violations-des-droits-humains-dans-la-vallee-du-jourdain\/#primaryimage\"},\"thumbnailUrl\":\"http:\/\/jordanvalleysolidarity.org\/fr\/wp-content\/uploads\/sites\/2\/2023\/04\/Mahmoud-Majed-Al-Aydi-killed-13thFeb2023.jpg\",\"datePublished\":\"2023-04-13T09:50:17+00:00\",\"dateModified\":\"2023-04-13T09:50:18+00:00\",\"author\":{\"@id\":\"http:\/\/jordanvalleysolidarity.org\/fr\/#\/schema\/person\/b1d4ab48930477ea8ddea5dfcfd6fc25\"},\"breadcrumb\":{\"@id\":\"https:\/\/jordanvalleysolidarity.org\/fr\/actualite\/escalade-des-violations-des-droits-humains-dans-la-vallee-du-jourdain\/#breadcrumb\"},\"inLanguage\":\"fr-FR\",\"potentialAction\":[{\"@type\":\"ReadAction\",\"target\":[\"https:\/\/jordanvalleysolidarity.org\/fr\/actualite\/escalade-des-violations-des-droits-humains-dans-la-vallee-du-jourdain\/\"]}]},{\"@type\":\"ImageObject\",\"inLanguage\":\"fr-FR\",\"@id\":\"https:\/\/jordanvalleysolidarity.org\/fr\/actualite\/escalade-des-violations-des-droits-humains-dans-la-vallee-du-jourdain\/#primaryimage\",\"url\":\"http:\/\/jordanvalleysolidarity.org\/fr\/wp-content\/uploads\/sites\/2\/2023\/04\/Mahmoud-Majed-Al-Aydi-killed-13thFeb2023.jpg\",\"contentUrl\":\"http:\/\/jordanvalleysolidarity.org\/fr\/wp-content\/uploads\/sites\/2\/2023\/04\/Mahmoud-Majed-Al-Aydi-killed-13thFeb2023.jpg\",\"width\":443,\"height\":505},{\"@type\":\"BreadcrumbList\",\"@id\":\"https:\/\/jordanvalleysolidarity.org\/fr\/actualite\/escalade-des-violations-des-droits-humains-dans-la-vallee-du-jourdain\/#breadcrumb\",\"itemListElement\":[{\"@type\":\"ListItem\",\"position\":1,\"name\":\"Home\",\"item\":\"http:\/\/jordanvalleysolidarity.org\/fr\/\"},{\"@type\":\"ListItem\",\"position\":2,\"name\":\"Escalade des violations des droits humains dans la vall\u00e9e du Jourdain\"}]},{\"@type\":\"WebSite\",\"@id\":\"http:\/\/jordanvalleysolidarity.org\/fr\/#website\",\"url\":\"http:\/\/jordanvalleysolidarity.org\/fr\/\",\"name\":\"Jordan Valley Solidarity FR\",\"description\":\"Just another Jordan Valley Solidarity Test Sites site\",\"potentialAction\":[{\"@type\":\"SearchAction\",\"target\":{\"@type\":\"EntryPoint\",\"urlTemplate\":\"http:\/\/jordanvalleysolidarity.org\/fr\/?s={search_term_string}\"},\"query-input\":\"required name=search_term_string\"}],\"inLanguage\":\"fr-FR\"},{\"@type\":\"Person\",\"@id\":\"http:\/\/jordanvalleysolidarity.org\/fr\/#\/schema\/person\/b1d4ab48930477ea8ddea5dfcfd6fc25\",\"name\":\"linafr\",\"image\":{\"@type\":\"ImageObject\",\"inLanguage\":\"fr-FR\",\"@id\":\"http:\/\/jordanvalleysolidarity.org\/fr\/#\/schema\/person\/image\/\",\"url\":\"http:\/\/0.gravatar.com\/avatar\/03fdb700e2a59970782a4632148d30ef?s=96&d=mm&r=g\",\"contentUrl\":\"http:\/\/0.gravatar.com\/avatar\/03fdb700e2a59970782a4632148d30ef?s=96&d=mm&r=g\",\"caption\":\"linafr\"},\"url\":\"http:\/\/jordanvalleysolidarity.org\/fr\/author\/linafr\/\"}]}<\/script>\n<!-- \/ Yoast SEO plugin. -->","yoast_head_json":{"title":"Escalade des violations des droits humains dans la vall\u00e9e du Jourdain - Jordan Valley Solidarity FR","robots":{"index":"index","follow":"follow","max-snippet":"max-snippet:-1","max-image-preview":"max-image-preview:large","max-video-preview":"max-video-preview:-1"},"canonical":"https:\/\/jordanvalleysolidarity.org\/fr\/actualite\/escalade-des-violations-des-droits-humains-dans-la-vallee-du-jourdain\/","og_locale":"fr_FR","og_type":"article","og_title":"Escalade des violations des droits humains dans la vall\u00e9e du Jourdain - Jordan Valley Solidarity FR","og_description":"Les Palestiniens de la vall\u00e9e du Jourdain subissent une attaque soutenue de la part des forces d&rsquo;occupation et des colons [&hellip;]","og_url":"https:\/\/jordanvalleysolidarity.org\/fr\/actualite\/escalade-des-violations-des-droits-humains-dans-la-vallee-du-jourdain\/","og_site_name":"Jordan Valley Solidarity FR","article_published_time":"2023-04-13T09:50:17+00:00","article_modified_time":"2023-04-13T09:50:18+00:00","og_image":[{"width":443,"height":505,"url":"https:\/\/jordanvalleysolidarity.org\/fr\/wp-content\/uploads\/sites\/2\/2023\/04\/Mahmoud-Majed-Al-Aydi-killed-13thFeb2023.jpg","type":"image\/jpeg"}],"author":"linafr","twitter_card":"summary_large_image","twitter_misc":{"\u00c9crit par":"linafr","Dur\u00e9e de lecture estim\u00e9e":"3 minutes"},"schema":{"@context":"https:\/\/schema.org","@graph":[{"@type":"WebPage","@id":"https:\/\/jordanvalleysolidarity.org\/fr\/actualite\/escalade-des-violations-des-droits-humains-dans-la-vallee-du-jourdain\/","url":"https:\/\/jordanvalleysolidarity.org\/fr\/actualite\/escalade-des-violations-des-droits-humains-dans-la-vallee-du-jourdain\/","name":"Escalade des violations des droits humains dans la vall\u00e9e du Jourdain - Jordan Valley Solidarity FR","isPartOf":{"@id":"http:\/\/jordanvalleysolidarity.org\/fr\/#website"},"primaryImageOfPage":{"@id":"https:\/\/jordanvalleysolidarity.org\/fr\/actualite\/escalade-des-violations-des-droits-humains-dans-la-vallee-du-jourdain\/#primaryimage"},"image":{"@id":"https:\/\/jordanvalleysolidarity.org\/fr\/actualite\/escalade-des-violations-des-droits-humains-dans-la-vallee-du-jourdain\/#primaryimage"},"thumbnailUrl":"http:\/\/jordanvalleysolidarity.org\/fr\/wp-content\/uploads\/sites\/2\/2023\/04\/Mahmoud-Majed-Al-Aydi-killed-13thFeb2023.jpg","datePublished":"2023-04-13T09:50:17+00:00","dateModified":"2023-04-13T09:50:18+00:00","author":{"@id":"http:\/\/jordanvalleysolidarity.org\/fr\/#\/schema\/person\/b1d4ab48930477ea8ddea5dfcfd6fc25"},"breadcrumb":{"@id":"https:\/\/jordanvalleysolidarity.org\/fr\/actualite\/escalade-des-violations-des-droits-humains-dans-la-vallee-du-jourdain\/#breadcrumb"},"inLanguage":"fr-FR","potentialAction":[{"@type":"ReadAction","target":["https:\/\/jordanvalleysolidarity.org\/fr\/actualite\/escalade-des-violations-des-droits-humains-dans-la-vallee-du-jourdain\/"]}]},{"@type":"ImageObject","inLanguage":"fr-FR","@id":"https:\/\/jordanvalleysolidarity.org\/fr\/actualite\/escalade-des-violations-des-droits-humains-dans-la-vallee-du-jourdain\/#primaryimage","url":"http:\/\/jordanvalleysolidarity.org\/fr\/wp-content\/uploads\/sites\/2\/2023\/04\/Mahmoud-Majed-Al-Aydi-killed-13thFeb2023.jpg","contentUrl":"http:\/\/jordanvalleysolidarity.org\/fr\/wp-content\/uploads\/sites\/2\/2023\/04\/Mahmoud-Majed-Al-Aydi-killed-13thFeb2023.jpg","width":443,"height":505},{"@type":"BreadcrumbList","@id":"https:\/\/jordanvalleysolidarity.org\/fr\/actualite\/escalade-des-violations-des-droits-humains-dans-la-vallee-du-jourdain\/#breadcrumb","itemListElement":[{"@type":"ListItem","position":1,"name":"Home","item":"http:\/\/jordanvalleysolidarity.org\/fr\/"},{"@type":"ListItem","position":2,"name":"Escalade des violations des droits humains dans la vall\u00e9e du Jourdain"}]},{"@type":"WebSite","@id":"http:\/\/jordanvalleysolidarity.org\/fr\/#website","url":"http:\/\/jordanvalleysolidarity.org\/fr\/","name":"Jordan Valley Solidarity FR","description":"Just another Jordan Valley Solidarity Test Sites site","potentialAction":[{"@type":"SearchAction","target":{"@type":"EntryPoint","urlTemplate":"http:\/\/jordanvalleysolidarity.org\/fr\/?s={search_term_string}"},"query-input":"required name=search_term_string"}],"inLanguage":"fr-FR"},{"@type":"Person","@id":"http:\/\/jordanvalleysolidarity.org\/fr\/#\/schema\/person\/b1d4ab48930477ea8ddea5dfcfd6fc25","name":"linafr","image":{"@type":"ImageObject","inLanguage":"fr-FR","@id":"http:\/\/jordanvalleysolidarity.org\/fr\/#\/schema\/person\/image\/","url":"http:\/\/0.gravatar.com\/avatar\/03fdb700e2a59970782a4632148d30ef?s=96&d=mm&r=g","contentUrl":"http:\/\/0.gravatar.com\/avatar\/03fdb700e2a59970782a4632148d30ef?s=96&d=mm&r=g","caption":"linafr"},"url":"http:\/\/jordanvalleysolidarity.org\/fr\/author\/linafr\/"}]}},"_links":{"self":[{"href":"http:\/\/jordanvalleysolidarity.org\/fr\/wp-json\/wp\/v2\/posts\/3229"}],"collection":[{"href":"http:\/\/jordanvalleysolidarity.org\/fr\/wp-json\/wp\/v2\/posts"}],"about":[{"href":"http:\/\/jordanvalleysolidarity.org\/fr\/wp-json\/wp\/v2\/types\/post"}],"author":[{"embeddable":true,"href":"http:\/\/jordanvalleysolidarity.org\/fr\/wp-json\/wp\/v2\/users\/31"}],"replies":[{"embeddable":true,"href":"http:\/\/jordanvalleysolidarity.org\/fr\/wp-json\/wp\/v2\/comments?post=3229"}],"version-history":[{"count":2,"href":"http:\/\/jordanvalleysolidarity.org\/fr\/wp-json\/wp\/v2\/posts\/3229\/revisions"}],"predecessor-version":[{"id":3232,"href":"http:\/\/jordanvalleysolidarity.org\/fr\/wp-json\/wp\/v2\/posts\/3229\/revisions\/3232"}],"wp:featuredmedia":[{"embeddable":true,"href":"http:\/\/jordanvalleysolidarity.org\/fr\/wp-json\/wp\/v2\/media\/3230"}],"wp:attachment":[{"href":"http:\/\/jordanvalleysolidarity.org\/fr\/wp-json\/wp\/v2\/media?parent=3229"}],"wp:term":[{"taxonomy":"category","embeddable":true,"href":"http:\/\/jordanvalleysolidarity.org\/fr\/wp-json\/wp\/v2\/categories?post=3229"},{"taxonomy":"post_tag","embeddable":true,"href":"http:\/\/jordanvalleysolidarity.org\/fr\/wp-json\/wp\/v2\/tags?post=3229"}],"curies":[{"name":"wp","href":"https:\/\/api.w.org\/{rel}","templated":true}]}}