{"id":3224,"date":"2023-04-13T10:27:21","date_gmt":"2023-04-13T09:27:21","guid":{"rendered":"http:\/\/jordanvalleysolidarity.org\/fr\/?p=3224"},"modified":"2023-04-13T10:30:24","modified_gmt":"2023-04-13T09:30:24","slug":"actualites-sur-la-campagne-jvs-concernant-le-van","status":"publish","type":"post","link":"http:\/\/jordanvalleysolidarity.org\/fr\/actualite\/actualites-sur-la-campagne-jvs-concernant-le-van\/","title":{"rendered":"Actualit\u00e9s sur la campagne JVS concernant le Van !"},"content":{"rendered":"\n<figure class=\"wp-block-image\"><img decoding=\"async\" src=\"http:\/\/jordanvalleysolidarity.org\/wp-content\/uploads\/2023\/01\/van.jpg\" alt=\"\" class=\"wp-image-4903\" \/><figcaption><br><\/figcaption><\/figure>\n\n\n\n<pre class=\"wp-block-preformatted\">Chers amis et sympathisants,\n\nNous sommes heureux d'annoncer une bonne nouvelle&nbsp;! Gr\u00e2ce au soutien de tous les donateurs qui ont contribu\u00e9 \u00e0 cette campagne, JVS a r\u00e9ussi \u00e0 acheter une camionnette qui sera utilis\u00e9e au profit des petits producteurs et de la communaut\u00e9 au sens large situ\u00e9e dans la vall\u00e9e du Jourdain.<\/pre>\n\n\n\n<figure class=\"wp-block-image\"><img decoding=\"async\" src=\"http:\/\/jordanvalleysolidarity.org\/wp-content\/uploads\/2023\/01\/van-2.jpg\" alt=\"\" class=\"wp-image-4904\" \/><\/figure>\n\n\n\n<pre class=\"wp-block-preformatted\">Depuis d\u00e9but avril, la camionnette est op\u00e9rationnelle et est utilis\u00e9e pour diff\u00e9rentes activit\u00e9s. L'association AssoPace Palestina est venu pour leur dernier voyage mi-avril et a pu constater l'utilit\u00e9 du van. Par exemple, elle a servi de moyen de transport pour les zaatar qui ont \u00e9t\u00e9 plant\u00e9 dans la communaut\u00e9 d'al Hama contribuant au projet Land unit us, comme l'a rapport\u00e9 Rashid Khudeiri. Al Hama est une r\u00e9gion riche en sources d'eau, o\u00f9 les agriculteurs ont d\u00e9j\u00e0 une ferme de dattes et mettent en \u0153uvre des initiatives agricoles visant \u00e0 ramener les familles de la zone A. De plus, la camionnette a \u00e9t\u00e9 utilis\u00e9e pour transporter des palmiers dattiers d'al Hama \u00e0 Al Farisiya. Un nouveau projet \u00e9galement \u00e9tant de construire le toit d'un nouveau centre, qui servira de lieu de rassemblement pour les agriculteurs locaux, qui pourront se rencontrer, s'organiser, discuter d'affaires et travailler ensemble.\n\nLa camionnette a \u00e9galement \u00e9t\u00e9 utilis\u00e9e pour pr\u00e9parer des terres cultivables dans le nord du village de Bardala, en apportant des conduites d'eau \u00e0 connecter aux sources d'eau et en apportant des cl\u00f4tures de protection. Les champs de cette zone serviront de terres agricoles \u00e0 cinq agriculteurs. Outre le transport de divers mat\u00e9riaux, la camionnette aide les personnes \u00e0 se d\u00e9placer dans la vall\u00e9e du Jourdain, o\u00f9 les transports publics sont limit\u00e9s. Notamment pour les femmes qui participent au projet Land unit us et qui doivent se rendre des villages d'Ein El Beda, Kardala, Bardala \u00e0 Al Hama, o\u00f9 elles participent \u00e0 la collecte du zaatar qui est ensuite vendu sur le march\u00e9. Le van a \u00e9galement \u00e9t\u00e9 mis \u00e0 disposition des enseignants pour rejoindre la communaut\u00e9 Mak-hul, o\u00f9 JVS a lanc\u00e9 l'initiative <a href=\"http:\/\/jordanvalleysolidarity.org\/news\/right-to-education-for-children-of-makhul-samra-and-al-hadidya-communities\/\">Right to education<\/a>,  Et ainsi, il est utilis\u00e9 pour aider les agriculteurs \u00e0 se rendre dans des zones difficilement accessibles en voiture, comme la communaut\u00e9 Ibziq. \n\nPour mener \u00e0 bien ces activit\u00e9s, JVS agit en coordination avec l'Association des agriculteurs palestiniens. Les frais d'essence sont partag\u00e9s entre les deux organisations pour les trajets plus longs, tandis que les frais pour les distances plus courtes, les assurances et autres d\u00e9penses ordinaires sont pris en charge par JVS. M\u00eame si les politiques oppressives de l'\u00c9tat isra\u00e9lien menacent constamment l'existence des Palestiniens dans cette r\u00e9gion, JVS et d'autres organisations de solidarit\u00e9 continuent de travailler ensemble pour lutter contre le but ultime de l'occupation, qui est de d\u00e9placer les Palestiniens de leur terre. \nVotre soutien et votre g\u00e9n\u00e9rosit\u00e9 dans cette campagne ont \u00e9t\u00e9 cruciaux pour permettre aux Palestiniens de la vall\u00e9e du Jourdain de poursuivre leurs activit\u00e9s quotidiennes et de s'engager dans de nouveaux projets communautaires. Merci de donner de l'espoir aux personnes qui r\u00e9sistent au quotidien en revendiquant leur droit d'exister. Le mouvement Jordan Valley Solidarity et l'Association des agriculteurs palestiniens tiennent \u00e0 exprimer leur profonde gratitude au mouvement de solidarit\u00e9 internationale et aux organisateurs de la campagne - AssoPacePalestina et ABP-Lux en Belgique - dont le soutien continu permet et facilite le succ\u00e8s de nombreux projets importants dans la vall\u00e9e du Jourdain.<\/pre>\n\n\n\n<pre class=\"wp-block-preformatted\"><\/pre>\n\n\n\n<p><\/p>\n<!-- AddThis Advanced Settings generic via filter on the_content --><!-- AddThis Share Buttons generic via filter on the_content -->","protected":false},"excerpt":{"rendered":"<p>Chers amis et sympathisants, Nous sommes heureux d&rsquo;annoncer une bonne nouvelle&nbsp;! Gr\u00e2ce au soutien de tous les donateurs qui ont [&hellip;]<!-- AddThis Advanced Settings generic via filter on get_the_excerpt --><!-- AddThis Share Buttons generic via filter on get_the_excerpt --><\/p>\n","protected":false},"author":31,"featured_media":3226,"comment_status":"closed","ping_status":"closed","sticky":false,"template":"","format":"standard","meta":{"footnotes":""},"categories":[18],"tags":[],"yoast_head":"<!-- This site is optimized with the Yoast SEO plugin v22.8 - https:\/\/yoast.com\/wordpress\/plugins\/seo\/ -->\n<title>Actualit\u00e9s sur la campagne JVS concernant le Van ! - Jordan Valley Solidarity FR<\/title>\n<meta name=\"robots\" content=\"index, follow, max-snippet:-1, max-image-preview:large, max-video-preview:-1\" \/>\n<link rel=\"canonical\" href=\"http:\/\/jordanvalleysolidarity.org\/fr\/actualite\/actualites-sur-la-campagne-jvs-concernant-le-van\/\" \/>\n<meta property=\"og:locale\" content=\"fr_FR\" \/>\n<meta property=\"og:type\" content=\"article\" \/>\n<meta property=\"og:title\" content=\"Actualit\u00e9s sur la campagne JVS concernant le Van ! - Jordan Valley Solidarity FR\" \/>\n<meta property=\"og:description\" content=\"Chers amis et sympathisants, Nous sommes heureux d&#039;annoncer une bonne nouvelle&nbsp;! Gr\u00e2ce au soutien de tous les donateurs qui ont [&hellip;]\" \/>\n<meta property=\"og:url\" content=\"http:\/\/jordanvalleysolidarity.org\/fr\/actualite\/actualites-sur-la-campagne-jvs-concernant-le-van\/\" \/>\n<meta property=\"og:site_name\" content=\"Jordan Valley Solidarity FR\" \/>\n<meta property=\"article:published_time\" content=\"2023-04-13T09:27:21+00:00\" \/>\n<meta property=\"article:modified_time\" content=\"2023-04-13T09:30:24+00:00\" \/>\n<meta property=\"og:image\" content=\"http:\/\/jordanvalleysolidarity.org\/fr\/wp-content\/uploads\/sites\/2\/2023\/04\/van.jpg\" \/>\n\t<meta property=\"og:image:width\" content=\"1024\" \/>\n\t<meta property=\"og:image:height\" content=\"768\" \/>\n\t<meta property=\"og:image:type\" content=\"image\/jpeg\" \/>\n<meta name=\"author\" content=\"linafr\" \/>\n<meta name=\"twitter:card\" content=\"summary_large_image\" \/>\n<meta name=\"twitter:label1\" content=\"\u00c9crit par\" \/>\n\t<meta name=\"twitter:data1\" content=\"linafr\" \/>\n\t<meta name=\"twitter:label2\" content=\"Dur\u00e9e de lecture estim\u00e9e\" \/>\n\t<meta name=\"twitter:data2\" content=\"3 minutes\" \/>\n<script type=\"application\/ld+json\" class=\"yoast-schema-graph\">{\"@context\":\"https:\/\/schema.org\",\"@graph\":[{\"@type\":\"WebPage\",\"@id\":\"http:\/\/jordanvalleysolidarity.org\/fr\/actualite\/actualites-sur-la-campagne-jvs-concernant-le-van\/\",\"url\":\"http:\/\/jordanvalleysolidarity.org\/fr\/actualite\/actualites-sur-la-campagne-jvs-concernant-le-van\/\",\"name\":\"Actualit\u00e9s sur la campagne JVS concernant le Van ! - Jordan Valley Solidarity FR\",\"isPartOf\":{\"@id\":\"http:\/\/jordanvalleysolidarity.org\/fr\/#website\"},\"primaryImageOfPage\":{\"@id\":\"http:\/\/jordanvalleysolidarity.org\/fr\/actualite\/actualites-sur-la-campagne-jvs-concernant-le-van\/#primaryimage\"},\"image\":{\"@id\":\"http:\/\/jordanvalleysolidarity.org\/fr\/actualite\/actualites-sur-la-campagne-jvs-concernant-le-van\/#primaryimage\"},\"thumbnailUrl\":\"http:\/\/jordanvalleysolidarity.org\/fr\/wp-content\/uploads\/sites\/2\/2023\/04\/van.jpg\",\"datePublished\":\"2023-04-13T09:27:21+00:00\",\"dateModified\":\"2023-04-13T09:30:24+00:00\",\"author\":{\"@id\":\"http:\/\/jordanvalleysolidarity.org\/fr\/#\/schema\/person\/b1d4ab48930477ea8ddea5dfcfd6fc25\"},\"breadcrumb\":{\"@id\":\"http:\/\/jordanvalleysolidarity.org\/fr\/actualite\/actualites-sur-la-campagne-jvs-concernant-le-van\/#breadcrumb\"},\"inLanguage\":\"fr-FR\",\"potentialAction\":[{\"@type\":\"ReadAction\",\"target\":[\"http:\/\/jordanvalleysolidarity.org\/fr\/actualite\/actualites-sur-la-campagne-jvs-concernant-le-van\/\"]}]},{\"@type\":\"ImageObject\",\"inLanguage\":\"fr-FR\",\"@id\":\"http:\/\/jordanvalleysolidarity.org\/fr\/actualite\/actualites-sur-la-campagne-jvs-concernant-le-van\/#primaryimage\",\"url\":\"http:\/\/jordanvalleysolidarity.org\/fr\/wp-content\/uploads\/sites\/2\/2023\/04\/van.jpg\",\"contentUrl\":\"http:\/\/jordanvalleysolidarity.org\/fr\/wp-content\/uploads\/sites\/2\/2023\/04\/van.jpg\",\"width\":1024,\"height\":768},{\"@type\":\"BreadcrumbList\",\"@id\":\"http:\/\/jordanvalleysolidarity.org\/fr\/actualite\/actualites-sur-la-campagne-jvs-concernant-le-van\/#breadcrumb\",\"itemListElement\":[{\"@type\":\"ListItem\",\"position\":1,\"name\":\"Home\",\"item\":\"http:\/\/jordanvalleysolidarity.org\/fr\/\"},{\"@type\":\"ListItem\",\"position\":2,\"name\":\"Actualit\u00e9s sur la campagne JVS concernant le Van !\"}]},{\"@type\":\"WebSite\",\"@id\":\"http:\/\/jordanvalleysolidarity.org\/fr\/#website\",\"url\":\"http:\/\/jordanvalleysolidarity.org\/fr\/\",\"name\":\"Jordan Valley Solidarity FR\",\"description\":\"Just another Jordan Valley Solidarity Test Sites site\",\"potentialAction\":[{\"@type\":\"SearchAction\",\"target\":{\"@type\":\"EntryPoint\",\"urlTemplate\":\"http:\/\/jordanvalleysolidarity.org\/fr\/?s={search_term_string}\"},\"query-input\":\"required name=search_term_string\"}],\"inLanguage\":\"fr-FR\"},{\"@type\":\"Person\",\"@id\":\"http:\/\/jordanvalleysolidarity.org\/fr\/#\/schema\/person\/b1d4ab48930477ea8ddea5dfcfd6fc25\",\"name\":\"linafr\",\"image\":{\"@type\":\"ImageObject\",\"inLanguage\":\"fr-FR\",\"@id\":\"http:\/\/jordanvalleysolidarity.org\/fr\/#\/schema\/person\/image\/\",\"url\":\"http:\/\/0.gravatar.com\/avatar\/03fdb700e2a59970782a4632148d30ef?s=96&d=mm&r=g\",\"contentUrl\":\"http:\/\/0.gravatar.com\/avatar\/03fdb700e2a59970782a4632148d30ef?s=96&d=mm&r=g\",\"caption\":\"linafr\"},\"url\":\"http:\/\/jordanvalleysolidarity.org\/fr\/author\/linafr\/\"}]}<\/script>\n<!-- \/ Yoast SEO plugin. -->","yoast_head_json":{"title":"Actualit\u00e9s sur la campagne JVS concernant le Van ! - Jordan Valley Solidarity FR","robots":{"index":"index","follow":"follow","max-snippet":"max-snippet:-1","max-image-preview":"max-image-preview:large","max-video-preview":"max-video-preview:-1"},"canonical":"http:\/\/jordanvalleysolidarity.org\/fr\/actualite\/actualites-sur-la-campagne-jvs-concernant-le-van\/","og_locale":"fr_FR","og_type":"article","og_title":"Actualit\u00e9s sur la campagne JVS concernant le Van ! - Jordan Valley Solidarity FR","og_description":"Chers amis et sympathisants, Nous sommes heureux d'annoncer une bonne nouvelle&nbsp;! Gr\u00e2ce au soutien de tous les donateurs qui ont [&hellip;]","og_url":"http:\/\/jordanvalleysolidarity.org\/fr\/actualite\/actualites-sur-la-campagne-jvs-concernant-le-van\/","og_site_name":"Jordan Valley Solidarity FR","article_published_time":"2023-04-13T09:27:21+00:00","article_modified_time":"2023-04-13T09:30:24+00:00","og_image":[{"width":1024,"height":768,"url":"http:\/\/jordanvalleysolidarity.org\/fr\/wp-content\/uploads\/sites\/2\/2023\/04\/van.jpg","type":"image\/jpeg"}],"author":"linafr","twitter_card":"summary_large_image","twitter_misc":{"\u00c9crit par":"linafr","Dur\u00e9e de lecture estim\u00e9e":"3 minutes"},"schema":{"@context":"https:\/\/schema.org","@graph":[{"@type":"WebPage","@id":"http:\/\/jordanvalleysolidarity.org\/fr\/actualite\/actualites-sur-la-campagne-jvs-concernant-le-van\/","url":"http:\/\/jordanvalleysolidarity.org\/fr\/actualite\/actualites-sur-la-campagne-jvs-concernant-le-van\/","name":"Actualit\u00e9s sur la campagne JVS concernant le Van ! - Jordan Valley Solidarity FR","isPartOf":{"@id":"http:\/\/jordanvalleysolidarity.org\/fr\/#website"},"primaryImageOfPage":{"@id":"http:\/\/jordanvalleysolidarity.org\/fr\/actualite\/actualites-sur-la-campagne-jvs-concernant-le-van\/#primaryimage"},"image":{"@id":"http:\/\/jordanvalleysolidarity.org\/fr\/actualite\/actualites-sur-la-campagne-jvs-concernant-le-van\/#primaryimage"},"thumbnailUrl":"http:\/\/jordanvalleysolidarity.org\/fr\/wp-content\/uploads\/sites\/2\/2023\/04\/van.jpg","datePublished":"2023-04-13T09:27:21+00:00","dateModified":"2023-04-13T09:30:24+00:00","author":{"@id":"http:\/\/jordanvalleysolidarity.org\/fr\/#\/schema\/person\/b1d4ab48930477ea8ddea5dfcfd6fc25"},"breadcrumb":{"@id":"http:\/\/jordanvalleysolidarity.org\/fr\/actualite\/actualites-sur-la-campagne-jvs-concernant-le-van\/#breadcrumb"},"inLanguage":"fr-FR","potentialAction":[{"@type":"ReadAction","target":["http:\/\/jordanvalleysolidarity.org\/fr\/actualite\/actualites-sur-la-campagne-jvs-concernant-le-van\/"]}]},{"@type":"ImageObject","inLanguage":"fr-FR","@id":"http:\/\/jordanvalleysolidarity.org\/fr\/actualite\/actualites-sur-la-campagne-jvs-concernant-le-van\/#primaryimage","url":"http:\/\/jordanvalleysolidarity.org\/fr\/wp-content\/uploads\/sites\/2\/2023\/04\/van.jpg","contentUrl":"http:\/\/jordanvalleysolidarity.org\/fr\/wp-content\/uploads\/sites\/2\/2023\/04\/van.jpg","width":1024,"height":768},{"@type":"BreadcrumbList","@id":"http:\/\/jordanvalleysolidarity.org\/fr\/actualite\/actualites-sur-la-campagne-jvs-concernant-le-van\/#breadcrumb","itemListElement":[{"@type":"ListItem","position":1,"name":"Home","item":"http:\/\/jordanvalleysolidarity.org\/fr\/"},{"@type":"ListItem","position":2,"name":"Actualit\u00e9s sur la campagne JVS concernant le Van !"}]},{"@type":"WebSite","@id":"http:\/\/jordanvalleysolidarity.org\/fr\/#website","url":"http:\/\/jordanvalleysolidarity.org\/fr\/","name":"Jordan Valley Solidarity FR","description":"Just another Jordan Valley Solidarity Test Sites site","potentialAction":[{"@type":"SearchAction","target":{"@type":"EntryPoint","urlTemplate":"http:\/\/jordanvalleysolidarity.org\/fr\/?s={search_term_string}"},"query-input":"required name=search_term_string"}],"inLanguage":"fr-FR"},{"@type":"Person","@id":"http:\/\/jordanvalleysolidarity.org\/fr\/#\/schema\/person\/b1d4ab48930477ea8ddea5dfcfd6fc25","name":"linafr","image":{"@type":"ImageObject","inLanguage":"fr-FR","@id":"http:\/\/jordanvalleysolidarity.org\/fr\/#\/schema\/person\/image\/","url":"http:\/\/0.gravatar.com\/avatar\/03fdb700e2a59970782a4632148d30ef?s=96&d=mm&r=g","contentUrl":"http:\/\/0.gravatar.com\/avatar\/03fdb700e2a59970782a4632148d30ef?s=96&d=mm&r=g","caption":"linafr"},"url":"http:\/\/jordanvalleysolidarity.org\/fr\/author\/linafr\/"}]}},"_links":{"self":[{"href":"http:\/\/jordanvalleysolidarity.org\/fr\/wp-json\/wp\/v2\/posts\/3224"}],"collection":[{"href":"http:\/\/jordanvalleysolidarity.org\/fr\/wp-json\/wp\/v2\/posts"}],"about":[{"href":"http:\/\/jordanvalleysolidarity.org\/fr\/wp-json\/wp\/v2\/types\/post"}],"author":[{"embeddable":true,"href":"http:\/\/jordanvalleysolidarity.org\/fr\/wp-json\/wp\/v2\/users\/31"}],"replies":[{"embeddable":true,"href":"http:\/\/jordanvalleysolidarity.org\/fr\/wp-json\/wp\/v2\/comments?post=3224"}],"version-history":[{"count":2,"href":"http:\/\/jordanvalleysolidarity.org\/fr\/wp-json\/wp\/v2\/posts\/3224\/revisions"}],"predecessor-version":[{"id":3228,"href":"http:\/\/jordanvalleysolidarity.org\/fr\/wp-json\/wp\/v2\/posts\/3224\/revisions\/3228"}],"wp:featuredmedia":[{"embeddable":true,"href":"http:\/\/jordanvalleysolidarity.org\/fr\/wp-json\/wp\/v2\/media\/3226"}],"wp:attachment":[{"href":"http:\/\/jordanvalleysolidarity.org\/fr\/wp-json\/wp\/v2\/media?parent=3224"}],"wp:term":[{"taxonomy":"category","embeddable":true,"href":"http:\/\/jordanvalleysolidarity.org\/fr\/wp-json\/wp\/v2\/categories?post=3224"},{"taxonomy":"post_tag","embeddable":true,"href":"http:\/\/jordanvalleysolidarity.org\/fr\/wp-json\/wp\/v2\/tags?post=3224"}],"curies":[{"name":"wp","href":"https:\/\/api.w.org\/{rel}","templated":true}]}}