{"id":3222,"date":"2023-04-13T10:01:48","date_gmt":"2023-04-13T09:01:48","guid":{"rendered":"http:\/\/jordanvalleysolidarity.org\/fr\/?p=3222"},"modified":"2023-04-13T10:01:49","modified_gmt":"2023-04-13T09:01:49","slug":"la-repression-contre-les-palestiniens-de-la-vallee-du-jourdain-sest-intensifiee-apres-les-elections-israeliennes-de-novembre-2022","status":"publish","type":"post","link":"http:\/\/jordanvalleysolidarity.org\/fr\/actualite\/la-repression-contre-les-palestiniens-de-la-vallee-du-jourdain-sest-intensifiee-apres-les-elections-israeliennes-de-novembre-2022\/","title":{"rendered":"La r\u00e9pression contre les Palestiniens de la vall\u00e9e du Jourdain s&rsquo;est intensifi\u00e9e apr\u00e8s les \u00e9lections isra\u00e9liennes de novembre 2022"},"content":{"rendered":"\n<pre class=\"wp-block-preformatted\">Un mois seulement apr\u00e8s les \u00e9lections isra\u00e9liennes du 1er novembre 2022, la situation des Palestiniens de la vall\u00e9e du Jourdain s'est consid\u00e9rablement d\u00e9grad\u00e9e. Les contr\u00f4les aux checkpoints, la confiscation de biens et les ordres de d\u00e9molition se sont intensifi\u00e9s alors que les forces d'occupation isra\u00e9liennes lancent une campagne fr\u00e9n\u00e9tique ciblant les citoyens, les agriculteurs et leurs propri\u00e9t\u00e9s dans le nord de la vall\u00e9e du Jourdain.\n\nEn une seule journ\u00e9e, le 10 d\u00e9cembre 2022, ils ont men\u00e9 des actions contre plusieurs familles dans les villages Atoof, Kirbet Ras al Ahmar et Al Hadidiya.\nYassin Rashaida, un agriculteur du village d'Atouf, a re\u00e7u un ordre d'arr\u00eater les travaux de construction de sa maison. Le document d\u00e9clare que les Forces de l'occupation isra\u00e9lienne sont en mesure de d\u00e9truire le b\u00e2timent et de confisquer les mat\u00e9riaux si les ordres ne sont pas respect\u00e9s.<\/pre>\n\n\n\n<pre class=\"wp-block-preformatted\"><\/pre>\n\n\n\n<div class=\"wp-block-image\"><figure class=\"aligncenter\"><img decoding=\"async\" src=\"http:\/\/jordanvalleysolidarity.org\/wp-content\/uploads\/2022\/12\/Demolition-order-Yassin-Rashaida-202x300.jpg\" alt=\"\" class=\"wp-image-4895\" \/><figcaption>Le document qui a \u00e9t\u00e9 remis \u00e0 Yassin Rashaida<\/figcaption><\/figure><\/div>\n\n\n\n<p>Les forces d&rsquo;occupation ont \u00e9mis un ordre de d\u00e9molition d&rsquo;une conduite d&rsquo;eau agricole dans le village de Khirbet Al-Ras Al-Ahmar. Il appartient \u00e0 l&rsquo;agriculteur Muwafaq Fakhri Daraghmeh et \u00e0 ses associ\u00e9s. Le tuyau de 150 mm, couvrant une superficie de 1,5 km, alimente plus de 1 300 dunums de terres agricoles. Le document ordonne Muwafaq d&rsquo;enlever son pipeline dans les 96 heures suivant la signification de l&rsquo;ordre de d\u00e9molition, ou bien l&rsquo;arm\u00e9e le d\u00e9truira. Les forces de l&rsquo;ordre isra\u00e9lienne ont \u00e9mis le m\u00eame ordre pour une autre route agricole qui m\u00e8ne \u00e0 des terres agricoles situ\u00e9es \u00e0 2 kilom\u00e8tres \u00e0 l&rsquo;ext\u00e9rieur d&rsquo;Al-Ras Al-Ahmar. De plus, Muwafaq Fakhri Daraghmeh et ses partenaires ont re\u00e7u un ordre de d\u00e9molition pour leurs serres construites sur une superficie de 60 dunums qui sont utilis\u00e9es pour cultiver des bananiers.<\/p>\n\n\n\n<pre class=\"wp-block-preformatted\"><\/pre>\n\n\n\n<pre class=\"wp-block-preformatted\"><\/pre>\n\n\n\n<p>Ahmed Diab Ahmed Khaizran, un autre agriculteur d&rsquo;Al-Ras Al-Ahmar, a re\u00e7u l&rsquo;ordre de d\u00e9molir ses b\u00e2timents agricoles. Lui et ses partenaires ont \u00e9galement re\u00e7u un ordre de d\u00e9molition pour leurs serres de bananes qui sont construites sur 30 dunums de terrain, et pour une conduite d&rsquo;eau de 1,5 kilom\u00e8tre de long alimentant plus de 200 dunums de terres agricoles. Pr\u00e8s de la communaut\u00e9 d&rsquo;Al Hadidiya, les colons isra\u00e9liens ont commenc\u00e9 \u00e0 construire un nouvel avant-poste ill\u00e9gal sous la protection des forces militaires. Ils ont commenc\u00e9 \u00e0 construire des b\u00e2timents et \u00e0 pr\u00e9parer des terres agricoles pour la culture. Un abri pour animaux ainsi qu&rsquo;une maison ont d\u00e9j\u00e0 \u00e9t\u00e9 construits. De plus, les colons ont confisqu\u00e9 une partie des terres agricoles d&rsquo;Al Hadidiya pour cultiver du bl\u00e9.<\/p>\n\n\n\n<p>Le 12 d\u00e9cembre 2022, les forces de l&rsquo;ordre isra\u00e9lienne ont confisqu\u00e9 trois tracteurs appartenant \u00e0 un fermier du village de Bardala, deux le midi et un en fin d&rsquo;apr\u00e8s-midi. Les deux agriculteurs qui conduisaient les tracteurs confisqu\u00e9s \u00e0 midi ont fait un r\u00e9cit d\u00e9taill\u00e9 du d\u00e9roulement des \u00e9v\u00e9nements. Alors qu&rsquo;ils allaient travailler dans un champ pr\u00e8s de Bardala, ils ont crois\u00e9 plusieurs camions militaires sur la route. Les militaires les ont arr\u00eat\u00e9s et leur ont demand\u00e9 de leur remettre leurs papiers d&rsquo;identit\u00e9 et leurs t\u00e9l\u00e9phones. Au cours de ce processus, un drone volait bas au-dessus de leurs t\u00eates. Ensuite, les militaires ont ordonn\u00e9 aux deux fermiers de les suivre.<\/p>\n\n\n\n<div class=\"wp-block-image\"><figure class=\"aligncenter\"><img decoding=\"async\" src=\"http:\/\/jordanvalleysolidarity.org\/wp-content\/uploads\/2022\/12\/Military-escort-300x221.jpg\" alt=\"\" class=\"wp-image-4898\" \/><figcaption> Les tracteurs contraints de suivre l&rsquo;escorte militaire <\/figcaption><\/figure><\/div>\n\n\n\n<p>Les militaires escortent les tracteurs jusqu&rsquo;\u00e0 la colonie de Mehola. L\u00e0, les fermiers ont \u00e9t\u00e9 amen\u00e9s devant le conseil d&rsquo;\u00e9tablissement. Un cadre du conseil leur a dit que le terrain sur lequel ils roulaient lorsque les militaires les ont arr\u00eat\u00e9s \u00e9tait une zone ill\u00e9gale et qu&rsquo;il leur \u00e9tait interdit d&rsquo;y travailler. Tous deux ont r\u00e9pondu qu&rsquo;ils ne savaient pas que cette zone \u00e9tait ill\u00e9gale et qu&rsquo;ils avaient m\u00eame l&rsquo;autorisation \u2013 selon une d\u00e9cision de justice isra\u00e9lienne \u2013 de travailler sur un terrain situ\u00e9 derri\u00e8re le mur et la fronti\u00e8re. La route qu&rsquo;ils ont emprunt\u00e9e m\u00e8ne \u00e0 cette terre. Le conseil a demand\u00e9 aux agriculteurs de signer un document indiquant qu&rsquo;ils travaillaient sur les terres d&rsquo;une zone ill\u00e9gale, mais les deux ont refus\u00e9. On leur a rendu leurs t\u00e9l\u00e9phones et leurs cartes d&rsquo;identit\u00e9 avant d&rsquo;\u00eatre rel\u00e2ch\u00e9s, mais les forces de l&rsquo;ordre isra\u00e9lienne ont gard\u00e9 les deux tracteurs dans la colonie de Mehola. Les militaires sont retourn\u00e9s dans la r\u00e9gion et ont ensuite confisqu\u00e9 le troisi\u00e8me tracteur. Dans la soir\u00e9e, deux des tracteurs ont \u00e9t\u00e9 transport\u00e9s hors de la colonie de Mehola, vraisemblablement vers une base militaire plus au sud dans la vall\u00e9e.<\/p>\n\n\n\n<p><\/p>\n<!-- AddThis Advanced Settings generic via filter on the_content --><!-- AddThis Share Buttons generic via filter on the_content -->","protected":false},"excerpt":{"rendered":"<p>Un mois seulement apr\u00e8s les \u00e9lections isra\u00e9liennes du 1er novembre 2022, la situation des Palestiniens de la vall\u00e9e du Jourdain [&hellip;]<!-- AddThis Advanced Settings generic via filter on get_the_excerpt --><!-- AddThis Share Buttons generic via filter on get_the_excerpt --><\/p>\n","protected":false},"author":31,"featured_media":0,"comment_status":"closed","ping_status":"closed","sticky":false,"template":"","format":"standard","meta":{"footnotes":""},"categories":[18],"tags":[],"yoast_head":"<!-- This site is optimized with the Yoast SEO plugin v22.8 - https:\/\/yoast.com\/wordpress\/plugins\/seo\/ -->\n<title>La r\u00e9pression contre les Palestiniens de la vall\u00e9e du Jourdain s&#039;est intensifi\u00e9e apr\u00e8s les \u00e9lections isra\u00e9liennes de novembre 2022 - Jordan Valley Solidarity FR<\/title>\n<meta name=\"robots\" content=\"index, follow, max-snippet:-1, max-image-preview:large, max-video-preview:-1\" \/>\n<link rel=\"canonical\" href=\"http:\/\/jordanvalleysolidarity.org\/fr\/actualite\/la-repression-contre-les-palestiniens-de-la-vallee-du-jourdain-sest-intensifiee-apres-les-elections-israeliennes-de-novembre-2022\/\" \/>\n<meta property=\"og:locale\" content=\"fr_FR\" \/>\n<meta property=\"og:type\" content=\"article\" \/>\n<meta property=\"og:title\" content=\"La r\u00e9pression contre les Palestiniens de la vall\u00e9e du Jourdain s&#039;est intensifi\u00e9e apr\u00e8s les \u00e9lections isra\u00e9liennes de novembre 2022 - Jordan Valley Solidarity FR\" \/>\n<meta property=\"og:description\" content=\"Un mois seulement apr\u00e8s les \u00e9lections isra\u00e9liennes du 1er novembre 2022, la situation des Palestiniens de la vall\u00e9e du Jourdain [&hellip;]\" \/>\n<meta property=\"og:url\" content=\"http:\/\/jordanvalleysolidarity.org\/fr\/actualite\/la-repression-contre-les-palestiniens-de-la-vallee-du-jourdain-sest-intensifiee-apres-les-elections-israeliennes-de-novembre-2022\/\" \/>\n<meta property=\"og:site_name\" content=\"Jordan Valley Solidarity FR\" \/>\n<meta property=\"article:published_time\" content=\"2023-04-13T09:01:48+00:00\" \/>\n<meta property=\"article:modified_time\" content=\"2023-04-13T09:01:49+00:00\" \/>\n<meta property=\"og:image\" content=\"http:\/\/jordanvalleysolidarity.org\/wp-content\/uploads\/2022\/12\/Demolition-order-Yassin-Rashaida-202x300.jpg\" \/>\n<meta name=\"author\" content=\"linafr\" \/>\n<meta name=\"twitter:card\" content=\"summary_large_image\" \/>\n<meta name=\"twitter:label1\" content=\"\u00c9crit par\" \/>\n\t<meta name=\"twitter:data1\" content=\"linafr\" \/>\n\t<meta name=\"twitter:label2\" content=\"Dur\u00e9e de lecture estim\u00e9e\" \/>\n\t<meta name=\"twitter:data2\" content=\"4 minutes\" \/>\n<script type=\"application\/ld+json\" class=\"yoast-schema-graph\">{\"@context\":\"https:\/\/schema.org\",\"@graph\":[{\"@type\":\"WebPage\",\"@id\":\"http:\/\/jordanvalleysolidarity.org\/fr\/actualite\/la-repression-contre-les-palestiniens-de-la-vallee-du-jourdain-sest-intensifiee-apres-les-elections-israeliennes-de-novembre-2022\/\",\"url\":\"http:\/\/jordanvalleysolidarity.org\/fr\/actualite\/la-repression-contre-les-palestiniens-de-la-vallee-du-jourdain-sest-intensifiee-apres-les-elections-israeliennes-de-novembre-2022\/\",\"name\":\"La r\u00e9pression contre les Palestiniens de la vall\u00e9e du Jourdain s'est intensifi\u00e9e apr\u00e8s les \u00e9lections isra\u00e9liennes de novembre 2022 - Jordan Valley Solidarity FR\",\"isPartOf\":{\"@id\":\"http:\/\/jordanvalleysolidarity.org\/fr\/#website\"},\"primaryImageOfPage\":{\"@id\":\"http:\/\/jordanvalleysolidarity.org\/fr\/actualite\/la-repression-contre-les-palestiniens-de-la-vallee-du-jourdain-sest-intensifiee-apres-les-elections-israeliennes-de-novembre-2022\/#primaryimage\"},\"image\":{\"@id\":\"http:\/\/jordanvalleysolidarity.org\/fr\/actualite\/la-repression-contre-les-palestiniens-de-la-vallee-du-jourdain-sest-intensifiee-apres-les-elections-israeliennes-de-novembre-2022\/#primaryimage\"},\"thumbnailUrl\":\"http:\/\/jordanvalleysolidarity.org\/wp-content\/uploads\/2022\/12\/Demolition-order-Yassin-Rashaida-202x300.jpg\",\"datePublished\":\"2023-04-13T09:01:48+00:00\",\"dateModified\":\"2023-04-13T09:01:49+00:00\",\"author\":{\"@id\":\"http:\/\/jordanvalleysolidarity.org\/fr\/#\/schema\/person\/b1d4ab48930477ea8ddea5dfcfd6fc25\"},\"breadcrumb\":{\"@id\":\"http:\/\/jordanvalleysolidarity.org\/fr\/actualite\/la-repression-contre-les-palestiniens-de-la-vallee-du-jourdain-sest-intensifiee-apres-les-elections-israeliennes-de-novembre-2022\/#breadcrumb\"},\"inLanguage\":\"fr-FR\",\"potentialAction\":[{\"@type\":\"ReadAction\",\"target\":[\"http:\/\/jordanvalleysolidarity.org\/fr\/actualite\/la-repression-contre-les-palestiniens-de-la-vallee-du-jourdain-sest-intensifiee-apres-les-elections-israeliennes-de-novembre-2022\/\"]}]},{\"@type\":\"ImageObject\",\"inLanguage\":\"fr-FR\",\"@id\":\"http:\/\/jordanvalleysolidarity.org\/fr\/actualite\/la-repression-contre-les-palestiniens-de-la-vallee-du-jourdain-sest-intensifiee-apres-les-elections-israeliennes-de-novembre-2022\/#primaryimage\",\"url\":\"http:\/\/jordanvalleysolidarity.org\/wp-content\/uploads\/2022\/12\/Demolition-order-Yassin-Rashaida-202x300.jpg\",\"contentUrl\":\"http:\/\/jordanvalleysolidarity.org\/wp-content\/uploads\/2022\/12\/Demolition-order-Yassin-Rashaida-202x300.jpg\"},{\"@type\":\"BreadcrumbList\",\"@id\":\"http:\/\/jordanvalleysolidarity.org\/fr\/actualite\/la-repression-contre-les-palestiniens-de-la-vallee-du-jourdain-sest-intensifiee-apres-les-elections-israeliennes-de-novembre-2022\/#breadcrumb\",\"itemListElement\":[{\"@type\":\"ListItem\",\"position\":1,\"name\":\"Home\",\"item\":\"http:\/\/jordanvalleysolidarity.org\/fr\/\"},{\"@type\":\"ListItem\",\"position\":2,\"name\":\"La r\u00e9pression contre les Palestiniens de la vall\u00e9e du Jourdain s&rsquo;est intensifi\u00e9e apr\u00e8s les \u00e9lections isra\u00e9liennes de novembre 2022\"}]},{\"@type\":\"WebSite\",\"@id\":\"http:\/\/jordanvalleysolidarity.org\/fr\/#website\",\"url\":\"http:\/\/jordanvalleysolidarity.org\/fr\/\",\"name\":\"Jordan Valley Solidarity FR\",\"description\":\"Just another Jordan Valley Solidarity Test Sites site\",\"potentialAction\":[{\"@type\":\"SearchAction\",\"target\":{\"@type\":\"EntryPoint\",\"urlTemplate\":\"http:\/\/jordanvalleysolidarity.org\/fr\/?s={search_term_string}\"},\"query-input\":\"required name=search_term_string\"}],\"inLanguage\":\"fr-FR\"},{\"@type\":\"Person\",\"@id\":\"http:\/\/jordanvalleysolidarity.org\/fr\/#\/schema\/person\/b1d4ab48930477ea8ddea5dfcfd6fc25\",\"name\":\"linafr\",\"image\":{\"@type\":\"ImageObject\",\"inLanguage\":\"fr-FR\",\"@id\":\"http:\/\/jordanvalleysolidarity.org\/fr\/#\/schema\/person\/image\/\",\"url\":\"http:\/\/0.gravatar.com\/avatar\/03fdb700e2a59970782a4632148d30ef?s=96&d=mm&r=g\",\"contentUrl\":\"http:\/\/0.gravatar.com\/avatar\/03fdb700e2a59970782a4632148d30ef?s=96&d=mm&r=g\",\"caption\":\"linafr\"},\"url\":\"http:\/\/jordanvalleysolidarity.org\/fr\/author\/linafr\/\"}]}<\/script>\n<!-- \/ Yoast SEO plugin. -->","yoast_head_json":{"title":"La r\u00e9pression contre les Palestiniens de la vall\u00e9e du Jourdain s'est intensifi\u00e9e apr\u00e8s les \u00e9lections isra\u00e9liennes de novembre 2022 - Jordan Valley Solidarity FR","robots":{"index":"index","follow":"follow","max-snippet":"max-snippet:-1","max-image-preview":"max-image-preview:large","max-video-preview":"max-video-preview:-1"},"canonical":"http:\/\/jordanvalleysolidarity.org\/fr\/actualite\/la-repression-contre-les-palestiniens-de-la-vallee-du-jourdain-sest-intensifiee-apres-les-elections-israeliennes-de-novembre-2022\/","og_locale":"fr_FR","og_type":"article","og_title":"La r\u00e9pression contre les Palestiniens de la vall\u00e9e du Jourdain s'est intensifi\u00e9e apr\u00e8s les \u00e9lections isra\u00e9liennes de novembre 2022 - Jordan Valley Solidarity FR","og_description":"Un mois seulement apr\u00e8s les \u00e9lections isra\u00e9liennes du 1er novembre 2022, la situation des Palestiniens de la vall\u00e9e du Jourdain [&hellip;]","og_url":"http:\/\/jordanvalleysolidarity.org\/fr\/actualite\/la-repression-contre-les-palestiniens-de-la-vallee-du-jourdain-sest-intensifiee-apres-les-elections-israeliennes-de-novembre-2022\/","og_site_name":"Jordan Valley Solidarity FR","article_published_time":"2023-04-13T09:01:48+00:00","article_modified_time":"2023-04-13T09:01:49+00:00","og_image":[{"url":"http:\/\/jordanvalleysolidarity.org\/wp-content\/uploads\/2022\/12\/Demolition-order-Yassin-Rashaida-202x300.jpg"}],"author":"linafr","twitter_card":"summary_large_image","twitter_misc":{"\u00c9crit par":"linafr","Dur\u00e9e de lecture estim\u00e9e":"4 minutes"},"schema":{"@context":"https:\/\/schema.org","@graph":[{"@type":"WebPage","@id":"http:\/\/jordanvalleysolidarity.org\/fr\/actualite\/la-repression-contre-les-palestiniens-de-la-vallee-du-jourdain-sest-intensifiee-apres-les-elections-israeliennes-de-novembre-2022\/","url":"http:\/\/jordanvalleysolidarity.org\/fr\/actualite\/la-repression-contre-les-palestiniens-de-la-vallee-du-jourdain-sest-intensifiee-apres-les-elections-israeliennes-de-novembre-2022\/","name":"La r\u00e9pression contre les Palestiniens de la vall\u00e9e du Jourdain s'est intensifi\u00e9e apr\u00e8s les \u00e9lections isra\u00e9liennes de novembre 2022 - Jordan Valley Solidarity FR","isPartOf":{"@id":"http:\/\/jordanvalleysolidarity.org\/fr\/#website"},"primaryImageOfPage":{"@id":"http:\/\/jordanvalleysolidarity.org\/fr\/actualite\/la-repression-contre-les-palestiniens-de-la-vallee-du-jourdain-sest-intensifiee-apres-les-elections-israeliennes-de-novembre-2022\/#primaryimage"},"image":{"@id":"http:\/\/jordanvalleysolidarity.org\/fr\/actualite\/la-repression-contre-les-palestiniens-de-la-vallee-du-jourdain-sest-intensifiee-apres-les-elections-israeliennes-de-novembre-2022\/#primaryimage"},"thumbnailUrl":"http:\/\/jordanvalleysolidarity.org\/wp-content\/uploads\/2022\/12\/Demolition-order-Yassin-Rashaida-202x300.jpg","datePublished":"2023-04-13T09:01:48+00:00","dateModified":"2023-04-13T09:01:49+00:00","author":{"@id":"http:\/\/jordanvalleysolidarity.org\/fr\/#\/schema\/person\/b1d4ab48930477ea8ddea5dfcfd6fc25"},"breadcrumb":{"@id":"http:\/\/jordanvalleysolidarity.org\/fr\/actualite\/la-repression-contre-les-palestiniens-de-la-vallee-du-jourdain-sest-intensifiee-apres-les-elections-israeliennes-de-novembre-2022\/#breadcrumb"},"inLanguage":"fr-FR","potentialAction":[{"@type":"ReadAction","target":["http:\/\/jordanvalleysolidarity.org\/fr\/actualite\/la-repression-contre-les-palestiniens-de-la-vallee-du-jourdain-sest-intensifiee-apres-les-elections-israeliennes-de-novembre-2022\/"]}]},{"@type":"ImageObject","inLanguage":"fr-FR","@id":"http:\/\/jordanvalleysolidarity.org\/fr\/actualite\/la-repression-contre-les-palestiniens-de-la-vallee-du-jourdain-sest-intensifiee-apres-les-elections-israeliennes-de-novembre-2022\/#primaryimage","url":"http:\/\/jordanvalleysolidarity.org\/wp-content\/uploads\/2022\/12\/Demolition-order-Yassin-Rashaida-202x300.jpg","contentUrl":"http:\/\/jordanvalleysolidarity.org\/wp-content\/uploads\/2022\/12\/Demolition-order-Yassin-Rashaida-202x300.jpg"},{"@type":"BreadcrumbList","@id":"http:\/\/jordanvalleysolidarity.org\/fr\/actualite\/la-repression-contre-les-palestiniens-de-la-vallee-du-jourdain-sest-intensifiee-apres-les-elections-israeliennes-de-novembre-2022\/#breadcrumb","itemListElement":[{"@type":"ListItem","position":1,"name":"Home","item":"http:\/\/jordanvalleysolidarity.org\/fr\/"},{"@type":"ListItem","position":2,"name":"La r\u00e9pression contre les Palestiniens de la vall\u00e9e du Jourdain s&rsquo;est intensifi\u00e9e apr\u00e8s les \u00e9lections isra\u00e9liennes de novembre 2022"}]},{"@type":"WebSite","@id":"http:\/\/jordanvalleysolidarity.org\/fr\/#website","url":"http:\/\/jordanvalleysolidarity.org\/fr\/","name":"Jordan Valley Solidarity FR","description":"Just another Jordan Valley Solidarity Test Sites site","potentialAction":[{"@type":"SearchAction","target":{"@type":"EntryPoint","urlTemplate":"http:\/\/jordanvalleysolidarity.org\/fr\/?s={search_term_string}"},"query-input":"required name=search_term_string"}],"inLanguage":"fr-FR"},{"@type":"Person","@id":"http:\/\/jordanvalleysolidarity.org\/fr\/#\/schema\/person\/b1d4ab48930477ea8ddea5dfcfd6fc25","name":"linafr","image":{"@type":"ImageObject","inLanguage":"fr-FR","@id":"http:\/\/jordanvalleysolidarity.org\/fr\/#\/schema\/person\/image\/","url":"http:\/\/0.gravatar.com\/avatar\/03fdb700e2a59970782a4632148d30ef?s=96&d=mm&r=g","contentUrl":"http:\/\/0.gravatar.com\/avatar\/03fdb700e2a59970782a4632148d30ef?s=96&d=mm&r=g","caption":"linafr"},"url":"http:\/\/jordanvalleysolidarity.org\/fr\/author\/linafr\/"}]}},"_links":{"self":[{"href":"http:\/\/jordanvalleysolidarity.org\/fr\/wp-json\/wp\/v2\/posts\/3222"}],"collection":[{"href":"http:\/\/jordanvalleysolidarity.org\/fr\/wp-json\/wp\/v2\/posts"}],"about":[{"href":"http:\/\/jordanvalleysolidarity.org\/fr\/wp-json\/wp\/v2\/types\/post"}],"author":[{"embeddable":true,"href":"http:\/\/jordanvalleysolidarity.org\/fr\/wp-json\/wp\/v2\/users\/31"}],"replies":[{"embeddable":true,"href":"http:\/\/jordanvalleysolidarity.org\/fr\/wp-json\/wp\/v2\/comments?post=3222"}],"version-history":[{"count":1,"href":"http:\/\/jordanvalleysolidarity.org\/fr\/wp-json\/wp\/v2\/posts\/3222\/revisions"}],"predecessor-version":[{"id":3223,"href":"http:\/\/jordanvalleysolidarity.org\/fr\/wp-json\/wp\/v2\/posts\/3222\/revisions\/3223"}],"wp:attachment":[{"href":"http:\/\/jordanvalleysolidarity.org\/fr\/wp-json\/wp\/v2\/media?parent=3222"}],"wp:term":[{"taxonomy":"category","embeddable":true,"href":"http:\/\/jordanvalleysolidarity.org\/fr\/wp-json\/wp\/v2\/categories?post=3222"},{"taxonomy":"post_tag","embeddable":true,"href":"http:\/\/jordanvalleysolidarity.org\/fr\/wp-json\/wp\/v2\/tags?post=3222"}],"curies":[{"name":"wp","href":"https:\/\/api.w.org\/{rel}","templated":true}]}}