{"id":3215,"date":"2022-05-16T08:32:22","date_gmt":"2022-05-16T07:32:22","guid":{"rendered":"http:\/\/jordanvalleysolidarity.org\/fr\/?p=3215"},"modified":"2022-05-16T08:32:23","modified_gmt":"2022-05-16T07:32:23","slug":"une-nouvelle-colonie-menace-les-communautes-palestiniennes-dal-farisiya","status":"publish","type":"post","link":"http:\/\/jordanvalleysolidarity.org\/fr\/actualite\/une-nouvelle-colonie-menace-les-communautes-palestiniennes-dal-farisiya\/","title":{"rendered":"Une nouvelle colonie menace les communaut\u00e9s palestiniennes d&rsquo;Al Farisiya"},"content":{"rendered":"\n<p>Voil\u00e0 comment \u00e7a commence. Un petit nombre de colons isra\u00e9liens installent des caravanes sur des terres palestiniennes. Officiellement, cela est ill\u00e9gal, mais officieusement, ce serait sanctionn\u00e9 par l&rsquo;\u00c9tat d&rsquo;apartheid. Ils construisent des maisons permanentes, des routes goudronn\u00e9es, d&rsquo;autres maisons, peut-\u00eatre des appartements et une \u00e9cole. Le tout en collaboration avec et sous la protection de l&rsquo;arm\u00e9e d&rsquo;occupation. <\/p>\n\n\n\n<figure class=\"wp-block-image\"><img decoding=\"async\" src=\"http:\/\/jordanvalleysolidarity.org\/wp-content\/uploads\/2022\/04\/new-colony-19-april-2022-2-1024x522.jpg\" alt=\"\" \/><\/figure>\n\n\n\n<p>Le 19 avril 2022, un groupe de colons a install\u00e9 deux caravanes dans la zone de Matter, des terres appartenant aux Palestiniens de la communaut\u00e9 d&rsquo;Al Farsi.<\/p>\n\n\n\n<figure class=\"wp-block-image\"><img decoding=\"async\" src=\"http:\/\/jordanvalleysolidarity.org\/wp-content\/uploads\/2022\/04\/colony-19-april-2022-2-4-1024x768.jpg\" alt=\"\" \/><\/figure>\n\n\n\n<p>Nous savons ce qui se passera ensuite, nous l&rsquo;avons d\u00e9j\u00e0 vu. En 2002, \u00e0 moins de 5 km sur les collines au-dessus d&rsquo;Ein El Hilwe, certains colons sont venus s&rsquo;installer sur la colline dans leurs caravanes, rejoints en 2005 par des colons de Gaza. En 2009, ils construisaient leurs premi\u00e8res maisons. Maintenant, c&rsquo;est un \u00e9norme d\u00e9veloppement &#8211; une colonie appel\u00e9e Maskiyyot. Le simple fait d&rsquo;entendre le mot Maskiyyot rappelle les attaques r\u00e9p\u00e9t\u00e9es contre les Palestiniens vivant dans les vall\u00e9es en contrebas &#8211; des familles ont \u00e9t\u00e9 brutalement harcel\u00e9es, des bergers attaqu\u00e9s et la communaut\u00e9 d&rsquo;Ein El Hilwe s&rsquo;est vu voler sa source d&rsquo;eau douce.<\/p>\n\n\n\n<div class=\"wp-block-image\"><figure class=\"aligncenter is-resized\"><img loading=\"lazy\" decoding=\"async\" src=\"https:\/\/images1.ynet.co.il\/PicServer2\/02022009\/2161334\/1_a.jpg\" alt=\"\" width=\"167\" height=\"167\" \/><figcaption>Maskyot 2009<\/figcaption><\/figure><\/div>\n\n\n\n<figure class=\"wp-block-image\"><img decoding=\"async\" src=\"https:\/\/english.palinfo.com\/Uploads\/Models\/Media\/Images\/2021\/4\/20\/-1995657509.jpg?h=500&amp;w=947&amp;crop=auto&amp;scale=both&amp;quality=80&amp;404=default&amp;format=jpg\" alt=\"\" \/><figcaption>Maskyot 2019<\/figcaption><\/figure>\n\n\n\n<p>Cela arrivera \u00e0 la communaut\u00e9 d&rsquo;Al Farisiya si nous ne l&rsquo;arr\u00eatons pas. Les nouvelles caravanes ouvriront la voie \u00e0 la construction d&rsquo;une nouvelle colonie et \u00e0 la confiscation d&rsquo;encore plus de terres palestiniennes. <\/p>\n\n\n\n<p>Ce ne sont pas les actions de quelques non-conformistes. Tout cela fait partie de la politique mise en \u0153uvre par les organisations de colonisation au nom de l&rsquo;\u00c9tat d&rsquo;apartheid. Au fond, se trouve l&rsquo;objectif de contr\u00f4ler toutes les terres et de harceler la population palestinienne jusqu&rsquo;\u00e0 les d\u00e9placer de force en dehors de la vall\u00e9e du Jourdain. C&rsquo;est du nettoyage ethnique.<\/p>\n\n\n\n<figure class=\"wp-block-image\"><img decoding=\"async\" src=\"http:\/\/jordanvalleysolidarity.org\/wp-content\/uploads\/2022\/04\/Nature-Reserve-sign-Ein-El-Hilwe-1-1024x542.jpg\" alt=\"\" \/><\/figure>\n\n\n\n<p>Le m\u00eame jour, le 19 avril 2022, le Programme national d&rsquo;\u00e9valuation de la nature d&rsquo;Isra\u00ebl a \u00e9rig\u00e9 un panneau d\u00e9clarant la zone d&rsquo;Ein El-Hilwe une r\u00e9serve naturelle et l&rsquo;appelant Rotem et Al-Sakot, effa\u00e7ant ainsi la communaut\u00e9 et le patrimoine palestiniens de la r\u00e9gion. C&rsquo;est la prochaine \u00e9tape du vol de cette terre. Il y a dix ans, cette terre a \u00e9t\u00e9 d\u00e9clar\u00e9e zone militaire ferm\u00e9e pour dissuader les Palestiniens d&rsquo;y acc\u00e9der, m\u00eame si les bergers locaux y nourrissent leurs animaux depuis des g\u00e9n\u00e9rations. La d\u00e9claration d&rsquo;une r\u00e9serve naturelle renforce encore le contr\u00f4le des colons sur la source et rend ill\u00e9gal (en vertu des lois de l&rsquo;\u00c9tat d&rsquo;apartheid) pour les Palestiniens d&rsquo;y acc\u00e9der. <\/p>\n\n\n\n<p>La communaut\u00e9 locale craint que l&rsquo;installation de ce panneau ne soit la premi\u00e8re \u00e9tape pour que les forces d&rsquo;occupation isra\u00e9liennes installent une cl\u00f4ture qui emp\u00eachera davantage les Palestiniens d&rsquo;acc\u00e9der \u00e0 cette terre. <\/p>\n\n\n\n<p><\/p>\n<!-- AddThis Advanced Settings generic via filter on the_content --><!-- AddThis Share Buttons generic via filter on the_content -->","protected":false},"excerpt":{"rendered":"<p>Voil\u00e0 comment \u00e7a commence. Un petit nombre de colons isra\u00e9liens installent des caravanes sur des terres palestiniennes. Officiellement, cela est [&hellip;]<!-- AddThis Advanced Settings generic via filter on get_the_excerpt --><!-- AddThis Share Buttons generic via filter on get_the_excerpt --><\/p>\n","protected":false},"author":31,"featured_media":0,"comment_status":"closed","ping_status":"closed","sticky":false,"template":"","format":"standard","meta":{"footnotes":""},"categories":[18],"tags":[],"yoast_head":"<!-- This site is optimized with the Yoast SEO plugin v22.8 - https:\/\/yoast.com\/wordpress\/plugins\/seo\/ -->\n<title>Une nouvelle colonie menace les communaut\u00e9s palestiniennes d&#039;Al Farisiya - Jordan Valley Solidarity FR<\/title>\n<meta name=\"robots\" content=\"index, follow, max-snippet:-1, max-image-preview:large, max-video-preview:-1\" \/>\n<link rel=\"canonical\" href=\"http:\/\/jordanvalleysolidarity.org\/fr\/actualite\/une-nouvelle-colonie-menace-les-communautes-palestiniennes-dal-farisiya\/\" \/>\n<meta property=\"og:locale\" content=\"fr_FR\" \/>\n<meta property=\"og:type\" content=\"article\" \/>\n<meta property=\"og:title\" content=\"Une nouvelle colonie menace les communaut\u00e9s palestiniennes d&#039;Al Farisiya - Jordan Valley Solidarity FR\" \/>\n<meta property=\"og:description\" content=\"Voil\u00e0 comment \u00e7a commence. Un petit nombre de colons isra\u00e9liens installent des caravanes sur des terres palestiniennes. Officiellement, cela est [&hellip;]\" \/>\n<meta property=\"og:url\" content=\"http:\/\/jordanvalleysolidarity.org\/fr\/actualite\/une-nouvelle-colonie-menace-les-communautes-palestiniennes-dal-farisiya\/\" \/>\n<meta property=\"og:site_name\" content=\"Jordan Valley Solidarity FR\" \/>\n<meta property=\"article:published_time\" content=\"2022-05-16T07:32:22+00:00\" \/>\n<meta property=\"article:modified_time\" content=\"2022-05-16T07:32:23+00:00\" \/>\n<meta property=\"og:image\" content=\"http:\/\/jordanvalleysolidarity.org\/wp-content\/uploads\/2022\/04\/new-colony-19-april-2022-2-1024x522.jpg\" \/>\n<meta name=\"author\" content=\"linafr\" \/>\n<meta name=\"twitter:card\" content=\"summary_large_image\" \/>\n<meta name=\"twitter:label1\" content=\"\u00c9crit par\" \/>\n\t<meta name=\"twitter:data1\" content=\"linafr\" \/>\n\t<meta name=\"twitter:label2\" content=\"Dur\u00e9e de lecture estim\u00e9e\" \/>\n\t<meta name=\"twitter:data2\" content=\"2 minutes\" \/>\n<script type=\"application\/ld+json\" class=\"yoast-schema-graph\">{\"@context\":\"https:\/\/schema.org\",\"@graph\":[{\"@type\":\"WebPage\",\"@id\":\"http:\/\/jordanvalleysolidarity.org\/fr\/actualite\/une-nouvelle-colonie-menace-les-communautes-palestiniennes-dal-farisiya\/\",\"url\":\"http:\/\/jordanvalleysolidarity.org\/fr\/actualite\/une-nouvelle-colonie-menace-les-communautes-palestiniennes-dal-farisiya\/\",\"name\":\"Une nouvelle colonie menace les communaut\u00e9s palestiniennes d'Al Farisiya - Jordan Valley Solidarity FR\",\"isPartOf\":{\"@id\":\"http:\/\/jordanvalleysolidarity.org\/fr\/#website\"},\"primaryImageOfPage\":{\"@id\":\"http:\/\/jordanvalleysolidarity.org\/fr\/actualite\/une-nouvelle-colonie-menace-les-communautes-palestiniennes-dal-farisiya\/#primaryimage\"},\"image\":{\"@id\":\"http:\/\/jordanvalleysolidarity.org\/fr\/actualite\/une-nouvelle-colonie-menace-les-communautes-palestiniennes-dal-farisiya\/#primaryimage\"},\"thumbnailUrl\":\"http:\/\/jordanvalleysolidarity.org\/wp-content\/uploads\/2022\/04\/new-colony-19-april-2022-2-1024x522.jpg\",\"datePublished\":\"2022-05-16T07:32:22+00:00\",\"dateModified\":\"2022-05-16T07:32:23+00:00\",\"author\":{\"@id\":\"http:\/\/jordanvalleysolidarity.org\/fr\/#\/schema\/person\/b1d4ab48930477ea8ddea5dfcfd6fc25\"},\"breadcrumb\":{\"@id\":\"http:\/\/jordanvalleysolidarity.org\/fr\/actualite\/une-nouvelle-colonie-menace-les-communautes-palestiniennes-dal-farisiya\/#breadcrumb\"},\"inLanguage\":\"fr-FR\",\"potentialAction\":[{\"@type\":\"ReadAction\",\"target\":[\"http:\/\/jordanvalleysolidarity.org\/fr\/actualite\/une-nouvelle-colonie-menace-les-communautes-palestiniennes-dal-farisiya\/\"]}]},{\"@type\":\"ImageObject\",\"inLanguage\":\"fr-FR\",\"@id\":\"http:\/\/jordanvalleysolidarity.org\/fr\/actualite\/une-nouvelle-colonie-menace-les-communautes-palestiniennes-dal-farisiya\/#primaryimage\",\"url\":\"http:\/\/jordanvalleysolidarity.org\/wp-content\/uploads\/2022\/04\/new-colony-19-april-2022-2-1024x522.jpg\",\"contentUrl\":\"http:\/\/jordanvalleysolidarity.org\/wp-content\/uploads\/2022\/04\/new-colony-19-april-2022-2-1024x522.jpg\"},{\"@type\":\"BreadcrumbList\",\"@id\":\"http:\/\/jordanvalleysolidarity.org\/fr\/actualite\/une-nouvelle-colonie-menace-les-communautes-palestiniennes-dal-farisiya\/#breadcrumb\",\"itemListElement\":[{\"@type\":\"ListItem\",\"position\":1,\"name\":\"Home\",\"item\":\"http:\/\/jordanvalleysolidarity.org\/fr\/\"},{\"@type\":\"ListItem\",\"position\":2,\"name\":\"Une nouvelle colonie menace les communaut\u00e9s palestiniennes d&rsquo;Al Farisiya\"}]},{\"@type\":\"WebSite\",\"@id\":\"http:\/\/jordanvalleysolidarity.org\/fr\/#website\",\"url\":\"http:\/\/jordanvalleysolidarity.org\/fr\/\",\"name\":\"Jordan Valley Solidarity FR\",\"description\":\"Just another Jordan Valley Solidarity Test Sites site\",\"potentialAction\":[{\"@type\":\"SearchAction\",\"target\":{\"@type\":\"EntryPoint\",\"urlTemplate\":\"http:\/\/jordanvalleysolidarity.org\/fr\/?s={search_term_string}\"},\"query-input\":\"required name=search_term_string\"}],\"inLanguage\":\"fr-FR\"},{\"@type\":\"Person\",\"@id\":\"http:\/\/jordanvalleysolidarity.org\/fr\/#\/schema\/person\/b1d4ab48930477ea8ddea5dfcfd6fc25\",\"name\":\"linafr\",\"image\":{\"@type\":\"ImageObject\",\"inLanguage\":\"fr-FR\",\"@id\":\"http:\/\/jordanvalleysolidarity.org\/fr\/#\/schema\/person\/image\/\",\"url\":\"http:\/\/0.gravatar.com\/avatar\/03fdb700e2a59970782a4632148d30ef?s=96&d=mm&r=g\",\"contentUrl\":\"http:\/\/0.gravatar.com\/avatar\/03fdb700e2a59970782a4632148d30ef?s=96&d=mm&r=g\",\"caption\":\"linafr\"},\"url\":\"http:\/\/jordanvalleysolidarity.org\/fr\/author\/linafr\/\"}]}<\/script>\n<!-- \/ Yoast SEO plugin. -->","yoast_head_json":{"title":"Une nouvelle colonie menace les communaut\u00e9s palestiniennes d'Al Farisiya - Jordan Valley Solidarity FR","robots":{"index":"index","follow":"follow","max-snippet":"max-snippet:-1","max-image-preview":"max-image-preview:large","max-video-preview":"max-video-preview:-1"},"canonical":"http:\/\/jordanvalleysolidarity.org\/fr\/actualite\/une-nouvelle-colonie-menace-les-communautes-palestiniennes-dal-farisiya\/","og_locale":"fr_FR","og_type":"article","og_title":"Une nouvelle colonie menace les communaut\u00e9s palestiniennes d'Al Farisiya - Jordan Valley Solidarity FR","og_description":"Voil\u00e0 comment \u00e7a commence. Un petit nombre de colons isra\u00e9liens installent des caravanes sur des terres palestiniennes. Officiellement, cela est [&hellip;]","og_url":"http:\/\/jordanvalleysolidarity.org\/fr\/actualite\/une-nouvelle-colonie-menace-les-communautes-palestiniennes-dal-farisiya\/","og_site_name":"Jordan Valley Solidarity FR","article_published_time":"2022-05-16T07:32:22+00:00","article_modified_time":"2022-05-16T07:32:23+00:00","og_image":[{"url":"http:\/\/jordanvalleysolidarity.org\/wp-content\/uploads\/2022\/04\/new-colony-19-april-2022-2-1024x522.jpg"}],"author":"linafr","twitter_card":"summary_large_image","twitter_misc":{"\u00c9crit par":"linafr","Dur\u00e9e de lecture estim\u00e9e":"2 minutes"},"schema":{"@context":"https:\/\/schema.org","@graph":[{"@type":"WebPage","@id":"http:\/\/jordanvalleysolidarity.org\/fr\/actualite\/une-nouvelle-colonie-menace-les-communautes-palestiniennes-dal-farisiya\/","url":"http:\/\/jordanvalleysolidarity.org\/fr\/actualite\/une-nouvelle-colonie-menace-les-communautes-palestiniennes-dal-farisiya\/","name":"Une nouvelle colonie menace les communaut\u00e9s palestiniennes d'Al Farisiya - Jordan Valley Solidarity FR","isPartOf":{"@id":"http:\/\/jordanvalleysolidarity.org\/fr\/#website"},"primaryImageOfPage":{"@id":"http:\/\/jordanvalleysolidarity.org\/fr\/actualite\/une-nouvelle-colonie-menace-les-communautes-palestiniennes-dal-farisiya\/#primaryimage"},"image":{"@id":"http:\/\/jordanvalleysolidarity.org\/fr\/actualite\/une-nouvelle-colonie-menace-les-communautes-palestiniennes-dal-farisiya\/#primaryimage"},"thumbnailUrl":"http:\/\/jordanvalleysolidarity.org\/wp-content\/uploads\/2022\/04\/new-colony-19-april-2022-2-1024x522.jpg","datePublished":"2022-05-16T07:32:22+00:00","dateModified":"2022-05-16T07:32:23+00:00","author":{"@id":"http:\/\/jordanvalleysolidarity.org\/fr\/#\/schema\/person\/b1d4ab48930477ea8ddea5dfcfd6fc25"},"breadcrumb":{"@id":"http:\/\/jordanvalleysolidarity.org\/fr\/actualite\/une-nouvelle-colonie-menace-les-communautes-palestiniennes-dal-farisiya\/#breadcrumb"},"inLanguage":"fr-FR","potentialAction":[{"@type":"ReadAction","target":["http:\/\/jordanvalleysolidarity.org\/fr\/actualite\/une-nouvelle-colonie-menace-les-communautes-palestiniennes-dal-farisiya\/"]}]},{"@type":"ImageObject","inLanguage":"fr-FR","@id":"http:\/\/jordanvalleysolidarity.org\/fr\/actualite\/une-nouvelle-colonie-menace-les-communautes-palestiniennes-dal-farisiya\/#primaryimage","url":"http:\/\/jordanvalleysolidarity.org\/wp-content\/uploads\/2022\/04\/new-colony-19-april-2022-2-1024x522.jpg","contentUrl":"http:\/\/jordanvalleysolidarity.org\/wp-content\/uploads\/2022\/04\/new-colony-19-april-2022-2-1024x522.jpg"},{"@type":"BreadcrumbList","@id":"http:\/\/jordanvalleysolidarity.org\/fr\/actualite\/une-nouvelle-colonie-menace-les-communautes-palestiniennes-dal-farisiya\/#breadcrumb","itemListElement":[{"@type":"ListItem","position":1,"name":"Home","item":"http:\/\/jordanvalleysolidarity.org\/fr\/"},{"@type":"ListItem","position":2,"name":"Une nouvelle colonie menace les communaut\u00e9s palestiniennes d&rsquo;Al Farisiya"}]},{"@type":"WebSite","@id":"http:\/\/jordanvalleysolidarity.org\/fr\/#website","url":"http:\/\/jordanvalleysolidarity.org\/fr\/","name":"Jordan Valley Solidarity FR","description":"Just another Jordan Valley Solidarity Test Sites site","potentialAction":[{"@type":"SearchAction","target":{"@type":"EntryPoint","urlTemplate":"http:\/\/jordanvalleysolidarity.org\/fr\/?s={search_term_string}"},"query-input":"required name=search_term_string"}],"inLanguage":"fr-FR"},{"@type":"Person","@id":"http:\/\/jordanvalleysolidarity.org\/fr\/#\/schema\/person\/b1d4ab48930477ea8ddea5dfcfd6fc25","name":"linafr","image":{"@type":"ImageObject","inLanguage":"fr-FR","@id":"http:\/\/jordanvalleysolidarity.org\/fr\/#\/schema\/person\/image\/","url":"http:\/\/0.gravatar.com\/avatar\/03fdb700e2a59970782a4632148d30ef?s=96&d=mm&r=g","contentUrl":"http:\/\/0.gravatar.com\/avatar\/03fdb700e2a59970782a4632148d30ef?s=96&d=mm&r=g","caption":"linafr"},"url":"http:\/\/jordanvalleysolidarity.org\/fr\/author\/linafr\/"}]}},"_links":{"self":[{"href":"http:\/\/jordanvalleysolidarity.org\/fr\/wp-json\/wp\/v2\/posts\/3215"}],"collection":[{"href":"http:\/\/jordanvalleysolidarity.org\/fr\/wp-json\/wp\/v2\/posts"}],"about":[{"href":"http:\/\/jordanvalleysolidarity.org\/fr\/wp-json\/wp\/v2\/types\/post"}],"author":[{"embeddable":true,"href":"http:\/\/jordanvalleysolidarity.org\/fr\/wp-json\/wp\/v2\/users\/31"}],"replies":[{"embeddable":true,"href":"http:\/\/jordanvalleysolidarity.org\/fr\/wp-json\/wp\/v2\/comments?post=3215"}],"version-history":[{"count":1,"href":"http:\/\/jordanvalleysolidarity.org\/fr\/wp-json\/wp\/v2\/posts\/3215\/revisions"}],"predecessor-version":[{"id":3216,"href":"http:\/\/jordanvalleysolidarity.org\/fr\/wp-json\/wp\/v2\/posts\/3215\/revisions\/3216"}],"wp:attachment":[{"href":"http:\/\/jordanvalleysolidarity.org\/fr\/wp-json\/wp\/v2\/media?parent=3215"}],"wp:term":[{"taxonomy":"category","embeddable":true,"href":"http:\/\/jordanvalleysolidarity.org\/fr\/wp-json\/wp\/v2\/categories?post=3215"},{"taxonomy":"post_tag","embeddable":true,"href":"http:\/\/jordanvalleysolidarity.org\/fr\/wp-json\/wp\/v2\/tags?post=3215"}],"curies":[{"name":"wp","href":"https:\/\/api.w.org\/{rel}","templated":true}]}}