{"id":3210,"date":"2022-05-16T08:01:03","date_gmt":"2022-05-16T07:01:03","guid":{"rendered":"http:\/\/jordanvalleysolidarity.org\/fr\/?p=3210"},"modified":"2022-05-16T08:01:04","modified_gmt":"2022-05-16T07:01:04","slug":"une-usine-demballage-detruite-par-loccupation-a-kardala","status":"publish","type":"post","link":"http:\/\/jordanvalleysolidarity.org\/fr\/actualite\/une-usine-demballage-detruite-par-loccupation-a-kardala\/","title":{"rendered":"Une usine d&#8217;emballage d\u00e9truite par l&rsquo;occupation \u00e0 Kardala"},"content":{"rendered":"\n<figure class=\"wp-block-image\"><img decoding=\"async\" src=\"http:\/\/jordanvalleysolidarity.org\/wp-content\/uploads\/2022\/03\/kardala-march-22.jpg\" alt=\"\" \/><\/figure>\n\n\n\n<pre class=\"wp-block-preformatted\">Le 3 mars 2022, les forces d'occupation isra\u00e9liennes ont d\u00e9moli et confisqu\u00e9 des installations agricoles dans le village de Kardala, dans le nord de la vall\u00e9e du Jourdain, juste au sud de Bardala.\nLa station de conditionnement est utilis\u00e9e par tous les agriculteurs du village de Kardala pour emballer les l\u00e9gumes et les stocker dans des r\u00e9frig\u00e9rateurs, et sert \u00e0 trier les l\u00e9gumes.\nMais ce n'est pas \u00e0 la mesure de la politique d'occupation qui cherche \u00e0 \u00e9liminer l'\u00e9conomie des Palestiniens et \u00e0 les expulser hors de la vall\u00e9e du Jourdain, alors ils l'ont d\u00e9truite.\n\n#FreePalestine #StopWaterApartheid<\/pre>\n\n\n<!-- AddThis Advanced Settings generic via filter on the_content --><!-- AddThis Share Buttons generic via filter on the_content -->","protected":false},"excerpt":{"rendered":"<p>Le 3 mars 2022, les forces d&rsquo;occupation isra\u00e9liennes ont d\u00e9moli et confisqu\u00e9 des installations agricoles dans le village de Kardala, [&hellip;]<!-- AddThis Advanced Settings generic via filter on get_the_excerpt --><!-- AddThis Share Buttons generic via filter on get_the_excerpt --><\/p>\n","protected":false},"author":31,"featured_media":0,"comment_status":"closed","ping_status":"closed","sticky":false,"template":"","format":"standard","meta":{"footnotes":""},"categories":[18],"tags":[],"yoast_head":"<!-- This site is optimized with the Yoast SEO plugin v22.8 - https:\/\/yoast.com\/wordpress\/plugins\/seo\/ -->\n<title>Une usine d&#039;emballage d\u00e9truite par l&#039;occupation \u00e0 Kardala - Jordan Valley Solidarity FR<\/title>\n<meta name=\"robots\" content=\"index, follow, max-snippet:-1, max-image-preview:large, max-video-preview:-1\" \/>\n<link rel=\"canonical\" href=\"http:\/\/jordanvalleysolidarity.org\/fr\/actualite\/une-usine-demballage-detruite-par-loccupation-a-kardala\/\" \/>\n<meta property=\"og:locale\" content=\"fr_FR\" \/>\n<meta property=\"og:type\" content=\"article\" \/>\n<meta property=\"og:title\" content=\"Une usine d&#039;emballage d\u00e9truite par l&#039;occupation \u00e0 Kardala - Jordan Valley Solidarity FR\" \/>\n<meta property=\"og:description\" content=\"Le 3 mars 2022, les forces d&#039;occupation isra\u00e9liennes ont d\u00e9moli et confisqu\u00e9 des installations agricoles dans le village de Kardala, [&hellip;]\" \/>\n<meta property=\"og:url\" content=\"http:\/\/jordanvalleysolidarity.org\/fr\/actualite\/une-usine-demballage-detruite-par-loccupation-a-kardala\/\" \/>\n<meta property=\"og:site_name\" content=\"Jordan Valley Solidarity FR\" \/>\n<meta property=\"article:published_time\" content=\"2022-05-16T07:01:03+00:00\" \/>\n<meta property=\"article:modified_time\" content=\"2022-05-16T07:01:04+00:00\" \/>\n<meta property=\"og:image\" content=\"http:\/\/jordanvalleysolidarity.org\/wp-content\/uploads\/2022\/03\/kardala-march-22.jpg\" \/>\n<meta name=\"author\" content=\"linafr\" \/>\n<meta name=\"twitter:card\" content=\"summary_large_image\" \/>\n<meta name=\"twitter:label1\" content=\"\u00c9crit par\" \/>\n\t<meta name=\"twitter:data1\" content=\"linafr\" \/>\n\t<meta name=\"twitter:label2\" content=\"Dur\u00e9e de lecture estim\u00e9e\" \/>\n\t<meta name=\"twitter:data2\" content=\"1 minute\" \/>\n<script type=\"application\/ld+json\" class=\"yoast-schema-graph\">{\"@context\":\"https:\/\/schema.org\",\"@graph\":[{\"@type\":\"WebPage\",\"@id\":\"http:\/\/jordanvalleysolidarity.org\/fr\/actualite\/une-usine-demballage-detruite-par-loccupation-a-kardala\/\",\"url\":\"http:\/\/jordanvalleysolidarity.org\/fr\/actualite\/une-usine-demballage-detruite-par-loccupation-a-kardala\/\",\"name\":\"Une usine d'emballage d\u00e9truite par l'occupation \u00e0 Kardala - Jordan Valley Solidarity FR\",\"isPartOf\":{\"@id\":\"http:\/\/jordanvalleysolidarity.org\/fr\/#website\"},\"primaryImageOfPage\":{\"@id\":\"http:\/\/jordanvalleysolidarity.org\/fr\/actualite\/une-usine-demballage-detruite-par-loccupation-a-kardala\/#primaryimage\"},\"image\":{\"@id\":\"http:\/\/jordanvalleysolidarity.org\/fr\/actualite\/une-usine-demballage-detruite-par-loccupation-a-kardala\/#primaryimage\"},\"thumbnailUrl\":\"http:\/\/jordanvalleysolidarity.org\/wp-content\/uploads\/2022\/03\/kardala-march-22.jpg\",\"datePublished\":\"2022-05-16T07:01:03+00:00\",\"dateModified\":\"2022-05-16T07:01:04+00:00\",\"author\":{\"@id\":\"http:\/\/jordanvalleysolidarity.org\/fr\/#\/schema\/person\/b1d4ab48930477ea8ddea5dfcfd6fc25\"},\"breadcrumb\":{\"@id\":\"http:\/\/jordanvalleysolidarity.org\/fr\/actualite\/une-usine-demballage-detruite-par-loccupation-a-kardala\/#breadcrumb\"},\"inLanguage\":\"fr-FR\",\"potentialAction\":[{\"@type\":\"ReadAction\",\"target\":[\"http:\/\/jordanvalleysolidarity.org\/fr\/actualite\/une-usine-demballage-detruite-par-loccupation-a-kardala\/\"]}]},{\"@type\":\"ImageObject\",\"inLanguage\":\"fr-FR\",\"@id\":\"http:\/\/jordanvalleysolidarity.org\/fr\/actualite\/une-usine-demballage-detruite-par-loccupation-a-kardala\/#primaryimage\",\"url\":\"http:\/\/jordanvalleysolidarity.org\/wp-content\/uploads\/2022\/03\/kardala-march-22.jpg\",\"contentUrl\":\"http:\/\/jordanvalleysolidarity.org\/wp-content\/uploads\/2022\/03\/kardala-march-22.jpg\"},{\"@type\":\"BreadcrumbList\",\"@id\":\"http:\/\/jordanvalleysolidarity.org\/fr\/actualite\/une-usine-demballage-detruite-par-loccupation-a-kardala\/#breadcrumb\",\"itemListElement\":[{\"@type\":\"ListItem\",\"position\":1,\"name\":\"Home\",\"item\":\"http:\/\/jordanvalleysolidarity.org\/fr\/\"},{\"@type\":\"ListItem\",\"position\":2,\"name\":\"Une usine d&#8217;emballage d\u00e9truite par l&rsquo;occupation \u00e0 Kardala\"}]},{\"@type\":\"WebSite\",\"@id\":\"http:\/\/jordanvalleysolidarity.org\/fr\/#website\",\"url\":\"http:\/\/jordanvalleysolidarity.org\/fr\/\",\"name\":\"Jordan Valley Solidarity FR\",\"description\":\"Just another Jordan Valley Solidarity Test Sites site\",\"potentialAction\":[{\"@type\":\"SearchAction\",\"target\":{\"@type\":\"EntryPoint\",\"urlTemplate\":\"http:\/\/jordanvalleysolidarity.org\/fr\/?s={search_term_string}\"},\"query-input\":\"required name=search_term_string\"}],\"inLanguage\":\"fr-FR\"},{\"@type\":\"Person\",\"@id\":\"http:\/\/jordanvalleysolidarity.org\/fr\/#\/schema\/person\/b1d4ab48930477ea8ddea5dfcfd6fc25\",\"name\":\"linafr\",\"image\":{\"@type\":\"ImageObject\",\"inLanguage\":\"fr-FR\",\"@id\":\"http:\/\/jordanvalleysolidarity.org\/fr\/#\/schema\/person\/image\/\",\"url\":\"http:\/\/0.gravatar.com\/avatar\/03fdb700e2a59970782a4632148d30ef?s=96&d=mm&r=g\",\"contentUrl\":\"http:\/\/0.gravatar.com\/avatar\/03fdb700e2a59970782a4632148d30ef?s=96&d=mm&r=g\",\"caption\":\"linafr\"},\"url\":\"http:\/\/jordanvalleysolidarity.org\/fr\/author\/linafr\/\"}]}<\/script>\n<!-- \/ Yoast SEO plugin. -->","yoast_head_json":{"title":"Une usine d'emballage d\u00e9truite par l'occupation \u00e0 Kardala - Jordan Valley Solidarity FR","robots":{"index":"index","follow":"follow","max-snippet":"max-snippet:-1","max-image-preview":"max-image-preview:large","max-video-preview":"max-video-preview:-1"},"canonical":"http:\/\/jordanvalleysolidarity.org\/fr\/actualite\/une-usine-demballage-detruite-par-loccupation-a-kardala\/","og_locale":"fr_FR","og_type":"article","og_title":"Une usine d'emballage d\u00e9truite par l'occupation \u00e0 Kardala - Jordan Valley Solidarity FR","og_description":"Le 3 mars 2022, les forces d'occupation isra\u00e9liennes ont d\u00e9moli et confisqu\u00e9 des installations agricoles dans le village de Kardala, [&hellip;]","og_url":"http:\/\/jordanvalleysolidarity.org\/fr\/actualite\/une-usine-demballage-detruite-par-loccupation-a-kardala\/","og_site_name":"Jordan Valley Solidarity FR","article_published_time":"2022-05-16T07:01:03+00:00","article_modified_time":"2022-05-16T07:01:04+00:00","og_image":[{"url":"http:\/\/jordanvalleysolidarity.org\/wp-content\/uploads\/2022\/03\/kardala-march-22.jpg"}],"author":"linafr","twitter_card":"summary_large_image","twitter_misc":{"\u00c9crit par":"linafr","Dur\u00e9e de lecture estim\u00e9e":"1 minute"},"schema":{"@context":"https:\/\/schema.org","@graph":[{"@type":"WebPage","@id":"http:\/\/jordanvalleysolidarity.org\/fr\/actualite\/une-usine-demballage-detruite-par-loccupation-a-kardala\/","url":"http:\/\/jordanvalleysolidarity.org\/fr\/actualite\/une-usine-demballage-detruite-par-loccupation-a-kardala\/","name":"Une usine d'emballage d\u00e9truite par l'occupation \u00e0 Kardala - Jordan Valley Solidarity FR","isPartOf":{"@id":"http:\/\/jordanvalleysolidarity.org\/fr\/#website"},"primaryImageOfPage":{"@id":"http:\/\/jordanvalleysolidarity.org\/fr\/actualite\/une-usine-demballage-detruite-par-loccupation-a-kardala\/#primaryimage"},"image":{"@id":"http:\/\/jordanvalleysolidarity.org\/fr\/actualite\/une-usine-demballage-detruite-par-loccupation-a-kardala\/#primaryimage"},"thumbnailUrl":"http:\/\/jordanvalleysolidarity.org\/wp-content\/uploads\/2022\/03\/kardala-march-22.jpg","datePublished":"2022-05-16T07:01:03+00:00","dateModified":"2022-05-16T07:01:04+00:00","author":{"@id":"http:\/\/jordanvalleysolidarity.org\/fr\/#\/schema\/person\/b1d4ab48930477ea8ddea5dfcfd6fc25"},"breadcrumb":{"@id":"http:\/\/jordanvalleysolidarity.org\/fr\/actualite\/une-usine-demballage-detruite-par-loccupation-a-kardala\/#breadcrumb"},"inLanguage":"fr-FR","potentialAction":[{"@type":"ReadAction","target":["http:\/\/jordanvalleysolidarity.org\/fr\/actualite\/une-usine-demballage-detruite-par-loccupation-a-kardala\/"]}]},{"@type":"ImageObject","inLanguage":"fr-FR","@id":"http:\/\/jordanvalleysolidarity.org\/fr\/actualite\/une-usine-demballage-detruite-par-loccupation-a-kardala\/#primaryimage","url":"http:\/\/jordanvalleysolidarity.org\/wp-content\/uploads\/2022\/03\/kardala-march-22.jpg","contentUrl":"http:\/\/jordanvalleysolidarity.org\/wp-content\/uploads\/2022\/03\/kardala-march-22.jpg"},{"@type":"BreadcrumbList","@id":"http:\/\/jordanvalleysolidarity.org\/fr\/actualite\/une-usine-demballage-detruite-par-loccupation-a-kardala\/#breadcrumb","itemListElement":[{"@type":"ListItem","position":1,"name":"Home","item":"http:\/\/jordanvalleysolidarity.org\/fr\/"},{"@type":"ListItem","position":2,"name":"Une usine d&#8217;emballage d\u00e9truite par l&rsquo;occupation \u00e0 Kardala"}]},{"@type":"WebSite","@id":"http:\/\/jordanvalleysolidarity.org\/fr\/#website","url":"http:\/\/jordanvalleysolidarity.org\/fr\/","name":"Jordan Valley Solidarity FR","description":"Just another Jordan Valley Solidarity Test Sites site","potentialAction":[{"@type":"SearchAction","target":{"@type":"EntryPoint","urlTemplate":"http:\/\/jordanvalleysolidarity.org\/fr\/?s={search_term_string}"},"query-input":"required name=search_term_string"}],"inLanguage":"fr-FR"},{"@type":"Person","@id":"http:\/\/jordanvalleysolidarity.org\/fr\/#\/schema\/person\/b1d4ab48930477ea8ddea5dfcfd6fc25","name":"linafr","image":{"@type":"ImageObject","inLanguage":"fr-FR","@id":"http:\/\/jordanvalleysolidarity.org\/fr\/#\/schema\/person\/image\/","url":"http:\/\/0.gravatar.com\/avatar\/03fdb700e2a59970782a4632148d30ef?s=96&d=mm&r=g","contentUrl":"http:\/\/0.gravatar.com\/avatar\/03fdb700e2a59970782a4632148d30ef?s=96&d=mm&r=g","caption":"linafr"},"url":"http:\/\/jordanvalleysolidarity.org\/fr\/author\/linafr\/"}]}},"_links":{"self":[{"href":"http:\/\/jordanvalleysolidarity.org\/fr\/wp-json\/wp\/v2\/posts\/3210"}],"collection":[{"href":"http:\/\/jordanvalleysolidarity.org\/fr\/wp-json\/wp\/v2\/posts"}],"about":[{"href":"http:\/\/jordanvalleysolidarity.org\/fr\/wp-json\/wp\/v2\/types\/post"}],"author":[{"embeddable":true,"href":"http:\/\/jordanvalleysolidarity.org\/fr\/wp-json\/wp\/v2\/users\/31"}],"replies":[{"embeddable":true,"href":"http:\/\/jordanvalleysolidarity.org\/fr\/wp-json\/wp\/v2\/comments?post=3210"}],"version-history":[{"count":1,"href":"http:\/\/jordanvalleysolidarity.org\/fr\/wp-json\/wp\/v2\/posts\/3210\/revisions"}],"predecessor-version":[{"id":3211,"href":"http:\/\/jordanvalleysolidarity.org\/fr\/wp-json\/wp\/v2\/posts\/3210\/revisions\/3211"}],"wp:attachment":[{"href":"http:\/\/jordanvalleysolidarity.org\/fr\/wp-json\/wp\/v2\/media?parent=3210"}],"wp:term":[{"taxonomy":"category","embeddable":true,"href":"http:\/\/jordanvalleysolidarity.org\/fr\/wp-json\/wp\/v2\/categories?post=3210"},{"taxonomy":"post_tag","embeddable":true,"href":"http:\/\/jordanvalleysolidarity.org\/fr\/wp-json\/wp\/v2\/tags?post=3210"}],"curies":[{"name":"wp","href":"https:\/\/api.w.org\/{rel}","templated":true}]}}