{"id":3208,"date":"2022-05-16T07:57:51","date_gmt":"2022-05-16T06:57:51","guid":{"rendered":"http:\/\/jordanvalleysolidarity.org\/fr\/?p=3208"},"modified":"2022-05-16T08:09:34","modified_gmt":"2022-05-16T07:09:34","slug":"conference-sur-le-droit-a-leau-sengage-a-se-mobiliser-contre-lapartheid-de-leau-et-le-nettoyage-ethnique","status":"publish","type":"post","link":"http:\/\/jordanvalleysolidarity.org\/fr\/actualite\/conference-sur-le-droit-a-leau-sengage-a-se-mobiliser-contre-lapartheid-de-leau-et-le-nettoyage-ethnique\/","title":{"rendered":"Conf\u00e9rence sur le droit \u00e0 l&rsquo;eau s&rsquo;engage \u00e0 se mobiliser contre l&rsquo;apartheid de l&rsquo;eau et le nettoyage ethnique"},"content":{"rendered":"\n<p>Lors de la conf\u00e9rence de lancement de la campagne pour le droit \u00e0 l&rsquo;eau le 10 f\u00e9vrier, des militants palestiniens et internationaux ont discut\u00e9 de plans et actions visant \u00e0 prendre des mesures imm\u00e9diates et tangibles pour mettre fin aux politiques isra\u00e9liennes de nettoyage ethnique dans la zone C. <\/p>\n\n\n\n<p>Ils mobiliseront la communaut\u00e9 locale et internationale pour d\u00e9fier directement l&rsquo;apartheid de l&rsquo;eau, en particulier dans la vall\u00e9e du Jourdain et \u00e0 Masafer Yatta. L&rsquo;apartheid de l&rsquo;eau est utilis\u00e9 par les forces d&rsquo;occupation isra\u00e9liennes comme outil de d\u00e9placement. Elle est directement li\u00e9e au vol de terres agricoles, de minerais et d&rsquo;autres ressources, et est impos\u00e9e par l&rsquo;expansion des colonies et l&rsquo;acquisition de territoire par la force en violation du droit international.<\/p>\n\n\n\n<p>Les habitants de la vall\u00e9e du Jourdain et du sud des collines d&rsquo;H\u00e9bron sont quotidiennement expos\u00e9s \u00e0 l&rsquo;impact de l&rsquo;apartheid de l&rsquo;eau et sont constamment menac\u00e9s par l&rsquo;occupation. La conf\u00e9rence a discut\u00e9 des politiques racistes d&rsquo;occupation isra\u00e9lienne sur la question de l&rsquo;eau et du r\u00f4le des institutions officielles et civiles pour soutenir la fermet\u00e9 des agriculteurs dans les zones class\u00e9es \u00ab\u00a0C\u00a0\u00bb. La campagne est lanc\u00e9e par une coalition de la Land Defence Coalition LDC, du Centre arabe pour l&rsquo;avancement des m\u00e9dias sociaux (7amleh) et d&rsquo;un groupe de 15 militants palestiniens de la vall\u00e9e du Jourdain et de Masafer Yatta. <\/p>\n\n\n\n<p>Si vous souhaitez en savoir plus sur la campagne, veuillez nous contacter \u00e0 info@jordanvalleysolidarity.org.<\/p>\n<!-- AddThis Advanced Settings generic via filter on the_content --><!-- AddThis Share Buttons generic via filter on the_content -->","protected":false},"excerpt":{"rendered":"<p>Lors de la conf\u00e9rence de lancement de la campagne pour le droit \u00e0 l&rsquo;eau le 10 f\u00e9vrier, des militants palestiniens [&hellip;]<!-- AddThis Advanced Settings generic via filter on get_the_excerpt --><!-- AddThis Share Buttons generic via filter on get_the_excerpt --><\/p>\n","protected":false},"author":31,"featured_media":0,"comment_status":"closed","ping_status":"closed","sticky":false,"template":"","format":"standard","meta":{"footnotes":""},"categories":[18],"tags":[],"yoast_head":"<!-- This site is optimized with the Yoast SEO plugin v22.8 - https:\/\/yoast.com\/wordpress\/plugins\/seo\/ -->\n<title>Conf\u00e9rence sur le droit \u00e0 l&#039;eau s&#039;engage \u00e0 se mobiliser contre l&#039;apartheid de l&#039;eau et le nettoyage ethnique - Jordan Valley Solidarity FR<\/title>\n<meta name=\"robots\" content=\"index, follow, max-snippet:-1, max-image-preview:large, max-video-preview:-1\" \/>\n<link rel=\"canonical\" href=\"https:\/\/jordanvalleysolidarity.org\/fr\/actualite\/conference-sur-le-droit-a-leau-sengage-a-se-mobiliser-contre-lapartheid-de-leau-et-le-nettoyage-ethnique\/\" \/>\n<meta property=\"og:locale\" content=\"fr_FR\" \/>\n<meta property=\"og:type\" content=\"article\" \/>\n<meta property=\"og:title\" content=\"Conf\u00e9rence sur le droit \u00e0 l&#039;eau s&#039;engage \u00e0 se mobiliser contre l&#039;apartheid de l&#039;eau et le nettoyage ethnique - Jordan Valley Solidarity FR\" \/>\n<meta property=\"og:description\" content=\"Lors de la conf\u00e9rence de lancement de la campagne pour le droit \u00e0 l&rsquo;eau le 10 f\u00e9vrier, des militants palestiniens [&hellip;]\" \/>\n<meta property=\"og:url\" content=\"https:\/\/jordanvalleysolidarity.org\/fr\/actualite\/conference-sur-le-droit-a-leau-sengage-a-se-mobiliser-contre-lapartheid-de-leau-et-le-nettoyage-ethnique\/\" \/>\n<meta property=\"og:site_name\" content=\"Jordan Valley Solidarity FR\" \/>\n<meta property=\"article:published_time\" content=\"2022-05-16T06:57:51+00:00\" \/>\n<meta property=\"article:modified_time\" content=\"2022-05-16T07:09:34+00:00\" \/>\n<meta name=\"author\" content=\"linafr\" \/>\n<meta name=\"twitter:card\" content=\"summary_large_image\" \/>\n<meta name=\"twitter:label1\" content=\"\u00c9crit par\" \/>\n\t<meta name=\"twitter:data1\" content=\"linafr\" \/>\n\t<meta name=\"twitter:label2\" content=\"Dur\u00e9e de lecture estim\u00e9e\" \/>\n\t<meta name=\"twitter:data2\" content=\"1 minute\" \/>\n<script type=\"application\/ld+json\" class=\"yoast-schema-graph\">{\"@context\":\"https:\/\/schema.org\",\"@graph\":[{\"@type\":\"WebPage\",\"@id\":\"https:\/\/jordanvalleysolidarity.org\/fr\/actualite\/conference-sur-le-droit-a-leau-sengage-a-se-mobiliser-contre-lapartheid-de-leau-et-le-nettoyage-ethnique\/\",\"url\":\"https:\/\/jordanvalleysolidarity.org\/fr\/actualite\/conference-sur-le-droit-a-leau-sengage-a-se-mobiliser-contre-lapartheid-de-leau-et-le-nettoyage-ethnique\/\",\"name\":\"Conf\u00e9rence sur le droit \u00e0 l'eau s'engage \u00e0 se mobiliser contre l'apartheid de l'eau et le nettoyage ethnique - Jordan Valley Solidarity FR\",\"isPartOf\":{\"@id\":\"http:\/\/jordanvalleysolidarity.org\/fr\/#website\"},\"datePublished\":\"2022-05-16T06:57:51+00:00\",\"dateModified\":\"2022-05-16T07:09:34+00:00\",\"author\":{\"@id\":\"http:\/\/jordanvalleysolidarity.org\/fr\/#\/schema\/person\/b1d4ab48930477ea8ddea5dfcfd6fc25\"},\"breadcrumb\":{\"@id\":\"https:\/\/jordanvalleysolidarity.org\/fr\/actualite\/conference-sur-le-droit-a-leau-sengage-a-se-mobiliser-contre-lapartheid-de-leau-et-le-nettoyage-ethnique\/#breadcrumb\"},\"inLanguage\":\"fr-FR\",\"potentialAction\":[{\"@type\":\"ReadAction\",\"target\":[\"https:\/\/jordanvalleysolidarity.org\/fr\/actualite\/conference-sur-le-droit-a-leau-sengage-a-se-mobiliser-contre-lapartheid-de-leau-et-le-nettoyage-ethnique\/\"]}]},{\"@type\":\"BreadcrumbList\",\"@id\":\"https:\/\/jordanvalleysolidarity.org\/fr\/actualite\/conference-sur-le-droit-a-leau-sengage-a-se-mobiliser-contre-lapartheid-de-leau-et-le-nettoyage-ethnique\/#breadcrumb\",\"itemListElement\":[{\"@type\":\"ListItem\",\"position\":1,\"name\":\"Home\",\"item\":\"http:\/\/jordanvalleysolidarity.org\/fr\/\"},{\"@type\":\"ListItem\",\"position\":2,\"name\":\"Conf\u00e9rence sur le droit \u00e0 l&rsquo;eau s&rsquo;engage \u00e0 se mobiliser contre l&rsquo;apartheid de l&rsquo;eau et le nettoyage ethnique\"}]},{\"@type\":\"WebSite\",\"@id\":\"http:\/\/jordanvalleysolidarity.org\/fr\/#website\",\"url\":\"http:\/\/jordanvalleysolidarity.org\/fr\/\",\"name\":\"Jordan Valley Solidarity FR\",\"description\":\"Just another Jordan Valley Solidarity Test Sites site\",\"potentialAction\":[{\"@type\":\"SearchAction\",\"target\":{\"@type\":\"EntryPoint\",\"urlTemplate\":\"http:\/\/jordanvalleysolidarity.org\/fr\/?s={search_term_string}\"},\"query-input\":\"required name=search_term_string\"}],\"inLanguage\":\"fr-FR\"},{\"@type\":\"Person\",\"@id\":\"http:\/\/jordanvalleysolidarity.org\/fr\/#\/schema\/person\/b1d4ab48930477ea8ddea5dfcfd6fc25\",\"name\":\"linafr\",\"image\":{\"@type\":\"ImageObject\",\"inLanguage\":\"fr-FR\",\"@id\":\"http:\/\/jordanvalleysolidarity.org\/fr\/#\/schema\/person\/image\/\",\"url\":\"http:\/\/0.gravatar.com\/avatar\/03fdb700e2a59970782a4632148d30ef?s=96&d=mm&r=g\",\"contentUrl\":\"http:\/\/0.gravatar.com\/avatar\/03fdb700e2a59970782a4632148d30ef?s=96&d=mm&r=g\",\"caption\":\"linafr\"},\"url\":\"http:\/\/jordanvalleysolidarity.org\/fr\/author\/linafr\/\"}]}<\/script>\n<!-- \/ Yoast SEO plugin. -->","yoast_head_json":{"title":"Conf\u00e9rence sur le droit \u00e0 l'eau s'engage \u00e0 se mobiliser contre l'apartheid de l'eau et le nettoyage ethnique - Jordan Valley Solidarity FR","robots":{"index":"index","follow":"follow","max-snippet":"max-snippet:-1","max-image-preview":"max-image-preview:large","max-video-preview":"max-video-preview:-1"},"canonical":"https:\/\/jordanvalleysolidarity.org\/fr\/actualite\/conference-sur-le-droit-a-leau-sengage-a-se-mobiliser-contre-lapartheid-de-leau-et-le-nettoyage-ethnique\/","og_locale":"fr_FR","og_type":"article","og_title":"Conf\u00e9rence sur le droit \u00e0 l'eau s'engage \u00e0 se mobiliser contre l'apartheid de l'eau et le nettoyage ethnique - Jordan Valley Solidarity FR","og_description":"Lors de la conf\u00e9rence de lancement de la campagne pour le droit \u00e0 l&rsquo;eau le 10 f\u00e9vrier, des militants palestiniens [&hellip;]","og_url":"https:\/\/jordanvalleysolidarity.org\/fr\/actualite\/conference-sur-le-droit-a-leau-sengage-a-se-mobiliser-contre-lapartheid-de-leau-et-le-nettoyage-ethnique\/","og_site_name":"Jordan Valley Solidarity FR","article_published_time":"2022-05-16T06:57:51+00:00","article_modified_time":"2022-05-16T07:09:34+00:00","author":"linafr","twitter_card":"summary_large_image","twitter_misc":{"\u00c9crit par":"linafr","Dur\u00e9e de lecture estim\u00e9e":"1 minute"},"schema":{"@context":"https:\/\/schema.org","@graph":[{"@type":"WebPage","@id":"https:\/\/jordanvalleysolidarity.org\/fr\/actualite\/conference-sur-le-droit-a-leau-sengage-a-se-mobiliser-contre-lapartheid-de-leau-et-le-nettoyage-ethnique\/","url":"https:\/\/jordanvalleysolidarity.org\/fr\/actualite\/conference-sur-le-droit-a-leau-sengage-a-se-mobiliser-contre-lapartheid-de-leau-et-le-nettoyage-ethnique\/","name":"Conf\u00e9rence sur le droit \u00e0 l'eau s'engage \u00e0 se mobiliser contre l'apartheid de l'eau et le nettoyage ethnique - Jordan Valley Solidarity FR","isPartOf":{"@id":"http:\/\/jordanvalleysolidarity.org\/fr\/#website"},"datePublished":"2022-05-16T06:57:51+00:00","dateModified":"2022-05-16T07:09:34+00:00","author":{"@id":"http:\/\/jordanvalleysolidarity.org\/fr\/#\/schema\/person\/b1d4ab48930477ea8ddea5dfcfd6fc25"},"breadcrumb":{"@id":"https:\/\/jordanvalleysolidarity.org\/fr\/actualite\/conference-sur-le-droit-a-leau-sengage-a-se-mobiliser-contre-lapartheid-de-leau-et-le-nettoyage-ethnique\/#breadcrumb"},"inLanguage":"fr-FR","potentialAction":[{"@type":"ReadAction","target":["https:\/\/jordanvalleysolidarity.org\/fr\/actualite\/conference-sur-le-droit-a-leau-sengage-a-se-mobiliser-contre-lapartheid-de-leau-et-le-nettoyage-ethnique\/"]}]},{"@type":"BreadcrumbList","@id":"https:\/\/jordanvalleysolidarity.org\/fr\/actualite\/conference-sur-le-droit-a-leau-sengage-a-se-mobiliser-contre-lapartheid-de-leau-et-le-nettoyage-ethnique\/#breadcrumb","itemListElement":[{"@type":"ListItem","position":1,"name":"Home","item":"http:\/\/jordanvalleysolidarity.org\/fr\/"},{"@type":"ListItem","position":2,"name":"Conf\u00e9rence sur le droit \u00e0 l&rsquo;eau s&rsquo;engage \u00e0 se mobiliser contre l&rsquo;apartheid de l&rsquo;eau et le nettoyage ethnique"}]},{"@type":"WebSite","@id":"http:\/\/jordanvalleysolidarity.org\/fr\/#website","url":"http:\/\/jordanvalleysolidarity.org\/fr\/","name":"Jordan Valley Solidarity FR","description":"Just another Jordan Valley Solidarity Test Sites site","potentialAction":[{"@type":"SearchAction","target":{"@type":"EntryPoint","urlTemplate":"http:\/\/jordanvalleysolidarity.org\/fr\/?s={search_term_string}"},"query-input":"required name=search_term_string"}],"inLanguage":"fr-FR"},{"@type":"Person","@id":"http:\/\/jordanvalleysolidarity.org\/fr\/#\/schema\/person\/b1d4ab48930477ea8ddea5dfcfd6fc25","name":"linafr","image":{"@type":"ImageObject","inLanguage":"fr-FR","@id":"http:\/\/jordanvalleysolidarity.org\/fr\/#\/schema\/person\/image\/","url":"http:\/\/0.gravatar.com\/avatar\/03fdb700e2a59970782a4632148d30ef?s=96&d=mm&r=g","contentUrl":"http:\/\/0.gravatar.com\/avatar\/03fdb700e2a59970782a4632148d30ef?s=96&d=mm&r=g","caption":"linafr"},"url":"http:\/\/jordanvalleysolidarity.org\/fr\/author\/linafr\/"}]}},"_links":{"self":[{"href":"http:\/\/jordanvalleysolidarity.org\/fr\/wp-json\/wp\/v2\/posts\/3208"}],"collection":[{"href":"http:\/\/jordanvalleysolidarity.org\/fr\/wp-json\/wp\/v2\/posts"}],"about":[{"href":"http:\/\/jordanvalleysolidarity.org\/fr\/wp-json\/wp\/v2\/types\/post"}],"author":[{"embeddable":true,"href":"http:\/\/jordanvalleysolidarity.org\/fr\/wp-json\/wp\/v2\/users\/31"}],"replies":[{"embeddable":true,"href":"http:\/\/jordanvalleysolidarity.org\/fr\/wp-json\/wp\/v2\/comments?post=3208"}],"version-history":[{"count":2,"href":"http:\/\/jordanvalleysolidarity.org\/fr\/wp-json\/wp\/v2\/posts\/3208\/revisions"}],"predecessor-version":[{"id":3214,"href":"http:\/\/jordanvalleysolidarity.org\/fr\/wp-json\/wp\/v2\/posts\/3208\/revisions\/3214"}],"wp:attachment":[{"href":"http:\/\/jordanvalleysolidarity.org\/fr\/wp-json\/wp\/v2\/media?parent=3208"}],"wp:term":[{"taxonomy":"category","embeddable":true,"href":"http:\/\/jordanvalleysolidarity.org\/fr\/wp-json\/wp\/v2\/categories?post=3208"},{"taxonomy":"post_tag","embeddable":true,"href":"http:\/\/jordanvalleysolidarity.org\/fr\/wp-json\/wp\/v2\/tags?post=3208"}],"curies":[{"name":"wp","href":"https:\/\/api.w.org\/{rel}","templated":true}]}}