{"id":3086,"date":"2021-04-20T22:54:24","date_gmt":"2021-04-20T21:54:24","guid":{"rendered":"http:\/\/jordanvalleysolidarity.org\/fr\/?p=3086"},"modified":"2021-04-20T23:11:40","modified_gmt":"2021-04-20T22:11:40","slug":"bulldozer-confisque-a-bardala","status":"publish","type":"post","link":"http:\/\/jordanvalleysolidarity.org\/fr\/actualite\/bulldozer-confisque-a-bardala\/","title":{"rendered":"Bulldozer confisqu\u00e9 \u00e0 Bardala"},"content":{"rendered":"\n<p>Ce 18 avril 2021, les forces d&rsquo;occupation isra\u00e9liennes sont\nentr\u00e9es dans le village de Bardala et ont confisqu\u00e9 un bulldozer appartenant \u00e0\nHassan Daraghmeh. Elles ont d\u00e9tenu le conducteur pendant quatre heures dans le\nbut \u00e9vident de perturber son travail et de harceler la communaut\u00e9 locale. Le\nbulldozer travaillait sur les terres de Falah Naji et de ses fr\u00e8res, dont la propri\u00e9t\u00e9\nest clairement \u00e9tablie.<\/p>\n\n\n\n<figure class=\"wp-block-image size-large\"><img loading=\"lazy\" decoding=\"async\" width=\"1024\" height=\"575\" src=\"http:\/\/jordanvalleysolidarity.org\/fr\/wp-content\/uploads\/sites\/2\/2021\/04\/Photo-Bardala-Avril-2021.jpeg\" alt=\"\" class=\"wp-image-3087\" srcset=\"http:\/\/jordanvalleysolidarity.org\/fr\/wp-content\/uploads\/sites\/2\/2021\/04\/Photo-Bardala-Avril-2021.jpeg 1024w, http:\/\/jordanvalleysolidarity.org\/fr\/wp-content\/uploads\/sites\/2\/2021\/04\/Photo-Bardala-Avril-2021-300x168.jpeg 300w, http:\/\/jordanvalleysolidarity.org\/fr\/wp-content\/uploads\/sites\/2\/2021\/04\/Photo-Bardala-Avril-2021-768x431.jpeg 768w\" sizes=\"(max-width: 1024px) 100vw, 1024px\" \/><\/figure>\n\n\n\n<p>Une fois de plus, l&rsquo;occupation pratique une politique visant\n\u00e0 emp\u00eacher les agriculteurs palestiniens d&rsquo;acc\u00e9der \u00e0 leurs terres.<\/p>\n\n\n\n<p>Rasheed Khudairi de Jordan Valley Solidarity, t\u00e9moin de ce harc\u00e8lement, a d\u00e9clar\u00e9 :<\/p>\n\n\n\n<p class=\"has-normal-font-size\"><em>\u00ab\u00a0Aujourd&rsquo;hui, nous sommes t\u00e9moins d&rsquo;une politique visant \u00e0 priver les agriculteurs palestiniens du droit d&rsquo;acc\u00e9der \u00e0 leurs propres terres et \u00e0 briser la volont\u00e9 des habitants. Ce n&rsquo;est qu&rsquo;une des nombreuses strat\u00e9gies que l\u2019occupant utilise dans la vall\u00e9e du Jourdain pour emp\u00eacher les Palestiniens de cultiver leurs terres et d&rsquo;\u00eatre \u00e9conomiquement ind\u00e9pendants.\u00a0\u00bb<\/em><\/p>\n\n\n\n<figure class=\"wp-block-image size-large\"><img loading=\"lazy\" decoding=\"async\" width=\"1024\" height=\"575\" src=\"http:\/\/jordanvalleysolidarity.org\/fr\/wp-content\/uploads\/sites\/2\/2021\/04\/Bardala-18April2021.jpeg\" alt=\"\" class=\"wp-image-3088\" srcset=\"http:\/\/jordanvalleysolidarity.org\/fr\/wp-content\/uploads\/sites\/2\/2021\/04\/Bardala-18April2021.jpeg 1024w, http:\/\/jordanvalleysolidarity.org\/fr\/wp-content\/uploads\/sites\/2\/2021\/04\/Bardala-18April2021-300x168.jpeg 300w, http:\/\/jordanvalleysolidarity.org\/fr\/wp-content\/uploads\/sites\/2\/2021\/04\/Bardala-18April2021-768x431.jpeg 768w\" sizes=\"(max-width: 1024px) 100vw, 1024px\" \/><\/figure>\n<!-- AddThis Advanced Settings generic via filter on the_content --><!-- AddThis Share Buttons generic via filter on the_content -->","protected":false},"excerpt":{"rendered":"<p>Ce 18 avril 2021, les forces d&rsquo;occupation isra\u00e9liennes sont entr\u00e9es dans le village de Bardala et ont confisqu\u00e9 un bulldozer [&hellip;]<!-- AddThis Advanced Settings generic via filter on get_the_excerpt --><!-- AddThis Share Buttons generic via filter on get_the_excerpt --><\/p>\n","protected":false},"author":32,"featured_media":3097,"comment_status":"closed","ping_status":"closed","sticky":false,"template":"","format":"standard","meta":{"footnotes":""},"categories":[18],"tags":[],"yoast_head":"<!-- This site is optimized with the Yoast SEO plugin v22.8 - https:\/\/yoast.com\/wordpress\/plugins\/seo\/ -->\n<title>Bulldozer confisqu\u00e9 \u00e0 Bardala - Jordan Valley Solidarity FR<\/title>\n<meta name=\"robots\" content=\"index, follow, max-snippet:-1, max-image-preview:large, max-video-preview:-1\" \/>\n<link rel=\"canonical\" href=\"http:\/\/jordanvalleysolidarity.org\/fr\/actualite\/bulldozer-confisque-a-bardala\/\" \/>\n<meta property=\"og:locale\" content=\"fr_FR\" \/>\n<meta property=\"og:type\" content=\"article\" \/>\n<meta property=\"og:title\" content=\"Bulldozer confisqu\u00e9 \u00e0 Bardala - Jordan Valley Solidarity FR\" \/>\n<meta property=\"og:description\" content=\"Ce 18 avril 2021, les forces d&rsquo;occupation isra\u00e9liennes sont entr\u00e9es dans le village de Bardala et ont confisqu\u00e9 un bulldozer [&hellip;]\" \/>\n<meta property=\"og:url\" content=\"http:\/\/jordanvalleysolidarity.org\/fr\/actualite\/bulldozer-confisque-a-bardala\/\" \/>\n<meta property=\"og:site_name\" content=\"Jordan Valley Solidarity FR\" \/>\n<meta property=\"article:published_time\" content=\"2021-04-20T21:54:24+00:00\" \/>\n<meta property=\"article:modified_time\" content=\"2021-04-20T22:11:40+00:00\" \/>\n<meta property=\"og:image\" content=\"http:\/\/jordanvalleysolidarity.org\/fr\/wp-content\/uploads\/sites\/2\/2021\/04\/Photo-Bardala-Avril-2021-1.jpeg\" \/>\n\t<meta property=\"og:image:width\" content=\"1024\" \/>\n\t<meta property=\"og:image:height\" content=\"575\" \/>\n\t<meta property=\"og:image:type\" content=\"image\/jpeg\" \/>\n<meta name=\"author\" content=\"melanie\" \/>\n<meta name=\"twitter:card\" content=\"summary_large_image\" \/>\n<meta name=\"twitter:label1\" content=\"\u00c9crit par\" \/>\n\t<meta name=\"twitter:data1\" content=\"melanie\" \/>\n\t<meta name=\"twitter:label2\" content=\"Dur\u00e9e de lecture estim\u00e9e\" \/>\n\t<meta name=\"twitter:data2\" content=\"1 minute\" \/>\n<script type=\"application\/ld+json\" class=\"yoast-schema-graph\">{\"@context\":\"https:\/\/schema.org\",\"@graph\":[{\"@type\":\"WebPage\",\"@id\":\"http:\/\/jordanvalleysolidarity.org\/fr\/actualite\/bulldozer-confisque-a-bardala\/\",\"url\":\"http:\/\/jordanvalleysolidarity.org\/fr\/actualite\/bulldozer-confisque-a-bardala\/\",\"name\":\"Bulldozer confisqu\u00e9 \u00e0 Bardala - Jordan Valley Solidarity FR\",\"isPartOf\":{\"@id\":\"http:\/\/jordanvalleysolidarity.org\/fr\/#website\"},\"primaryImageOfPage\":{\"@id\":\"http:\/\/jordanvalleysolidarity.org\/fr\/actualite\/bulldozer-confisque-a-bardala\/#primaryimage\"},\"image\":{\"@id\":\"http:\/\/jordanvalleysolidarity.org\/fr\/actualite\/bulldozer-confisque-a-bardala\/#primaryimage\"},\"thumbnailUrl\":\"http:\/\/jordanvalleysolidarity.org\/fr\/wp-content\/uploads\/sites\/2\/2021\/04\/Photo-Bardala-Avril-2021-1.jpeg\",\"datePublished\":\"2021-04-20T21:54:24+00:00\",\"dateModified\":\"2021-04-20T22:11:40+00:00\",\"author\":{\"@id\":\"http:\/\/jordanvalleysolidarity.org\/fr\/#\/schema\/person\/ff85cc0de15d5eea0aca64f86749a581\"},\"breadcrumb\":{\"@id\":\"http:\/\/jordanvalleysolidarity.org\/fr\/actualite\/bulldozer-confisque-a-bardala\/#breadcrumb\"},\"inLanguage\":\"fr-FR\",\"potentialAction\":[{\"@type\":\"ReadAction\",\"target\":[\"http:\/\/jordanvalleysolidarity.org\/fr\/actualite\/bulldozer-confisque-a-bardala\/\"]}]},{\"@type\":\"ImageObject\",\"inLanguage\":\"fr-FR\",\"@id\":\"http:\/\/jordanvalleysolidarity.org\/fr\/actualite\/bulldozer-confisque-a-bardala\/#primaryimage\",\"url\":\"http:\/\/jordanvalleysolidarity.org\/fr\/wp-content\/uploads\/sites\/2\/2021\/04\/Photo-Bardala-Avril-2021-1.jpeg\",\"contentUrl\":\"http:\/\/jordanvalleysolidarity.org\/fr\/wp-content\/uploads\/sites\/2\/2021\/04\/Photo-Bardala-Avril-2021-1.jpeg\",\"width\":1024,\"height\":575},{\"@type\":\"BreadcrumbList\",\"@id\":\"http:\/\/jordanvalleysolidarity.org\/fr\/actualite\/bulldozer-confisque-a-bardala\/#breadcrumb\",\"itemListElement\":[{\"@type\":\"ListItem\",\"position\":1,\"name\":\"Home\",\"item\":\"http:\/\/jordanvalleysolidarity.org\/fr\/\"},{\"@type\":\"ListItem\",\"position\":2,\"name\":\"Bulldozer confisqu\u00e9 \u00e0 Bardala\"}]},{\"@type\":\"WebSite\",\"@id\":\"http:\/\/jordanvalleysolidarity.org\/fr\/#website\",\"url\":\"http:\/\/jordanvalleysolidarity.org\/fr\/\",\"name\":\"Jordan Valley Solidarity FR\",\"description\":\"Just another Jordan Valley Solidarity Test Sites site\",\"potentialAction\":[{\"@type\":\"SearchAction\",\"target\":{\"@type\":\"EntryPoint\",\"urlTemplate\":\"http:\/\/jordanvalleysolidarity.org\/fr\/?s={search_term_string}\"},\"query-input\":\"required name=search_term_string\"}],\"inLanguage\":\"fr-FR\"},{\"@type\":\"Person\",\"@id\":\"http:\/\/jordanvalleysolidarity.org\/fr\/#\/schema\/person\/ff85cc0de15d5eea0aca64f86749a581\",\"name\":\"melanie\",\"image\":{\"@type\":\"ImageObject\",\"inLanguage\":\"fr-FR\",\"@id\":\"http:\/\/jordanvalleysolidarity.org\/fr\/#\/schema\/person\/image\/\",\"url\":\"http:\/\/2.gravatar.com\/avatar\/5d9c0de182dec041c8f44f51d795c1a0?s=96&d=mm&r=g\",\"contentUrl\":\"http:\/\/2.gravatar.com\/avatar\/5d9c0de182dec041c8f44f51d795c1a0?s=96&d=mm&r=g\",\"caption\":\"melanie\"},\"url\":\"http:\/\/jordanvalleysolidarity.org\/fr\/author\/melanie\/\"}]}<\/script>\n<!-- \/ Yoast SEO plugin. -->","yoast_head_json":{"title":"Bulldozer confisqu\u00e9 \u00e0 Bardala - Jordan Valley Solidarity FR","robots":{"index":"index","follow":"follow","max-snippet":"max-snippet:-1","max-image-preview":"max-image-preview:large","max-video-preview":"max-video-preview:-1"},"canonical":"http:\/\/jordanvalleysolidarity.org\/fr\/actualite\/bulldozer-confisque-a-bardala\/","og_locale":"fr_FR","og_type":"article","og_title":"Bulldozer confisqu\u00e9 \u00e0 Bardala - Jordan Valley Solidarity FR","og_description":"Ce 18 avril 2021, les forces d&rsquo;occupation isra\u00e9liennes sont entr\u00e9es dans le village de Bardala et ont confisqu\u00e9 un bulldozer [&hellip;]","og_url":"http:\/\/jordanvalleysolidarity.org\/fr\/actualite\/bulldozer-confisque-a-bardala\/","og_site_name":"Jordan Valley Solidarity FR","article_published_time":"2021-04-20T21:54:24+00:00","article_modified_time":"2021-04-20T22:11:40+00:00","og_image":[{"width":1024,"height":575,"url":"http:\/\/jordanvalleysolidarity.org\/fr\/wp-content\/uploads\/sites\/2\/2021\/04\/Photo-Bardala-Avril-2021-1.jpeg","type":"image\/jpeg"}],"author":"melanie","twitter_card":"summary_large_image","twitter_misc":{"\u00c9crit par":"melanie","Dur\u00e9e de lecture estim\u00e9e":"1 minute"},"schema":{"@context":"https:\/\/schema.org","@graph":[{"@type":"WebPage","@id":"http:\/\/jordanvalleysolidarity.org\/fr\/actualite\/bulldozer-confisque-a-bardala\/","url":"http:\/\/jordanvalleysolidarity.org\/fr\/actualite\/bulldozer-confisque-a-bardala\/","name":"Bulldozer confisqu\u00e9 \u00e0 Bardala - Jordan Valley Solidarity FR","isPartOf":{"@id":"http:\/\/jordanvalleysolidarity.org\/fr\/#website"},"primaryImageOfPage":{"@id":"http:\/\/jordanvalleysolidarity.org\/fr\/actualite\/bulldozer-confisque-a-bardala\/#primaryimage"},"image":{"@id":"http:\/\/jordanvalleysolidarity.org\/fr\/actualite\/bulldozer-confisque-a-bardala\/#primaryimage"},"thumbnailUrl":"http:\/\/jordanvalleysolidarity.org\/fr\/wp-content\/uploads\/sites\/2\/2021\/04\/Photo-Bardala-Avril-2021-1.jpeg","datePublished":"2021-04-20T21:54:24+00:00","dateModified":"2021-04-20T22:11:40+00:00","author":{"@id":"http:\/\/jordanvalleysolidarity.org\/fr\/#\/schema\/person\/ff85cc0de15d5eea0aca64f86749a581"},"breadcrumb":{"@id":"http:\/\/jordanvalleysolidarity.org\/fr\/actualite\/bulldozer-confisque-a-bardala\/#breadcrumb"},"inLanguage":"fr-FR","potentialAction":[{"@type":"ReadAction","target":["http:\/\/jordanvalleysolidarity.org\/fr\/actualite\/bulldozer-confisque-a-bardala\/"]}]},{"@type":"ImageObject","inLanguage":"fr-FR","@id":"http:\/\/jordanvalleysolidarity.org\/fr\/actualite\/bulldozer-confisque-a-bardala\/#primaryimage","url":"http:\/\/jordanvalleysolidarity.org\/fr\/wp-content\/uploads\/sites\/2\/2021\/04\/Photo-Bardala-Avril-2021-1.jpeg","contentUrl":"http:\/\/jordanvalleysolidarity.org\/fr\/wp-content\/uploads\/sites\/2\/2021\/04\/Photo-Bardala-Avril-2021-1.jpeg","width":1024,"height":575},{"@type":"BreadcrumbList","@id":"http:\/\/jordanvalleysolidarity.org\/fr\/actualite\/bulldozer-confisque-a-bardala\/#breadcrumb","itemListElement":[{"@type":"ListItem","position":1,"name":"Home","item":"http:\/\/jordanvalleysolidarity.org\/fr\/"},{"@type":"ListItem","position":2,"name":"Bulldozer confisqu\u00e9 \u00e0 Bardala"}]},{"@type":"WebSite","@id":"http:\/\/jordanvalleysolidarity.org\/fr\/#website","url":"http:\/\/jordanvalleysolidarity.org\/fr\/","name":"Jordan Valley Solidarity FR","description":"Just another Jordan Valley Solidarity Test Sites site","potentialAction":[{"@type":"SearchAction","target":{"@type":"EntryPoint","urlTemplate":"http:\/\/jordanvalleysolidarity.org\/fr\/?s={search_term_string}"},"query-input":"required name=search_term_string"}],"inLanguage":"fr-FR"},{"@type":"Person","@id":"http:\/\/jordanvalleysolidarity.org\/fr\/#\/schema\/person\/ff85cc0de15d5eea0aca64f86749a581","name":"melanie","image":{"@type":"ImageObject","inLanguage":"fr-FR","@id":"http:\/\/jordanvalleysolidarity.org\/fr\/#\/schema\/person\/image\/","url":"http:\/\/2.gravatar.com\/avatar\/5d9c0de182dec041c8f44f51d795c1a0?s=96&d=mm&r=g","contentUrl":"http:\/\/2.gravatar.com\/avatar\/5d9c0de182dec041c8f44f51d795c1a0?s=96&d=mm&r=g","caption":"melanie"},"url":"http:\/\/jordanvalleysolidarity.org\/fr\/author\/melanie\/"}]}},"_links":{"self":[{"href":"http:\/\/jordanvalleysolidarity.org\/fr\/wp-json\/wp\/v2\/posts\/3086"}],"collection":[{"href":"http:\/\/jordanvalleysolidarity.org\/fr\/wp-json\/wp\/v2\/posts"}],"about":[{"href":"http:\/\/jordanvalleysolidarity.org\/fr\/wp-json\/wp\/v2\/types\/post"}],"author":[{"embeddable":true,"href":"http:\/\/jordanvalleysolidarity.org\/fr\/wp-json\/wp\/v2\/users\/32"}],"replies":[{"embeddable":true,"href":"http:\/\/jordanvalleysolidarity.org\/fr\/wp-json\/wp\/v2\/comments?post=3086"}],"version-history":[{"count":5,"href":"http:\/\/jordanvalleysolidarity.org\/fr\/wp-json\/wp\/v2\/posts\/3086\/revisions"}],"predecessor-version":[{"id":3095,"href":"http:\/\/jordanvalleysolidarity.org\/fr\/wp-json\/wp\/v2\/posts\/3086\/revisions\/3095"}],"wp:featuredmedia":[{"embeddable":true,"href":"http:\/\/jordanvalleysolidarity.org\/fr\/wp-json\/wp\/v2\/media\/3097"}],"wp:attachment":[{"href":"http:\/\/jordanvalleysolidarity.org\/fr\/wp-json\/wp\/v2\/media?parent=3086"}],"wp:term":[{"taxonomy":"category","embeddable":true,"href":"http:\/\/jordanvalleysolidarity.org\/fr\/wp-json\/wp\/v2\/categories?post=3086"},{"taxonomy":"post_tag","embeddable":true,"href":"http:\/\/jordanvalleysolidarity.org\/fr\/wp-json\/wp\/v2\/tags?post=3086"}],"curies":[{"name":"wp","href":"https:\/\/api.w.org\/{rel}","templated":true}]}}