{"id":3076,"date":"2021-04-11T11:22:24","date_gmt":"2021-04-11T10:22:24","guid":{"rendered":"http:\/\/jordanvalleysolidarity.org\/fr\/?p=3076"},"modified":"2021-04-20T23:13:20","modified_gmt":"2021-04-20T22:13:20","slug":"mise-en-place-dun-conseil-des-jeunes-axe-sur-les-questions-juridiques-et-la-protection-des-droits","status":"publish","type":"post","link":"http:\/\/jordanvalleysolidarity.org\/fr\/actualite\/mise-en-place-dun-conseil-des-jeunes-axe-sur-les-questions-juridiques-et-la-protection-des-droits\/","title":{"rendered":"Conseil de jeunes ax\u00e9 sur les questions juridiques et la protection des droits"},"content":{"rendered":"\n<p>En f\u00e9vrier 2021, un projet de six mois financ\u00e9 par Oxfam et\ncoordonn\u00e9 par le Comit\u00e9 de r\u00e9sistance populaire et la campagne de solidarit\u00e9 de\nla vall\u00e9e du Jourdain a \u00e9t\u00e9 lanc\u00e9. Ce projet vise \u00e0 fournir des connaissances\nsur les questions juridiques ainsi que des conseils concrets aux jeunes de la\nzone C afin de les aider \u00e0 utiliser la loi et les moyens l\u00e9gaux pour prot\u00e9ger\nla terre des Palestiniens.<\/p>\n\n\n\n<p>D\u00e9but f\u00e9vrier, un premier atelier a \u00e9t\u00e9 organis\u00e9. Dix-sept\nparticipants, certains membres et sympathisants du Mouvement de solidarit\u00e9 de\nla vall\u00e9e du Jourdain et certains du sud d&rsquo;H\u00e9bron Hill, se sont joints \u00e0 la\nr\u00e9union organis\u00e9e dans le centre communautaire de Bardala.<\/p>\n\n\n\n<p>Des coordinateurs d&rsquo;Oxfam et du Comit\u00e9 de r\u00e9sistance\npopulaire \u00e9taient pr\u00e9sents pour d\u00e9crire le projet aux participants. Le projet\nest double: dans un premier temps, quatre ateliers autour de th\u00e8mes juridiques\nseront organis\u00e9s dans les mois \u00e0 venir. En outre, quinze jeunes auront\nl&rsquo;opportunit\u00e9 de suivre une formation de trois mois dispens\u00e9e par le Centre\nd&rsquo;aide juridique et des droits de l&rsquo;homme de J\u00e9rusalem (JLAC). Au cours de\ncette formation, ils travailleront en petits groupes, sous la direction de professionnels\ndu JLAC, sur la documentation et la pr\u00e9paration des dossiers qui seront ensuite\nd\u00e9fendus devant les tribunaux isra\u00e9liens par des avocats. Ils travailleront sur\ndes cas auxquels ils sont eux-m\u00eames, leurs proches ou leur communaut\u00e9\nconfront\u00e9s.<\/p>\n\n\n\n<p>Les deux orateurs ont expliqu\u00e9 aux participants comment les propri\u00e9taires devraient proc\u00e9der pour enregistrer l\u00e9galement leurs terres, quels moyens juridiques peuvent \u00eatre mobilis\u00e9s pour arr\u00eater les d\u00e9molitions de maisons et les confiscations de terres et comment prot\u00e9ger les droits des civils en recourant \u00e0 la loi..<\/p>\n\n\n\n<figure class=\"wp-block-image size-large\"><img loading=\"lazy\" decoding=\"async\" width=\"1024\" height=\"577\" src=\"http:\/\/jordanvalleysolidarity.org\/fr\/wp-content\/uploads\/sites\/2\/2021\/04\/d0Zf1D.jpg\" alt=\"\" class=\"wp-image-3078\" srcset=\"http:\/\/jordanvalleysolidarity.org\/fr\/wp-content\/uploads\/sites\/2\/2021\/04\/d0Zf1D.jpg 1024w, http:\/\/jordanvalleysolidarity.org\/fr\/wp-content\/uploads\/sites\/2\/2021\/04\/d0Zf1D-300x169.jpg 300w, http:\/\/jordanvalleysolidarity.org\/fr\/wp-content\/uploads\/sites\/2\/2021\/04\/d0Zf1D-768x433.jpg 768w\" sizes=\"(max-width: 1024px) 100vw, 1024px\" \/><\/figure>\n\n\n\n<p>Les participants ont re\u00e7u une liste de contacts de professionnels auxquels ils peuvent s&rsquo;adresser pour obtenir des conseils concernant l&rsquo;enregistrement des terres de parents ou de voisins. Ils peuvent \u00e9galement contacter ces experts au cas o\u00f9 la terre de leur famille ou de leur voisin serait la cible des forces d&rsquo;occupation ou des colons.<\/p>\n\n\n\n<p>Le deuxi\u00e8me atelier a eu lieu le 20 f\u00e9vrier \u00e0 Bardala; il a r\u00e9uni 28 jeunes participants. La r\u00e9union \u00e9tait dirig\u00e9e par un avocat du Centre d&rsquo;aide juridique et des droits de l&rsquo;homme de J\u00e9rusalem (JLAC). Il a expliqu\u00e9 aux participants comment Isra\u00ebl utilise la loi pour \u00e9mettre des ordres de d\u00e9molition et proc\u00e9der \u00e0 des d\u00e9molitions &#8211; par exemple en affirmant qu\u2019aucun permis de construire n\u2019a \u00e9t\u00e9 d\u00e9livr\u00e9 &#8211; ou pour confisquer des biens ou des terres sous pr\u00e9texte de \u00abraisons de s\u00e9curit\u00e9\u00bb ou d \u2019\u00ab usage militaire \u00bb. L&rsquo;avocat a partag\u00e9 quelques exemples de cas que son organisation a trait\u00e9s. Plus important encore, il a \u00e9galement expliqu\u00e9 aux jeunes comment la loi peut \u00eatre utilis\u00e9e concr\u00e8tement pour emp\u00eacher ou retarder la d\u00e9molition de maisons dont eux-m\u00eames ou leur communaut\u00e9 seraient menac\u00e9s.<\/p>\n\n\n\n<figure class=\"wp-block-image\"><img decoding=\"async\" src=\"http:\/\/jordanvalleysolidarity.org\/wp-content\/uploads\/2021\/02\/ZuKxDC-1024x575.jpg\" alt=\"\" \/><\/figure>\n\n\n\n<p>Pour assurer sa p\u00e9rennit\u00e9, l&rsquo;un des objectifs du projet est de cr\u00e9er un Conseil des jeunes qui deviendra un partenaire actif d&rsquo;Oxfam, de JVS et du Comit\u00e9 de r\u00e9sistance populaire. Le conseil sera impliqu\u00e9 dans le processus de prise de d\u00e9cision: il donnera par exemple son avis sur les cas \u00e0 prioriser, comment les traiter, etc.<\/p>\n<!-- AddThis Advanced Settings generic via filter on the_content --><!-- AddThis Share Buttons generic via filter on the_content -->","protected":false},"excerpt":{"rendered":"<p>En f\u00e9vrier 2021, un projet de six mois financ\u00e9 par Oxfam et coordonn\u00e9 par le Comit\u00e9 de r\u00e9sistance populaire et [&hellip;]<!-- AddThis Advanced Settings generic via filter on get_the_excerpt --><!-- AddThis Share Buttons generic via filter on get_the_excerpt --><\/p>\n","protected":false},"author":31,"featured_media":3078,"comment_status":"closed","ping_status":"closed","sticky":false,"template":"","format":"standard","meta":{"footnotes":""},"categories":[18],"tags":[],"yoast_head":"<!-- This site is optimized with the Yoast SEO plugin v22.8 - https:\/\/yoast.com\/wordpress\/plugins\/seo\/ -->\n<title>Conseil de jeunes ax\u00e9 sur les questions juridiques et la protection des droits - Jordan Valley Solidarity FR<\/title>\n<meta name=\"robots\" content=\"index, follow, max-snippet:-1, max-image-preview:large, max-video-preview:-1\" \/>\n<link rel=\"canonical\" href=\"http:\/\/jordanvalleysolidarity.org\/fr\/actualite\/mise-en-place-dun-conseil-des-jeunes-axe-sur-les-questions-juridiques-et-la-protection-des-droits\/\" \/>\n<meta property=\"og:locale\" content=\"fr_FR\" \/>\n<meta property=\"og:type\" content=\"article\" \/>\n<meta property=\"og:title\" content=\"Conseil de jeunes ax\u00e9 sur les questions juridiques et la protection des droits - Jordan Valley Solidarity FR\" \/>\n<meta property=\"og:description\" content=\"En f\u00e9vrier 2021, un projet de six mois financ\u00e9 par Oxfam et coordonn\u00e9 par le Comit\u00e9 de r\u00e9sistance populaire et [&hellip;]\" \/>\n<meta property=\"og:url\" content=\"http:\/\/jordanvalleysolidarity.org\/fr\/actualite\/mise-en-place-dun-conseil-des-jeunes-axe-sur-les-questions-juridiques-et-la-protection-des-droits\/\" \/>\n<meta property=\"og:site_name\" content=\"Jordan Valley Solidarity FR\" \/>\n<meta property=\"article:published_time\" content=\"2021-04-11T10:22:24+00:00\" \/>\n<meta property=\"article:modified_time\" content=\"2021-04-20T22:13:20+00:00\" \/>\n<meta property=\"og:image\" content=\"http:\/\/jordanvalleysolidarity.org\/fr\/wp-content\/uploads\/sites\/2\/2021\/04\/d0Zf1D.jpg\" \/>\n\t<meta property=\"og:image:width\" content=\"1024\" \/>\n\t<meta property=\"og:image:height\" content=\"577\" \/>\n\t<meta property=\"og:image:type\" content=\"image\/jpeg\" \/>\n<meta name=\"author\" content=\"linafr\" \/>\n<meta name=\"twitter:card\" content=\"summary_large_image\" \/>\n<meta name=\"twitter:label1\" content=\"\u00c9crit par\" \/>\n\t<meta name=\"twitter:data1\" content=\"linafr\" \/>\n\t<meta name=\"twitter:label2\" content=\"Dur\u00e9e de lecture estim\u00e9e\" \/>\n\t<meta name=\"twitter:data2\" content=\"3 minutes\" \/>\n<script type=\"application\/ld+json\" class=\"yoast-schema-graph\">{\"@context\":\"https:\/\/schema.org\",\"@graph\":[{\"@type\":\"WebPage\",\"@id\":\"http:\/\/jordanvalleysolidarity.org\/fr\/actualite\/mise-en-place-dun-conseil-des-jeunes-axe-sur-les-questions-juridiques-et-la-protection-des-droits\/\",\"url\":\"http:\/\/jordanvalleysolidarity.org\/fr\/actualite\/mise-en-place-dun-conseil-des-jeunes-axe-sur-les-questions-juridiques-et-la-protection-des-droits\/\",\"name\":\"Conseil de jeunes ax\u00e9 sur les questions juridiques et la protection des droits - Jordan Valley Solidarity FR\",\"isPartOf\":{\"@id\":\"http:\/\/jordanvalleysolidarity.org\/fr\/#website\"},\"primaryImageOfPage\":{\"@id\":\"http:\/\/jordanvalleysolidarity.org\/fr\/actualite\/mise-en-place-dun-conseil-des-jeunes-axe-sur-les-questions-juridiques-et-la-protection-des-droits\/#primaryimage\"},\"image\":{\"@id\":\"http:\/\/jordanvalleysolidarity.org\/fr\/actualite\/mise-en-place-dun-conseil-des-jeunes-axe-sur-les-questions-juridiques-et-la-protection-des-droits\/#primaryimage\"},\"thumbnailUrl\":\"http:\/\/jordanvalleysolidarity.org\/fr\/wp-content\/uploads\/sites\/2\/2021\/04\/d0Zf1D.jpg\",\"datePublished\":\"2021-04-11T10:22:24+00:00\",\"dateModified\":\"2021-04-20T22:13:20+00:00\",\"author\":{\"@id\":\"http:\/\/jordanvalleysolidarity.org\/fr\/#\/schema\/person\/b1d4ab48930477ea8ddea5dfcfd6fc25\"},\"breadcrumb\":{\"@id\":\"http:\/\/jordanvalleysolidarity.org\/fr\/actualite\/mise-en-place-dun-conseil-des-jeunes-axe-sur-les-questions-juridiques-et-la-protection-des-droits\/#breadcrumb\"},\"inLanguage\":\"fr-FR\",\"potentialAction\":[{\"@type\":\"ReadAction\",\"target\":[\"http:\/\/jordanvalleysolidarity.org\/fr\/actualite\/mise-en-place-dun-conseil-des-jeunes-axe-sur-les-questions-juridiques-et-la-protection-des-droits\/\"]}]},{\"@type\":\"ImageObject\",\"inLanguage\":\"fr-FR\",\"@id\":\"http:\/\/jordanvalleysolidarity.org\/fr\/actualite\/mise-en-place-dun-conseil-des-jeunes-axe-sur-les-questions-juridiques-et-la-protection-des-droits\/#primaryimage\",\"url\":\"http:\/\/jordanvalleysolidarity.org\/fr\/wp-content\/uploads\/sites\/2\/2021\/04\/d0Zf1D.jpg\",\"contentUrl\":\"http:\/\/jordanvalleysolidarity.org\/fr\/wp-content\/uploads\/sites\/2\/2021\/04\/d0Zf1D.jpg\",\"width\":1024,\"height\":577},{\"@type\":\"BreadcrumbList\",\"@id\":\"http:\/\/jordanvalleysolidarity.org\/fr\/actualite\/mise-en-place-dun-conseil-des-jeunes-axe-sur-les-questions-juridiques-et-la-protection-des-droits\/#breadcrumb\",\"itemListElement\":[{\"@type\":\"ListItem\",\"position\":1,\"name\":\"Home\",\"item\":\"http:\/\/jordanvalleysolidarity.org\/fr\/\"},{\"@type\":\"ListItem\",\"position\":2,\"name\":\"Conseil de jeunes ax\u00e9 sur les questions juridiques et la protection des droits\"}]},{\"@type\":\"WebSite\",\"@id\":\"http:\/\/jordanvalleysolidarity.org\/fr\/#website\",\"url\":\"http:\/\/jordanvalleysolidarity.org\/fr\/\",\"name\":\"Jordan Valley Solidarity FR\",\"description\":\"Just another Jordan Valley Solidarity Test Sites site\",\"potentialAction\":[{\"@type\":\"SearchAction\",\"target\":{\"@type\":\"EntryPoint\",\"urlTemplate\":\"http:\/\/jordanvalleysolidarity.org\/fr\/?s={search_term_string}\"},\"query-input\":\"required name=search_term_string\"}],\"inLanguage\":\"fr-FR\"},{\"@type\":\"Person\",\"@id\":\"http:\/\/jordanvalleysolidarity.org\/fr\/#\/schema\/person\/b1d4ab48930477ea8ddea5dfcfd6fc25\",\"name\":\"linafr\",\"image\":{\"@type\":\"ImageObject\",\"inLanguage\":\"fr-FR\",\"@id\":\"http:\/\/jordanvalleysolidarity.org\/fr\/#\/schema\/person\/image\/\",\"url\":\"http:\/\/0.gravatar.com\/avatar\/03fdb700e2a59970782a4632148d30ef?s=96&d=mm&r=g\",\"contentUrl\":\"http:\/\/0.gravatar.com\/avatar\/03fdb700e2a59970782a4632148d30ef?s=96&d=mm&r=g\",\"caption\":\"linafr\"},\"url\":\"http:\/\/jordanvalleysolidarity.org\/fr\/author\/linafr\/\"}]}<\/script>\n<!-- \/ Yoast SEO plugin. -->","yoast_head_json":{"title":"Conseil de jeunes ax\u00e9 sur les questions juridiques et la protection des droits - Jordan Valley Solidarity FR","robots":{"index":"index","follow":"follow","max-snippet":"max-snippet:-1","max-image-preview":"max-image-preview:large","max-video-preview":"max-video-preview:-1"},"canonical":"http:\/\/jordanvalleysolidarity.org\/fr\/actualite\/mise-en-place-dun-conseil-des-jeunes-axe-sur-les-questions-juridiques-et-la-protection-des-droits\/","og_locale":"fr_FR","og_type":"article","og_title":"Conseil de jeunes ax\u00e9 sur les questions juridiques et la protection des droits - Jordan Valley Solidarity FR","og_description":"En f\u00e9vrier 2021, un projet de six mois financ\u00e9 par Oxfam et coordonn\u00e9 par le Comit\u00e9 de r\u00e9sistance populaire et [&hellip;]","og_url":"http:\/\/jordanvalleysolidarity.org\/fr\/actualite\/mise-en-place-dun-conseil-des-jeunes-axe-sur-les-questions-juridiques-et-la-protection-des-droits\/","og_site_name":"Jordan Valley Solidarity FR","article_published_time":"2021-04-11T10:22:24+00:00","article_modified_time":"2021-04-20T22:13:20+00:00","og_image":[{"width":1024,"height":577,"url":"http:\/\/jordanvalleysolidarity.org\/fr\/wp-content\/uploads\/sites\/2\/2021\/04\/d0Zf1D.jpg","type":"image\/jpeg"}],"author":"linafr","twitter_card":"summary_large_image","twitter_misc":{"\u00c9crit par":"linafr","Dur\u00e9e de lecture estim\u00e9e":"3 minutes"},"schema":{"@context":"https:\/\/schema.org","@graph":[{"@type":"WebPage","@id":"http:\/\/jordanvalleysolidarity.org\/fr\/actualite\/mise-en-place-dun-conseil-des-jeunes-axe-sur-les-questions-juridiques-et-la-protection-des-droits\/","url":"http:\/\/jordanvalleysolidarity.org\/fr\/actualite\/mise-en-place-dun-conseil-des-jeunes-axe-sur-les-questions-juridiques-et-la-protection-des-droits\/","name":"Conseil de jeunes ax\u00e9 sur les questions juridiques et la protection des droits - Jordan Valley Solidarity FR","isPartOf":{"@id":"http:\/\/jordanvalleysolidarity.org\/fr\/#website"},"primaryImageOfPage":{"@id":"http:\/\/jordanvalleysolidarity.org\/fr\/actualite\/mise-en-place-dun-conseil-des-jeunes-axe-sur-les-questions-juridiques-et-la-protection-des-droits\/#primaryimage"},"image":{"@id":"http:\/\/jordanvalleysolidarity.org\/fr\/actualite\/mise-en-place-dun-conseil-des-jeunes-axe-sur-les-questions-juridiques-et-la-protection-des-droits\/#primaryimage"},"thumbnailUrl":"http:\/\/jordanvalleysolidarity.org\/fr\/wp-content\/uploads\/sites\/2\/2021\/04\/d0Zf1D.jpg","datePublished":"2021-04-11T10:22:24+00:00","dateModified":"2021-04-20T22:13:20+00:00","author":{"@id":"http:\/\/jordanvalleysolidarity.org\/fr\/#\/schema\/person\/b1d4ab48930477ea8ddea5dfcfd6fc25"},"breadcrumb":{"@id":"http:\/\/jordanvalleysolidarity.org\/fr\/actualite\/mise-en-place-dun-conseil-des-jeunes-axe-sur-les-questions-juridiques-et-la-protection-des-droits\/#breadcrumb"},"inLanguage":"fr-FR","potentialAction":[{"@type":"ReadAction","target":["http:\/\/jordanvalleysolidarity.org\/fr\/actualite\/mise-en-place-dun-conseil-des-jeunes-axe-sur-les-questions-juridiques-et-la-protection-des-droits\/"]}]},{"@type":"ImageObject","inLanguage":"fr-FR","@id":"http:\/\/jordanvalleysolidarity.org\/fr\/actualite\/mise-en-place-dun-conseil-des-jeunes-axe-sur-les-questions-juridiques-et-la-protection-des-droits\/#primaryimage","url":"http:\/\/jordanvalleysolidarity.org\/fr\/wp-content\/uploads\/sites\/2\/2021\/04\/d0Zf1D.jpg","contentUrl":"http:\/\/jordanvalleysolidarity.org\/fr\/wp-content\/uploads\/sites\/2\/2021\/04\/d0Zf1D.jpg","width":1024,"height":577},{"@type":"BreadcrumbList","@id":"http:\/\/jordanvalleysolidarity.org\/fr\/actualite\/mise-en-place-dun-conseil-des-jeunes-axe-sur-les-questions-juridiques-et-la-protection-des-droits\/#breadcrumb","itemListElement":[{"@type":"ListItem","position":1,"name":"Home","item":"http:\/\/jordanvalleysolidarity.org\/fr\/"},{"@type":"ListItem","position":2,"name":"Conseil de jeunes ax\u00e9 sur les questions juridiques et la protection des droits"}]},{"@type":"WebSite","@id":"http:\/\/jordanvalleysolidarity.org\/fr\/#website","url":"http:\/\/jordanvalleysolidarity.org\/fr\/","name":"Jordan Valley Solidarity FR","description":"Just another Jordan Valley Solidarity Test Sites site","potentialAction":[{"@type":"SearchAction","target":{"@type":"EntryPoint","urlTemplate":"http:\/\/jordanvalleysolidarity.org\/fr\/?s={search_term_string}"},"query-input":"required name=search_term_string"}],"inLanguage":"fr-FR"},{"@type":"Person","@id":"http:\/\/jordanvalleysolidarity.org\/fr\/#\/schema\/person\/b1d4ab48930477ea8ddea5dfcfd6fc25","name":"linafr","image":{"@type":"ImageObject","inLanguage":"fr-FR","@id":"http:\/\/jordanvalleysolidarity.org\/fr\/#\/schema\/person\/image\/","url":"http:\/\/0.gravatar.com\/avatar\/03fdb700e2a59970782a4632148d30ef?s=96&d=mm&r=g","contentUrl":"http:\/\/0.gravatar.com\/avatar\/03fdb700e2a59970782a4632148d30ef?s=96&d=mm&r=g","caption":"linafr"},"url":"http:\/\/jordanvalleysolidarity.org\/fr\/author\/linafr\/"}]}},"_links":{"self":[{"href":"http:\/\/jordanvalleysolidarity.org\/fr\/wp-json\/wp\/v2\/posts\/3076"}],"collection":[{"href":"http:\/\/jordanvalleysolidarity.org\/fr\/wp-json\/wp\/v2\/posts"}],"about":[{"href":"http:\/\/jordanvalleysolidarity.org\/fr\/wp-json\/wp\/v2\/types\/post"}],"author":[{"embeddable":true,"href":"http:\/\/jordanvalleysolidarity.org\/fr\/wp-json\/wp\/v2\/users\/31"}],"replies":[{"embeddable":true,"href":"http:\/\/jordanvalleysolidarity.org\/fr\/wp-json\/wp\/v2\/comments?post=3076"}],"version-history":[{"count":3,"href":"http:\/\/jordanvalleysolidarity.org\/fr\/wp-json\/wp\/v2\/posts\/3076\/revisions"}],"predecessor-version":[{"id":3099,"href":"http:\/\/jordanvalleysolidarity.org\/fr\/wp-json\/wp\/v2\/posts\/3076\/revisions\/3099"}],"wp:featuredmedia":[{"embeddable":true,"href":"http:\/\/jordanvalleysolidarity.org\/fr\/wp-json\/wp\/v2\/media\/3078"}],"wp:attachment":[{"href":"http:\/\/jordanvalleysolidarity.org\/fr\/wp-json\/wp\/v2\/media?parent=3076"}],"wp:term":[{"taxonomy":"category","embeddable":true,"href":"http:\/\/jordanvalleysolidarity.org\/fr\/wp-json\/wp\/v2\/categories?post=3076"},{"taxonomy":"post_tag","embeddable":true,"href":"http:\/\/jordanvalleysolidarity.org\/fr\/wp-json\/wp\/v2\/tags?post=3076"}],"curies":[{"name":"wp","href":"https:\/\/api.w.org\/{rel}","templated":true}]}}