{"id":3053,"date":"2021-02-07T10:47:57","date_gmt":"2021-02-07T10:47:57","guid":{"rendered":"http:\/\/jordanvalleysolidarity.org\/fr\/?p=3053"},"modified":"2021-02-07T10:47:59","modified_gmt":"2021-02-07T10:47:59","slug":"humm-groupe-de-jeunes-activistes-vont-a-la-rencontre-des-agriculteurs-de-la-vallee-du-jourdain","status":"publish","type":"post","link":"http:\/\/jordanvalleysolidarity.org\/fr\/evenements\/humm-groupe-de-jeunes-activistes-vont-a-la-rencontre-des-agriculteurs-de-la-vallee-du-jourdain\/","title":{"rendered":"Humm, groupe de jeunes activistes vont \u00e0 la rencontre des agriculteurs de la vall\u00e9e du Jourdain"},"content":{"rendered":"\n<p>Des militants et des b\u00e9n\u00e9voles de Humm, un groupe de jeunes ind\u00e9pendant, travaillent avec des agriculteurs palestiniens de la vall\u00e9e du Jourdain pour offrir une solidarit\u00e9 pratique, acqu\u00e9rir une meilleure compr\u00e9hension de la situation et des d\u00e9fis auxquels ils sont confront\u00e9s et explorer des moyens de travailler ensemble \u00e0 l&rsquo;avenir.<\/p>\n\n\n\n<figure class=\"wp-block-image size-large\"><img loading=\"lazy\" decoding=\"async\" width=\"1024\" height=\"461\" src=\"http:\/\/jordanvalleysolidarity.org\/fr\/wp-content\/uploads\/sites\/2\/2021\/02\/1.jpg\" alt=\"\" class=\"wp-image-3054\" srcset=\"http:\/\/jordanvalleysolidarity.org\/fr\/wp-content\/uploads\/sites\/2\/2021\/02\/1.jpg 1024w, http:\/\/jordanvalleysolidarity.org\/fr\/wp-content\/uploads\/sites\/2\/2021\/02\/1-300x135.jpg 300w, http:\/\/jordanvalleysolidarity.org\/fr\/wp-content\/uploads\/sites\/2\/2021\/02\/1-768x346.jpg 768w\" sizes=\"(max-width: 1024px) 100vw, 1024px\" \/><\/figure>\n\n\n\n<p>Ce projet, facilit\u00e9 par Jordan Valley Solidarity, am\u00e8ne des jeunes de l&rsquo;ext\u00e9rieur de la r\u00e9gion \u00e0 soutenir la r\u00e9silience de notre peuple dans la vall\u00e9e du Jourdain.<\/p>\n\n\n\n<p>Le 15 janvier 2021, les jeunes Humm ont travaill\u00e9 aux c\u00f4t\u00e9s des agriculteurs pour r\u00e9colter des l\u00e9gumes et pour la remise en \u00e9tat des terres dans le village de Bardala, au nord de la vall\u00e9e.<\/p>\n\n\n\n<figure class=\"wp-block-image size-large\"><img loading=\"lazy\" decoding=\"async\" width=\"578\" height=\"325\" src=\"http:\/\/jordanvalleysolidarity.org\/fr\/wp-content\/uploads\/sites\/2\/2021\/02\/2.jpg\" alt=\"\" class=\"wp-image-3055\" srcset=\"http:\/\/jordanvalleysolidarity.org\/fr\/wp-content\/uploads\/sites\/2\/2021\/02\/2.jpg 578w, http:\/\/jordanvalleysolidarity.org\/fr\/wp-content\/uploads\/sites\/2\/2021\/02\/2-300x169.jpg 300w\" sizes=\"(max-width: 578px) 100vw, 578px\" \/><\/figure>\n\n\n\n<p>Pendant le lancement du projet, les jeunes ont pass\u00e9 du temps avec les familles locales et ont particip\u00e9 \u00e0 des ateliers avec les agriculteurs. Les militants ont acquis une meilleure compr\u00e9hension des besoins des agriculteurs et des d\u00e9fis auxquels ils sont confront\u00e9s l\u00e0-bas. Des plannifications ont \u00e9t\u00e9 \u00e9labor\u00e9es pour \u00e9tablir d&rsquo;autres projets \u00e0 l&rsquo;avenir dans le but de soutenir la tenacit\u00e9 des agriculteurs \u00e0 rester sur leurs terres, \u00e0 gagner leur vie et \u00e0 subvenir aux besoins de leurs familles, malgr\u00e9 tous les d\u00e9fis auxquels ils sont confront\u00e9s quotidiennement.<\/p>\n\n\n\n<div class=\"wp-block-image\"><figure class=\"aligncenter size-large\"><img loading=\"lazy\" decoding=\"async\" width=\"324\" height=\"242\" src=\"http:\/\/jordanvalleysolidarity.org\/fr\/wp-content\/uploads\/sites\/2\/2021\/02\/3.jpg\" alt=\"\" class=\"wp-image-3056\" srcset=\"http:\/\/jordanvalleysolidarity.org\/fr\/wp-content\/uploads\/sites\/2\/2021\/02\/3.jpg 324w, http:\/\/jordanvalleysolidarity.org\/fr\/wp-content\/uploads\/sites\/2\/2021\/02\/3-300x224.jpg 300w\" sizes=\"(max-width: 324px) 100vw, 324px\" \/><\/figure><\/div>\n\n\n\n<p>Les habitants du village ont approuv\u00e9 la campagne et confirment l&rsquo;importance de mettre en place ces activit\u00e9s, surtout dans des conditions difficiles. De plus, il est certain que les Palestiniens de la vall\u00e9e du Jourdain sont vuln\u00e9rables en raison des attaques de l&rsquo;occupation et des colons.<\/p>\n\n\n\n<p>30 volontaires ont particip\u00e9 \u00e0 cette activit\u00e9, r\u00e9partis en deux groupes: Le premier groupe a r\u00e9colt\u00e9 des courgettes et des concombres; et le deuxi\u00e8me groupe a \u00e9t\u00e9 charg\u00e9 de nettoyer le sol des pierres<\/p>\n\n\n\n<figure class=\"wp-block-image size-large\"><img loading=\"lazy\" decoding=\"async\" width=\"512\" height=\"288\" src=\"http:\/\/jordanvalleysolidarity.org\/fr\/wp-content\/uploads\/sites\/2\/2021\/02\/4.jpg\" alt=\"\" class=\"wp-image-3057\" srcset=\"http:\/\/jordanvalleysolidarity.org\/fr\/wp-content\/uploads\/sites\/2\/2021\/02\/4.jpg 512w, http:\/\/jordanvalleysolidarity.org\/fr\/wp-content\/uploads\/sites\/2\/2021\/02\/4-300x169.jpg 300w\" sizes=\"(max-width: 512px) 100vw, 512px\" \/><\/figure>\n\n\n\n<p>Notre deuxi\u00e8me journ\u00e9e de projet a eu lieu dans le village de Furush Beit Dajan le 22 janvier.<br> 45 volontaires du Humm Youth Group ont travaill\u00e9 avec Save the Jordan valley, le chef du conseil du village et des agriculteurs locaux.<\/p>\n\n\n\n<p>Cela representait assez de b\u00e9n\u00e9voles pour former 4 groupes, chacun d&rsquo;eux \u00e9tant responsable d&rsquo;une mission diff\u00e9rente.<br> Le groupe d&rsquo;Udaya comportait 20 personnes et leur mission \u00e9tait de cueillir concombres et courgettes <br> Le groupe Jaafar qui \u00e9tait 8 au total a particip\u00e9 \u00e0 la fixation des supports autour des plants de poivrons<br> Le troisi\u00e8me groupe comptait 10 volontaires qui ont particip\u00e9 \u00e0 la cueillette des tomates <br> Le dernier groupe a particip\u00e9 \u00e0 la cueillette des tomates et des brocolis<\/p>\n\n\n\n<figure class=\"wp-block-image size-large\"><img loading=\"lazy\" decoding=\"async\" width=\"489\" height=\"237\" src=\"http:\/\/jordanvalleysolidarity.org\/fr\/wp-content\/uploads\/sites\/2\/2021\/02\/5.jpg\" alt=\"\" class=\"wp-image-3058\" srcset=\"http:\/\/jordanvalleysolidarity.org\/fr\/wp-content\/uploads\/sites\/2\/2021\/02\/5.jpg 489w, http:\/\/jordanvalleysolidarity.org\/fr\/wp-content\/uploads\/sites\/2\/2021\/02\/5-300x145.jpg 300w\" sizes=\"(max-width: 489px) 100vw, 489px\" \/><\/figure>\n\n\n\n<p>L&rsquo;un des militants a rapport\u00e9:<br> \u00abC&rsquo;\u00e9tait une journ\u00e9e sp\u00e9ciale, car apr\u00e8s la cueillette des l\u00e9gumes, tous les volontaires ont partag\u00e9 un beau repas cuisin\u00e9 par les agriculteurs. Une fois la pause termin\u00e9e, nous avons discut\u00e9 de la commercialisation, des bas prix des produits et le manque de protection des produits palestiniens. Tous les besoins et probl\u00e8mes ont \u00e9t\u00e9 discut\u00e9s.<\/p>\n\n\n\n<p>\u00abA la fin de l&rsquo;activit\u00e9, parmis les volontaires, il y avait un groupe artistique qui a jou\u00e9 de la musique. Et certains produits de savon et de l\u00e9gumes ont \u00e9galement \u00e9t\u00e9 vendus par solidarit\u00e9 et par souci de commercialisation et de soutien des produits locaux.<\/p>\n\n\n\n<p>\u00abPlus tard, tous les probl\u00e8mes et d\u00e9fis seront \u00e9tudi\u00e9s avec les volontaires et la campagne Save the Jordan Valley tentera de trouver des solutions pour aider les agriculteurs \u00e0 survivre et \u00e0 continuer.\u00bb<\/p>\n<!-- AddThis Advanced Settings generic via filter on the_content --><!-- AddThis Share Buttons generic via filter on the_content -->","protected":false},"excerpt":{"rendered":"<p>Des militants et des b\u00e9n\u00e9voles de Humm, un groupe de jeunes ind\u00e9pendant, travaillent avec des agriculteurs palestiniens de la vall\u00e9e [&hellip;]<!-- AddThis Advanced Settings generic via filter on get_the_excerpt --><!-- AddThis Share Buttons generic via filter on get_the_excerpt --><\/p>\n","protected":false},"author":31,"featured_media":3054,"comment_status":"closed","ping_status":"closed","sticky":false,"template":"","format":"standard","meta":{"footnotes":""},"categories":[18,199],"tags":[],"yoast_head":"<!-- This site is optimized with the Yoast SEO plugin v22.8 - https:\/\/yoast.com\/wordpress\/plugins\/seo\/ -->\n<title>Humm, groupe de jeunes activistes vont \u00e0 la rencontre des agriculteurs de la vall\u00e9e du Jourdain - Jordan Valley Solidarity FR<\/title>\n<meta name=\"robots\" content=\"index, follow, max-snippet:-1, max-image-preview:large, max-video-preview:-1\" \/>\n<link rel=\"canonical\" href=\"http:\/\/jordanvalleysolidarity.org\/fr\/evenements\/humm-groupe-de-jeunes-activistes-vont-a-la-rencontre-des-agriculteurs-de-la-vallee-du-jourdain\/\" \/>\n<meta property=\"og:locale\" content=\"fr_FR\" \/>\n<meta property=\"og:type\" content=\"article\" \/>\n<meta property=\"og:title\" content=\"Humm, groupe de jeunes activistes vont \u00e0 la rencontre des agriculteurs de la vall\u00e9e du Jourdain - Jordan Valley Solidarity FR\" \/>\n<meta property=\"og:description\" content=\"Des militants et des b\u00e9n\u00e9voles de Humm, un groupe de jeunes ind\u00e9pendant, travaillent avec des agriculteurs palestiniens de la vall\u00e9e [&hellip;]\" \/>\n<meta property=\"og:url\" content=\"http:\/\/jordanvalleysolidarity.org\/fr\/evenements\/humm-groupe-de-jeunes-activistes-vont-a-la-rencontre-des-agriculteurs-de-la-vallee-du-jourdain\/\" \/>\n<meta property=\"og:site_name\" content=\"Jordan Valley Solidarity FR\" \/>\n<meta property=\"article:published_time\" content=\"2021-02-07T10:47:57+00:00\" \/>\n<meta property=\"article:modified_time\" content=\"2021-02-07T10:47:59+00:00\" \/>\n<meta property=\"og:image\" content=\"http:\/\/jordanvalleysolidarity.org\/fr\/wp-content\/uploads\/sites\/2\/2021\/02\/1.jpg\" \/>\n\t<meta property=\"og:image:width\" content=\"1024\" \/>\n\t<meta property=\"og:image:height\" content=\"461\" \/>\n\t<meta property=\"og:image:type\" content=\"image\/jpeg\" \/>\n<meta name=\"author\" content=\"linafr\" \/>\n<meta name=\"twitter:card\" content=\"summary_large_image\" \/>\n<meta name=\"twitter:label1\" content=\"\u00c9crit par\" \/>\n\t<meta name=\"twitter:data1\" content=\"linafr\" \/>\n\t<meta name=\"twitter:label2\" content=\"Dur\u00e9e de lecture estim\u00e9e\" \/>\n\t<meta name=\"twitter:data2\" content=\"3 minutes\" \/>\n<script type=\"application\/ld+json\" class=\"yoast-schema-graph\">{\"@context\":\"https:\/\/schema.org\",\"@graph\":[{\"@type\":\"WebPage\",\"@id\":\"http:\/\/jordanvalleysolidarity.org\/fr\/evenements\/humm-groupe-de-jeunes-activistes-vont-a-la-rencontre-des-agriculteurs-de-la-vallee-du-jourdain\/\",\"url\":\"http:\/\/jordanvalleysolidarity.org\/fr\/evenements\/humm-groupe-de-jeunes-activistes-vont-a-la-rencontre-des-agriculteurs-de-la-vallee-du-jourdain\/\",\"name\":\"Humm, groupe de jeunes activistes vont \u00e0 la rencontre des agriculteurs de la vall\u00e9e du Jourdain - Jordan Valley Solidarity FR\",\"isPartOf\":{\"@id\":\"http:\/\/jordanvalleysolidarity.org\/fr\/#website\"},\"primaryImageOfPage\":{\"@id\":\"http:\/\/jordanvalleysolidarity.org\/fr\/evenements\/humm-groupe-de-jeunes-activistes-vont-a-la-rencontre-des-agriculteurs-de-la-vallee-du-jourdain\/#primaryimage\"},\"image\":{\"@id\":\"http:\/\/jordanvalleysolidarity.org\/fr\/evenements\/humm-groupe-de-jeunes-activistes-vont-a-la-rencontre-des-agriculteurs-de-la-vallee-du-jourdain\/#primaryimage\"},\"thumbnailUrl\":\"http:\/\/jordanvalleysolidarity.org\/fr\/wp-content\/uploads\/sites\/2\/2021\/02\/1.jpg\",\"datePublished\":\"2021-02-07T10:47:57+00:00\",\"dateModified\":\"2021-02-07T10:47:59+00:00\",\"author\":{\"@id\":\"http:\/\/jordanvalleysolidarity.org\/fr\/#\/schema\/person\/b1d4ab48930477ea8ddea5dfcfd6fc25\"},\"breadcrumb\":{\"@id\":\"http:\/\/jordanvalleysolidarity.org\/fr\/evenements\/humm-groupe-de-jeunes-activistes-vont-a-la-rencontre-des-agriculteurs-de-la-vallee-du-jourdain\/#breadcrumb\"},\"inLanguage\":\"fr-FR\",\"potentialAction\":[{\"@type\":\"ReadAction\",\"target\":[\"http:\/\/jordanvalleysolidarity.org\/fr\/evenements\/humm-groupe-de-jeunes-activistes-vont-a-la-rencontre-des-agriculteurs-de-la-vallee-du-jourdain\/\"]}]},{\"@type\":\"ImageObject\",\"inLanguage\":\"fr-FR\",\"@id\":\"http:\/\/jordanvalleysolidarity.org\/fr\/evenements\/humm-groupe-de-jeunes-activistes-vont-a-la-rencontre-des-agriculteurs-de-la-vallee-du-jourdain\/#primaryimage\",\"url\":\"http:\/\/jordanvalleysolidarity.org\/fr\/wp-content\/uploads\/sites\/2\/2021\/02\/1.jpg\",\"contentUrl\":\"http:\/\/jordanvalleysolidarity.org\/fr\/wp-content\/uploads\/sites\/2\/2021\/02\/1.jpg\",\"width\":1024,\"height\":461},{\"@type\":\"BreadcrumbList\",\"@id\":\"http:\/\/jordanvalleysolidarity.org\/fr\/evenements\/humm-groupe-de-jeunes-activistes-vont-a-la-rencontre-des-agriculteurs-de-la-vallee-du-jourdain\/#breadcrumb\",\"itemListElement\":[{\"@type\":\"ListItem\",\"position\":1,\"name\":\"Home\",\"item\":\"http:\/\/jordanvalleysolidarity.org\/fr\/\"},{\"@type\":\"ListItem\",\"position\":2,\"name\":\"Humm, groupe de jeunes activistes vont \u00e0 la rencontre des agriculteurs de la vall\u00e9e du Jourdain\"}]},{\"@type\":\"WebSite\",\"@id\":\"http:\/\/jordanvalleysolidarity.org\/fr\/#website\",\"url\":\"http:\/\/jordanvalleysolidarity.org\/fr\/\",\"name\":\"Jordan Valley Solidarity FR\",\"description\":\"Just another Jordan Valley Solidarity Test Sites site\",\"potentialAction\":[{\"@type\":\"SearchAction\",\"target\":{\"@type\":\"EntryPoint\",\"urlTemplate\":\"http:\/\/jordanvalleysolidarity.org\/fr\/?s={search_term_string}\"},\"query-input\":\"required name=search_term_string\"}],\"inLanguage\":\"fr-FR\"},{\"@type\":\"Person\",\"@id\":\"http:\/\/jordanvalleysolidarity.org\/fr\/#\/schema\/person\/b1d4ab48930477ea8ddea5dfcfd6fc25\",\"name\":\"linafr\",\"image\":{\"@type\":\"ImageObject\",\"inLanguage\":\"fr-FR\",\"@id\":\"http:\/\/jordanvalleysolidarity.org\/fr\/#\/schema\/person\/image\/\",\"url\":\"http:\/\/0.gravatar.com\/avatar\/03fdb700e2a59970782a4632148d30ef?s=96&d=mm&r=g\",\"contentUrl\":\"http:\/\/0.gravatar.com\/avatar\/03fdb700e2a59970782a4632148d30ef?s=96&d=mm&r=g\",\"caption\":\"linafr\"},\"url\":\"http:\/\/jordanvalleysolidarity.org\/fr\/author\/linafr\/\"}]}<\/script>\n<!-- \/ Yoast SEO plugin. -->","yoast_head_json":{"title":"Humm, groupe de jeunes activistes vont \u00e0 la rencontre des agriculteurs de la vall\u00e9e du Jourdain - Jordan Valley Solidarity FR","robots":{"index":"index","follow":"follow","max-snippet":"max-snippet:-1","max-image-preview":"max-image-preview:large","max-video-preview":"max-video-preview:-1"},"canonical":"http:\/\/jordanvalleysolidarity.org\/fr\/evenements\/humm-groupe-de-jeunes-activistes-vont-a-la-rencontre-des-agriculteurs-de-la-vallee-du-jourdain\/","og_locale":"fr_FR","og_type":"article","og_title":"Humm, groupe de jeunes activistes vont \u00e0 la rencontre des agriculteurs de la vall\u00e9e du Jourdain - Jordan Valley Solidarity FR","og_description":"Des militants et des b\u00e9n\u00e9voles de Humm, un groupe de jeunes ind\u00e9pendant, travaillent avec des agriculteurs palestiniens de la vall\u00e9e [&hellip;]","og_url":"http:\/\/jordanvalleysolidarity.org\/fr\/evenements\/humm-groupe-de-jeunes-activistes-vont-a-la-rencontre-des-agriculteurs-de-la-vallee-du-jourdain\/","og_site_name":"Jordan Valley Solidarity FR","article_published_time":"2021-02-07T10:47:57+00:00","article_modified_time":"2021-02-07T10:47:59+00:00","og_image":[{"width":1024,"height":461,"url":"http:\/\/jordanvalleysolidarity.org\/fr\/wp-content\/uploads\/sites\/2\/2021\/02\/1.jpg","type":"image\/jpeg"}],"author":"linafr","twitter_card":"summary_large_image","twitter_misc":{"\u00c9crit par":"linafr","Dur\u00e9e de lecture estim\u00e9e":"3 minutes"},"schema":{"@context":"https:\/\/schema.org","@graph":[{"@type":"WebPage","@id":"http:\/\/jordanvalleysolidarity.org\/fr\/evenements\/humm-groupe-de-jeunes-activistes-vont-a-la-rencontre-des-agriculteurs-de-la-vallee-du-jourdain\/","url":"http:\/\/jordanvalleysolidarity.org\/fr\/evenements\/humm-groupe-de-jeunes-activistes-vont-a-la-rencontre-des-agriculteurs-de-la-vallee-du-jourdain\/","name":"Humm, groupe de jeunes activistes vont \u00e0 la rencontre des agriculteurs de la vall\u00e9e du Jourdain - Jordan Valley Solidarity FR","isPartOf":{"@id":"http:\/\/jordanvalleysolidarity.org\/fr\/#website"},"primaryImageOfPage":{"@id":"http:\/\/jordanvalleysolidarity.org\/fr\/evenements\/humm-groupe-de-jeunes-activistes-vont-a-la-rencontre-des-agriculteurs-de-la-vallee-du-jourdain\/#primaryimage"},"image":{"@id":"http:\/\/jordanvalleysolidarity.org\/fr\/evenements\/humm-groupe-de-jeunes-activistes-vont-a-la-rencontre-des-agriculteurs-de-la-vallee-du-jourdain\/#primaryimage"},"thumbnailUrl":"http:\/\/jordanvalleysolidarity.org\/fr\/wp-content\/uploads\/sites\/2\/2021\/02\/1.jpg","datePublished":"2021-02-07T10:47:57+00:00","dateModified":"2021-02-07T10:47:59+00:00","author":{"@id":"http:\/\/jordanvalleysolidarity.org\/fr\/#\/schema\/person\/b1d4ab48930477ea8ddea5dfcfd6fc25"},"breadcrumb":{"@id":"http:\/\/jordanvalleysolidarity.org\/fr\/evenements\/humm-groupe-de-jeunes-activistes-vont-a-la-rencontre-des-agriculteurs-de-la-vallee-du-jourdain\/#breadcrumb"},"inLanguage":"fr-FR","potentialAction":[{"@type":"ReadAction","target":["http:\/\/jordanvalleysolidarity.org\/fr\/evenements\/humm-groupe-de-jeunes-activistes-vont-a-la-rencontre-des-agriculteurs-de-la-vallee-du-jourdain\/"]}]},{"@type":"ImageObject","inLanguage":"fr-FR","@id":"http:\/\/jordanvalleysolidarity.org\/fr\/evenements\/humm-groupe-de-jeunes-activistes-vont-a-la-rencontre-des-agriculteurs-de-la-vallee-du-jourdain\/#primaryimage","url":"http:\/\/jordanvalleysolidarity.org\/fr\/wp-content\/uploads\/sites\/2\/2021\/02\/1.jpg","contentUrl":"http:\/\/jordanvalleysolidarity.org\/fr\/wp-content\/uploads\/sites\/2\/2021\/02\/1.jpg","width":1024,"height":461},{"@type":"BreadcrumbList","@id":"http:\/\/jordanvalleysolidarity.org\/fr\/evenements\/humm-groupe-de-jeunes-activistes-vont-a-la-rencontre-des-agriculteurs-de-la-vallee-du-jourdain\/#breadcrumb","itemListElement":[{"@type":"ListItem","position":1,"name":"Home","item":"http:\/\/jordanvalleysolidarity.org\/fr\/"},{"@type":"ListItem","position":2,"name":"Humm, groupe de jeunes activistes vont \u00e0 la rencontre des agriculteurs de la vall\u00e9e du Jourdain"}]},{"@type":"WebSite","@id":"http:\/\/jordanvalleysolidarity.org\/fr\/#website","url":"http:\/\/jordanvalleysolidarity.org\/fr\/","name":"Jordan Valley Solidarity FR","description":"Just another Jordan Valley Solidarity Test Sites site","potentialAction":[{"@type":"SearchAction","target":{"@type":"EntryPoint","urlTemplate":"http:\/\/jordanvalleysolidarity.org\/fr\/?s={search_term_string}"},"query-input":"required name=search_term_string"}],"inLanguage":"fr-FR"},{"@type":"Person","@id":"http:\/\/jordanvalleysolidarity.org\/fr\/#\/schema\/person\/b1d4ab48930477ea8ddea5dfcfd6fc25","name":"linafr","image":{"@type":"ImageObject","inLanguage":"fr-FR","@id":"http:\/\/jordanvalleysolidarity.org\/fr\/#\/schema\/person\/image\/","url":"http:\/\/0.gravatar.com\/avatar\/03fdb700e2a59970782a4632148d30ef?s=96&d=mm&r=g","contentUrl":"http:\/\/0.gravatar.com\/avatar\/03fdb700e2a59970782a4632148d30ef?s=96&d=mm&r=g","caption":"linafr"},"url":"http:\/\/jordanvalleysolidarity.org\/fr\/author\/linafr\/"}]}},"_links":{"self":[{"href":"http:\/\/jordanvalleysolidarity.org\/fr\/wp-json\/wp\/v2\/posts\/3053"}],"collection":[{"href":"http:\/\/jordanvalleysolidarity.org\/fr\/wp-json\/wp\/v2\/posts"}],"about":[{"href":"http:\/\/jordanvalleysolidarity.org\/fr\/wp-json\/wp\/v2\/types\/post"}],"author":[{"embeddable":true,"href":"http:\/\/jordanvalleysolidarity.org\/fr\/wp-json\/wp\/v2\/users\/31"}],"replies":[{"embeddable":true,"href":"http:\/\/jordanvalleysolidarity.org\/fr\/wp-json\/wp\/v2\/comments?post=3053"}],"version-history":[{"count":1,"href":"http:\/\/jordanvalleysolidarity.org\/fr\/wp-json\/wp\/v2\/posts\/3053\/revisions"}],"predecessor-version":[{"id":3059,"href":"http:\/\/jordanvalleysolidarity.org\/fr\/wp-json\/wp\/v2\/posts\/3053\/revisions\/3059"}],"wp:featuredmedia":[{"embeddable":true,"href":"http:\/\/jordanvalleysolidarity.org\/fr\/wp-json\/wp\/v2\/media\/3054"}],"wp:attachment":[{"href":"http:\/\/jordanvalleysolidarity.org\/fr\/wp-json\/wp\/v2\/media?parent=3053"}],"wp:term":[{"taxonomy":"category","embeddable":true,"href":"http:\/\/jordanvalleysolidarity.org\/fr\/wp-json\/wp\/v2\/categories?post=3053"},{"taxonomy":"post_tag","embeddable":true,"href":"http:\/\/jordanvalleysolidarity.org\/fr\/wp-json\/wp\/v2\/tags?post=3053"}],"curies":[{"name":"wp","href":"https:\/\/api.w.org\/{rel}","templated":true}]}}