{"id":3050,"date":"2020-12-19T14:10:26","date_gmt":"2020-12-19T14:10:26","guid":{"rendered":"http:\/\/jordanvalleysolidarity.org\/fr\/?p=3050"},"modified":"2020-12-19T14:10:29","modified_gmt":"2020-12-19T14:10:29","slug":"demolition-a-ras-al-auja","status":"publish","type":"post","link":"http:\/\/jordanvalleysolidarity.org\/fr\/actualite\/demolition-a-ras-al-auja\/","title":{"rendered":"D\u00e9molition \u00e0 Ras al-Auja"},"content":{"rendered":"\n<p>Les forces d&rsquo;occupation ont de nouveau attaqu\u00e9 la communaut\u00e9 de Ras al-Auja pr\u00e8s de J\u00e9richo le 8 d\u00e9cembre. Ils ont d\u00e9moli trois maisons familiales, confisquant tous les mat\u00e9riaux afin que les familles se retrouvent sans abri, \u00e0 la rue. Ils ont \u00e9galement confisqu\u00e9 deux caravanes mobiles du village. Des s\u00e9quences vid\u00e9o ont \u00e9t\u00e9 publi\u00e9es par B\u2019tselem <a href=\"https:\/\/www.btselem.org\/video\/20201210_ras_ein_al-auja_demolition\">https:\/\/www.btselem.org\/video\/20201210_ras_ein_al-auja_demolition<\/a><\/p>\n<!-- AddThis Advanced Settings generic via filter on the_content --><!-- AddThis Share Buttons generic via filter on the_content -->","protected":false},"excerpt":{"rendered":"<p>Les forces d&rsquo;occupation ont de nouveau attaqu\u00e9 la communaut\u00e9 de Ras al-Auja pr\u00e8s de J\u00e9richo le 8 d\u00e9cembre. Ils ont [&hellip;]<!-- AddThis Advanced Settings generic via filter on get_the_excerpt --><!-- AddThis Share Buttons generic via filter on get_the_excerpt --><\/p>\n","protected":false},"author":31,"featured_media":0,"comment_status":"closed","ping_status":"closed","sticky":false,"template":"","format":"standard","meta":{"footnotes":""},"categories":[18],"tags":[],"yoast_head":"<!-- This site is optimized with the Yoast SEO plugin v22.8 - https:\/\/yoast.com\/wordpress\/plugins\/seo\/ -->\n<title>D\u00e9molition \u00e0 Ras al-Auja - Jordan Valley Solidarity FR<\/title>\n<meta name=\"robots\" content=\"index, follow, max-snippet:-1, max-image-preview:large, max-video-preview:-1\" \/>\n<link rel=\"canonical\" href=\"http:\/\/jordanvalleysolidarity.org\/fr\/actualite\/demolition-a-ras-al-auja\/\" \/>\n<meta property=\"og:locale\" content=\"fr_FR\" \/>\n<meta property=\"og:type\" content=\"article\" \/>\n<meta property=\"og:title\" content=\"D\u00e9molition \u00e0 Ras al-Auja - Jordan Valley Solidarity FR\" \/>\n<meta property=\"og:description\" content=\"Les forces d&rsquo;occupation ont de nouveau attaqu\u00e9 la communaut\u00e9 de Ras al-Auja pr\u00e8s de J\u00e9richo le 8 d\u00e9cembre. Ils ont [&hellip;]\" \/>\n<meta property=\"og:url\" content=\"http:\/\/jordanvalleysolidarity.org\/fr\/actualite\/demolition-a-ras-al-auja\/\" \/>\n<meta property=\"og:site_name\" content=\"Jordan Valley Solidarity FR\" \/>\n<meta property=\"article:published_time\" content=\"2020-12-19T14:10:26+00:00\" \/>\n<meta property=\"article:modified_time\" content=\"2020-12-19T14:10:29+00:00\" \/>\n<meta name=\"author\" content=\"linafr\" \/>\n<meta name=\"twitter:card\" content=\"summary_large_image\" \/>\n<meta name=\"twitter:label1\" content=\"\u00c9crit par\" \/>\n\t<meta name=\"twitter:data1\" content=\"linafr\" \/>\n<script type=\"application\/ld+json\" class=\"yoast-schema-graph\">{\"@context\":\"https:\/\/schema.org\",\"@graph\":[{\"@type\":\"WebPage\",\"@id\":\"http:\/\/jordanvalleysolidarity.org\/fr\/actualite\/demolition-a-ras-al-auja\/\",\"url\":\"http:\/\/jordanvalleysolidarity.org\/fr\/actualite\/demolition-a-ras-al-auja\/\",\"name\":\"D\u00e9molition \u00e0 Ras al-Auja - Jordan Valley Solidarity FR\",\"isPartOf\":{\"@id\":\"http:\/\/jordanvalleysolidarity.org\/fr\/#website\"},\"datePublished\":\"2020-12-19T14:10:26+00:00\",\"dateModified\":\"2020-12-19T14:10:29+00:00\",\"author\":{\"@id\":\"http:\/\/jordanvalleysolidarity.org\/fr\/#\/schema\/person\/b1d4ab48930477ea8ddea5dfcfd6fc25\"},\"breadcrumb\":{\"@id\":\"http:\/\/jordanvalleysolidarity.org\/fr\/actualite\/demolition-a-ras-al-auja\/#breadcrumb\"},\"inLanguage\":\"fr-FR\",\"potentialAction\":[{\"@type\":\"ReadAction\",\"target\":[\"http:\/\/jordanvalleysolidarity.org\/fr\/actualite\/demolition-a-ras-al-auja\/\"]}]},{\"@type\":\"BreadcrumbList\",\"@id\":\"http:\/\/jordanvalleysolidarity.org\/fr\/actualite\/demolition-a-ras-al-auja\/#breadcrumb\",\"itemListElement\":[{\"@type\":\"ListItem\",\"position\":1,\"name\":\"Home\",\"item\":\"http:\/\/jordanvalleysolidarity.org\/fr\/\"},{\"@type\":\"ListItem\",\"position\":2,\"name\":\"D\u00e9molition \u00e0 Ras al-Auja\"}]},{\"@type\":\"WebSite\",\"@id\":\"http:\/\/jordanvalleysolidarity.org\/fr\/#website\",\"url\":\"http:\/\/jordanvalleysolidarity.org\/fr\/\",\"name\":\"Jordan Valley Solidarity FR\",\"description\":\"Just another Jordan Valley Solidarity Test Sites site\",\"potentialAction\":[{\"@type\":\"SearchAction\",\"target\":{\"@type\":\"EntryPoint\",\"urlTemplate\":\"http:\/\/jordanvalleysolidarity.org\/fr\/?s={search_term_string}\"},\"query-input\":\"required name=search_term_string\"}],\"inLanguage\":\"fr-FR\"},{\"@type\":\"Person\",\"@id\":\"http:\/\/jordanvalleysolidarity.org\/fr\/#\/schema\/person\/b1d4ab48930477ea8ddea5dfcfd6fc25\",\"name\":\"linafr\",\"image\":{\"@type\":\"ImageObject\",\"inLanguage\":\"fr-FR\",\"@id\":\"http:\/\/jordanvalleysolidarity.org\/fr\/#\/schema\/person\/image\/\",\"url\":\"http:\/\/0.gravatar.com\/avatar\/03fdb700e2a59970782a4632148d30ef?s=96&d=mm&r=g\",\"contentUrl\":\"http:\/\/0.gravatar.com\/avatar\/03fdb700e2a59970782a4632148d30ef?s=96&d=mm&r=g\",\"caption\":\"linafr\"},\"url\":\"http:\/\/jordanvalleysolidarity.org\/fr\/author\/linafr\/\"}]}<\/script>\n<!-- \/ Yoast SEO plugin. -->","yoast_head_json":{"title":"D\u00e9molition \u00e0 Ras al-Auja - Jordan Valley Solidarity FR","robots":{"index":"index","follow":"follow","max-snippet":"max-snippet:-1","max-image-preview":"max-image-preview:large","max-video-preview":"max-video-preview:-1"},"canonical":"http:\/\/jordanvalleysolidarity.org\/fr\/actualite\/demolition-a-ras-al-auja\/","og_locale":"fr_FR","og_type":"article","og_title":"D\u00e9molition \u00e0 Ras al-Auja - Jordan Valley Solidarity FR","og_description":"Les forces d&rsquo;occupation ont de nouveau attaqu\u00e9 la communaut\u00e9 de Ras al-Auja pr\u00e8s de J\u00e9richo le 8 d\u00e9cembre. Ils ont [&hellip;]","og_url":"http:\/\/jordanvalleysolidarity.org\/fr\/actualite\/demolition-a-ras-al-auja\/","og_site_name":"Jordan Valley Solidarity FR","article_published_time":"2020-12-19T14:10:26+00:00","article_modified_time":"2020-12-19T14:10:29+00:00","author":"linafr","twitter_card":"summary_large_image","twitter_misc":{"\u00c9crit par":"linafr"},"schema":{"@context":"https:\/\/schema.org","@graph":[{"@type":"WebPage","@id":"http:\/\/jordanvalleysolidarity.org\/fr\/actualite\/demolition-a-ras-al-auja\/","url":"http:\/\/jordanvalleysolidarity.org\/fr\/actualite\/demolition-a-ras-al-auja\/","name":"D\u00e9molition \u00e0 Ras al-Auja - Jordan Valley Solidarity FR","isPartOf":{"@id":"http:\/\/jordanvalleysolidarity.org\/fr\/#website"},"datePublished":"2020-12-19T14:10:26+00:00","dateModified":"2020-12-19T14:10:29+00:00","author":{"@id":"http:\/\/jordanvalleysolidarity.org\/fr\/#\/schema\/person\/b1d4ab48930477ea8ddea5dfcfd6fc25"},"breadcrumb":{"@id":"http:\/\/jordanvalleysolidarity.org\/fr\/actualite\/demolition-a-ras-al-auja\/#breadcrumb"},"inLanguage":"fr-FR","potentialAction":[{"@type":"ReadAction","target":["http:\/\/jordanvalleysolidarity.org\/fr\/actualite\/demolition-a-ras-al-auja\/"]}]},{"@type":"BreadcrumbList","@id":"http:\/\/jordanvalleysolidarity.org\/fr\/actualite\/demolition-a-ras-al-auja\/#breadcrumb","itemListElement":[{"@type":"ListItem","position":1,"name":"Home","item":"http:\/\/jordanvalleysolidarity.org\/fr\/"},{"@type":"ListItem","position":2,"name":"D\u00e9molition \u00e0 Ras al-Auja"}]},{"@type":"WebSite","@id":"http:\/\/jordanvalleysolidarity.org\/fr\/#website","url":"http:\/\/jordanvalleysolidarity.org\/fr\/","name":"Jordan Valley Solidarity FR","description":"Just another Jordan Valley Solidarity Test Sites site","potentialAction":[{"@type":"SearchAction","target":{"@type":"EntryPoint","urlTemplate":"http:\/\/jordanvalleysolidarity.org\/fr\/?s={search_term_string}"},"query-input":"required name=search_term_string"}],"inLanguage":"fr-FR"},{"@type":"Person","@id":"http:\/\/jordanvalleysolidarity.org\/fr\/#\/schema\/person\/b1d4ab48930477ea8ddea5dfcfd6fc25","name":"linafr","image":{"@type":"ImageObject","inLanguage":"fr-FR","@id":"http:\/\/jordanvalleysolidarity.org\/fr\/#\/schema\/person\/image\/","url":"http:\/\/0.gravatar.com\/avatar\/03fdb700e2a59970782a4632148d30ef?s=96&d=mm&r=g","contentUrl":"http:\/\/0.gravatar.com\/avatar\/03fdb700e2a59970782a4632148d30ef?s=96&d=mm&r=g","caption":"linafr"},"url":"http:\/\/jordanvalleysolidarity.org\/fr\/author\/linafr\/"}]}},"_links":{"self":[{"href":"http:\/\/jordanvalleysolidarity.org\/fr\/wp-json\/wp\/v2\/posts\/3050"}],"collection":[{"href":"http:\/\/jordanvalleysolidarity.org\/fr\/wp-json\/wp\/v2\/posts"}],"about":[{"href":"http:\/\/jordanvalleysolidarity.org\/fr\/wp-json\/wp\/v2\/types\/post"}],"author":[{"embeddable":true,"href":"http:\/\/jordanvalleysolidarity.org\/fr\/wp-json\/wp\/v2\/users\/31"}],"replies":[{"embeddable":true,"href":"http:\/\/jordanvalleysolidarity.org\/fr\/wp-json\/wp\/v2\/comments?post=3050"}],"version-history":[{"count":1,"href":"http:\/\/jordanvalleysolidarity.org\/fr\/wp-json\/wp\/v2\/posts\/3050\/revisions"}],"predecessor-version":[{"id":3051,"href":"http:\/\/jordanvalleysolidarity.org\/fr\/wp-json\/wp\/v2\/posts\/3050\/revisions\/3051"}],"wp:attachment":[{"href":"http:\/\/jordanvalleysolidarity.org\/fr\/wp-json\/wp\/v2\/media?parent=3050"}],"wp:term":[{"taxonomy":"category","embeddable":true,"href":"http:\/\/jordanvalleysolidarity.org\/fr\/wp-json\/wp\/v2\/categories?post=3050"},{"taxonomy":"post_tag","embeddable":true,"href":"http:\/\/jordanvalleysolidarity.org\/fr\/wp-json\/wp\/v2\/tags?post=3050"}],"curies":[{"name":"wp","href":"https:\/\/api.w.org\/{rel}","templated":true}]}}