{"id":1642,"date":"2015-07-10T11:57:42","date_gmt":"2015-07-10T10:57:42","guid":{"rendered":"http:\/\/jordanvalleysolidarity.org\/fr\/2015\/07\/10\/l-occupation-israelienne-vole-les-citernes-de-reserve-d-eau-des-palestiniens\/"},"modified":"2015-10-11T14:11:34","modified_gmt":"2015-10-11T13:11:34","slug":"l-occupation-israelienne-vole-les-citernes-de-reserve-d-eau-des-palestiniens","status":"publish","type":"post","link":"http:\/\/jordanvalleysolidarity.org\/fr\/actualite\/l-occupation-israelienne-vole-les-citernes-de-reserve-d-eau-des-palestiniens\/","title":{"rendered":"L&rsquo;occupation isra\u00e9lienne vole les citernes de r\u00e9serve d&rsquo;eau des Palestiniens"},"content":{"rendered":"<p>&nbsp;<img loading=\"lazy\" decoding=\"async\" class=\" alignright size-full wp-image-1639\" src=\"http:\/\/jordanvalleysolidarity.org\/fr\/wp-content\/uploads\/sites\/2\/2015\/07\/water_tank_confiscated_7July15.jpg\" width=\"400\" height=\"300\" style=\"border: 1px solid #000000; margin: 10px 0px 10px 10px; float: right;\" srcset=\"http:\/\/jordanvalleysolidarity.org\/fr\/wp-content\/uploads\/sites\/2\/2015\/07\/water_tank_confiscated_7July15.jpg 640w, http:\/\/jordanvalleysolidarity.org\/fr\/wp-content\/uploads\/sites\/2\/2015\/07\/water_tank_confiscated_7July15-300x225.jpg 300w\" sizes=\"(max-width: 400px) 100vw, 400px\" \/>Le 7 juillet,&nbsp; encore une fois, , les forces d&rsquo;occupation isra&eacute;liennes ont confisqu&eacute; un tracteur et une citerne d&rsquo;eau appartenant &agrave; Mohammed Al Kabna. Son fils Sulaima utilisait cette importante et lourde machine pour alimenter sa famille en besoins d&rsquo;eau quotidienne.<\/p>\n<p>La police isra&eacute;lienne agit tr&egrave;s souvent contre les communaut&eacute;s Palestiniennes agricoles qui vivent dans la Vall&eacute;e du Jourdain afin de rendre leur vie aussi difficile que possible , c&rsquo;est une strat&eacute;gie qui vise &agrave; les faire partir et &agrave; abandonner leur terre.<\/p>\n<p>Cet &eacute;quipement est indispensable pour les Palestiniens qui doivent se procurer de l&rsquo;eau et la redistribuer autour d&rsquo;eux, puisqu&rsquo;Isra&eacute;l a la main mise pour environ 98% de toutes les r&eacute;serves d&rsquo;eau et des sources naturelles , sources situ&eacute;es souvent &agrave; quelques m&ecirc;tres seulement des habitations palestiniennes.<\/p>\n<p>Les agriculteurs Palestiniens voudraient avoir acc&egrave;s &agrave; ces r&eacute;serves d&rsquo;eau , ce qui leur est interdit par la pr&eacute;sence des colonies ill&eacute;gales qui les menacent et exercent sur eux des violences.<\/p>\n<!-- AddThis Advanced Settings generic via filter on the_content --><!-- AddThis Share Buttons generic via filter on the_content -->","protected":false},"excerpt":{"rendered":"<p>&nbsp;Le 7 juillet,&nbsp; encore une fois, , les forces d&rsquo;occupation isra&eacute;liennes ont confisqu&eacute; un tracteur et une citerne d&rsquo;eau appartenant [&hellip;]<!-- AddThis Advanced Settings generic via filter on get_the_excerpt --><!-- AddThis Share Buttons generic via filter on get_the_excerpt --><\/p>\n","protected":false},"author":1,"featured_media":1639,"comment_status":"open","ping_status":"open","sticky":false,"template":"","format":"standard","meta":{"footnotes":""},"categories":[18],"tags":[],"yoast_head":"<!-- This site is optimized with the Yoast SEO plugin v22.8 - https:\/\/yoast.com\/wordpress\/plugins\/seo\/ -->\n<title>L&#039;occupation isra\u00e9lienne vole les citernes de r\u00e9serve d&#039;eau des Palestiniens - Jordan Valley Solidarity FR<\/title>\n<meta name=\"robots\" content=\"index, follow, max-snippet:-1, max-image-preview:large, max-video-preview:-1\" \/>\n<link rel=\"canonical\" href=\"http:\/\/jordanvalleysolidarity.org\/fr\/actualite\/l-occupation-israelienne-vole-les-citernes-de-reserve-d-eau-des-palestiniens\/\" \/>\n<meta property=\"og:locale\" content=\"fr_FR\" \/>\n<meta property=\"og:type\" content=\"article\" \/>\n<meta property=\"og:title\" content=\"L&#039;occupation isra\u00e9lienne vole les citernes de r\u00e9serve d&#039;eau des Palestiniens - Jordan Valley Solidarity FR\" \/>\n<meta property=\"og:description\" content=\"&nbsp;Le 7 juillet,&nbsp; encore une fois, , les forces d&rsquo;occupation isra&eacute;liennes ont confisqu&eacute; un tracteur et une citerne d&rsquo;eau appartenant [&hellip;]\" \/>\n<meta property=\"og:url\" content=\"http:\/\/jordanvalleysolidarity.org\/fr\/actualite\/l-occupation-israelienne-vole-les-citernes-de-reserve-d-eau-des-palestiniens\/\" \/>\n<meta property=\"og:site_name\" content=\"Jordan Valley Solidarity FR\" \/>\n<meta property=\"article:published_time\" content=\"2015-07-10T10:57:42+00:00\" \/>\n<meta property=\"article:modified_time\" content=\"2015-10-11T13:11:34+00:00\" \/>\n<meta property=\"og:image\" content=\"http:\/\/jordanvalleysolidarity.org\/fr\/wp-content\/uploads\/sites\/2\/2015\/07\/water_tank_confiscated_7July15.jpg\" \/>\n\t<meta property=\"og:image:width\" content=\"640\" \/>\n\t<meta property=\"og:image:height\" content=\"480\" \/>\n\t<meta property=\"og:image:type\" content=\"image\/jpeg\" \/>\n<meta name=\"author\" content=\"jvsadmin\" \/>\n<meta name=\"twitter:card\" content=\"summary_large_image\" \/>\n<meta name=\"twitter:label1\" content=\"\u00c9crit par\" \/>\n\t<meta name=\"twitter:data1\" content=\"jvsadmin\" \/>\n\t<meta name=\"twitter:label2\" content=\"Dur\u00e9e de lecture estim\u00e9e\" \/>\n\t<meta name=\"twitter:data2\" content=\"1 minute\" \/>\n<script type=\"application\/ld+json\" class=\"yoast-schema-graph\">{\"@context\":\"https:\/\/schema.org\",\"@graph\":[{\"@type\":\"WebPage\",\"@id\":\"http:\/\/jordanvalleysolidarity.org\/fr\/actualite\/l-occupation-israelienne-vole-les-citernes-de-reserve-d-eau-des-palestiniens\/\",\"url\":\"http:\/\/jordanvalleysolidarity.org\/fr\/actualite\/l-occupation-israelienne-vole-les-citernes-de-reserve-d-eau-des-palestiniens\/\",\"name\":\"L'occupation isra\u00e9lienne vole les citernes de r\u00e9serve d'eau des Palestiniens - Jordan Valley Solidarity FR\",\"isPartOf\":{\"@id\":\"http:\/\/jordanvalleysolidarity.org\/fr\/#website\"},\"primaryImageOfPage\":{\"@id\":\"http:\/\/jordanvalleysolidarity.org\/fr\/actualite\/l-occupation-israelienne-vole-les-citernes-de-reserve-d-eau-des-palestiniens\/#primaryimage\"},\"image\":{\"@id\":\"http:\/\/jordanvalleysolidarity.org\/fr\/actualite\/l-occupation-israelienne-vole-les-citernes-de-reserve-d-eau-des-palestiniens\/#primaryimage\"},\"thumbnailUrl\":\"http:\/\/jordanvalleysolidarity.org\/fr\/wp-content\/uploads\/sites\/2\/2015\/07\/water_tank_confiscated_7July15.jpg\",\"datePublished\":\"2015-07-10T10:57:42+00:00\",\"dateModified\":\"2015-10-11T13:11:34+00:00\",\"author\":{\"@id\":\"http:\/\/jordanvalleysolidarity.org\/fr\/#\/schema\/person\/9a6ba4dd6dc34314b80b535fb4a49416\"},\"breadcrumb\":{\"@id\":\"http:\/\/jordanvalleysolidarity.org\/fr\/actualite\/l-occupation-israelienne-vole-les-citernes-de-reserve-d-eau-des-palestiniens\/#breadcrumb\"},\"inLanguage\":\"fr-FR\",\"potentialAction\":[{\"@type\":\"ReadAction\",\"target\":[\"http:\/\/jordanvalleysolidarity.org\/fr\/actualite\/l-occupation-israelienne-vole-les-citernes-de-reserve-d-eau-des-palestiniens\/\"]}]},{\"@type\":\"ImageObject\",\"inLanguage\":\"fr-FR\",\"@id\":\"http:\/\/jordanvalleysolidarity.org\/fr\/actualite\/l-occupation-israelienne-vole-les-citernes-de-reserve-d-eau-des-palestiniens\/#primaryimage\",\"url\":\"http:\/\/jordanvalleysolidarity.org\/fr\/wp-content\/uploads\/sites\/2\/2015\/07\/water_tank_confiscated_7July15.jpg\",\"contentUrl\":\"http:\/\/jordanvalleysolidarity.org\/fr\/wp-content\/uploads\/sites\/2\/2015\/07\/water_tank_confiscated_7July15.jpg\",\"width\":640,\"height\":480},{\"@type\":\"BreadcrumbList\",\"@id\":\"http:\/\/jordanvalleysolidarity.org\/fr\/actualite\/l-occupation-israelienne-vole-les-citernes-de-reserve-d-eau-des-palestiniens\/#breadcrumb\",\"itemListElement\":[{\"@type\":\"ListItem\",\"position\":1,\"name\":\"Home\",\"item\":\"http:\/\/jordanvalleysolidarity.org\/fr\/\"},{\"@type\":\"ListItem\",\"position\":2,\"name\":\"L&rsquo;occupation isra\u00e9lienne vole les citernes de r\u00e9serve d&rsquo;eau des Palestiniens\"}]},{\"@type\":\"WebSite\",\"@id\":\"http:\/\/jordanvalleysolidarity.org\/fr\/#website\",\"url\":\"http:\/\/jordanvalleysolidarity.org\/fr\/\",\"name\":\"Jordan Valley Solidarity FR\",\"description\":\"Just another Jordan Valley Solidarity Test Sites site\",\"potentialAction\":[{\"@type\":\"SearchAction\",\"target\":{\"@type\":\"EntryPoint\",\"urlTemplate\":\"http:\/\/jordanvalleysolidarity.org\/fr\/?s={search_term_string}\"},\"query-input\":\"required name=search_term_string\"}],\"inLanguage\":\"fr-FR\"},{\"@type\":\"Person\",\"@id\":\"http:\/\/jordanvalleysolidarity.org\/fr\/#\/schema\/person\/9a6ba4dd6dc34314b80b535fb4a49416\",\"name\":\"jvsadmin\",\"image\":{\"@type\":\"ImageObject\",\"inLanguage\":\"fr-FR\",\"@id\":\"http:\/\/jordanvalleysolidarity.org\/fr\/#\/schema\/person\/image\/\",\"url\":\"http:\/\/0.gravatar.com\/avatar\/3d310b98c27b561cfb32ff94bad7cb9a?s=96&d=mm&r=g\",\"contentUrl\":\"http:\/\/0.gravatar.com\/avatar\/3d310b98c27b561cfb32ff94bad7cb9a?s=96&d=mm&r=g\",\"caption\":\"jvsadmin\"},\"url\":\"http:\/\/jordanvalleysolidarity.org\/fr\/author\/jvsadmin\/\"}]}<\/script>\n<!-- \/ Yoast SEO plugin. -->","yoast_head_json":{"title":"L'occupation isra\u00e9lienne vole les citernes de r\u00e9serve d'eau des Palestiniens - Jordan Valley Solidarity FR","robots":{"index":"index","follow":"follow","max-snippet":"max-snippet:-1","max-image-preview":"max-image-preview:large","max-video-preview":"max-video-preview:-1"},"canonical":"http:\/\/jordanvalleysolidarity.org\/fr\/actualite\/l-occupation-israelienne-vole-les-citernes-de-reserve-d-eau-des-palestiniens\/","og_locale":"fr_FR","og_type":"article","og_title":"L'occupation isra\u00e9lienne vole les citernes de r\u00e9serve d'eau des Palestiniens - Jordan Valley Solidarity FR","og_description":"&nbsp;Le 7 juillet,&nbsp; encore une fois, , les forces d&rsquo;occupation isra&eacute;liennes ont confisqu&eacute; un tracteur et une citerne d&rsquo;eau appartenant [&hellip;]","og_url":"http:\/\/jordanvalleysolidarity.org\/fr\/actualite\/l-occupation-israelienne-vole-les-citernes-de-reserve-d-eau-des-palestiniens\/","og_site_name":"Jordan Valley Solidarity FR","article_published_time":"2015-07-10T10:57:42+00:00","article_modified_time":"2015-10-11T13:11:34+00:00","og_image":[{"width":640,"height":480,"url":"http:\/\/jordanvalleysolidarity.org\/fr\/wp-content\/uploads\/sites\/2\/2015\/07\/water_tank_confiscated_7July15.jpg","type":"image\/jpeg"}],"author":"jvsadmin","twitter_card":"summary_large_image","twitter_misc":{"\u00c9crit par":"jvsadmin","Dur\u00e9e de lecture estim\u00e9e":"1 minute"},"schema":{"@context":"https:\/\/schema.org","@graph":[{"@type":"WebPage","@id":"http:\/\/jordanvalleysolidarity.org\/fr\/actualite\/l-occupation-israelienne-vole-les-citernes-de-reserve-d-eau-des-palestiniens\/","url":"http:\/\/jordanvalleysolidarity.org\/fr\/actualite\/l-occupation-israelienne-vole-les-citernes-de-reserve-d-eau-des-palestiniens\/","name":"L'occupation isra\u00e9lienne vole les citernes de r\u00e9serve d'eau des Palestiniens - Jordan Valley Solidarity FR","isPartOf":{"@id":"http:\/\/jordanvalleysolidarity.org\/fr\/#website"},"primaryImageOfPage":{"@id":"http:\/\/jordanvalleysolidarity.org\/fr\/actualite\/l-occupation-israelienne-vole-les-citernes-de-reserve-d-eau-des-palestiniens\/#primaryimage"},"image":{"@id":"http:\/\/jordanvalleysolidarity.org\/fr\/actualite\/l-occupation-israelienne-vole-les-citernes-de-reserve-d-eau-des-palestiniens\/#primaryimage"},"thumbnailUrl":"http:\/\/jordanvalleysolidarity.org\/fr\/wp-content\/uploads\/sites\/2\/2015\/07\/water_tank_confiscated_7July15.jpg","datePublished":"2015-07-10T10:57:42+00:00","dateModified":"2015-10-11T13:11:34+00:00","author":{"@id":"http:\/\/jordanvalleysolidarity.org\/fr\/#\/schema\/person\/9a6ba4dd6dc34314b80b535fb4a49416"},"breadcrumb":{"@id":"http:\/\/jordanvalleysolidarity.org\/fr\/actualite\/l-occupation-israelienne-vole-les-citernes-de-reserve-d-eau-des-palestiniens\/#breadcrumb"},"inLanguage":"fr-FR","potentialAction":[{"@type":"ReadAction","target":["http:\/\/jordanvalleysolidarity.org\/fr\/actualite\/l-occupation-israelienne-vole-les-citernes-de-reserve-d-eau-des-palestiniens\/"]}]},{"@type":"ImageObject","inLanguage":"fr-FR","@id":"http:\/\/jordanvalleysolidarity.org\/fr\/actualite\/l-occupation-israelienne-vole-les-citernes-de-reserve-d-eau-des-palestiniens\/#primaryimage","url":"http:\/\/jordanvalleysolidarity.org\/fr\/wp-content\/uploads\/sites\/2\/2015\/07\/water_tank_confiscated_7July15.jpg","contentUrl":"http:\/\/jordanvalleysolidarity.org\/fr\/wp-content\/uploads\/sites\/2\/2015\/07\/water_tank_confiscated_7July15.jpg","width":640,"height":480},{"@type":"BreadcrumbList","@id":"http:\/\/jordanvalleysolidarity.org\/fr\/actualite\/l-occupation-israelienne-vole-les-citernes-de-reserve-d-eau-des-palestiniens\/#breadcrumb","itemListElement":[{"@type":"ListItem","position":1,"name":"Home","item":"http:\/\/jordanvalleysolidarity.org\/fr\/"},{"@type":"ListItem","position":2,"name":"L&rsquo;occupation isra\u00e9lienne vole les citernes de r\u00e9serve d&rsquo;eau des Palestiniens"}]},{"@type":"WebSite","@id":"http:\/\/jordanvalleysolidarity.org\/fr\/#website","url":"http:\/\/jordanvalleysolidarity.org\/fr\/","name":"Jordan Valley Solidarity FR","description":"Just another Jordan Valley Solidarity Test Sites site","potentialAction":[{"@type":"SearchAction","target":{"@type":"EntryPoint","urlTemplate":"http:\/\/jordanvalleysolidarity.org\/fr\/?s={search_term_string}"},"query-input":"required name=search_term_string"}],"inLanguage":"fr-FR"},{"@type":"Person","@id":"http:\/\/jordanvalleysolidarity.org\/fr\/#\/schema\/person\/9a6ba4dd6dc34314b80b535fb4a49416","name":"jvsadmin","image":{"@type":"ImageObject","inLanguage":"fr-FR","@id":"http:\/\/jordanvalleysolidarity.org\/fr\/#\/schema\/person\/image\/","url":"http:\/\/0.gravatar.com\/avatar\/3d310b98c27b561cfb32ff94bad7cb9a?s=96&d=mm&r=g","contentUrl":"http:\/\/0.gravatar.com\/avatar\/3d310b98c27b561cfb32ff94bad7cb9a?s=96&d=mm&r=g","caption":"jvsadmin"},"url":"http:\/\/jordanvalleysolidarity.org\/fr\/author\/jvsadmin\/"}]}},"_links":{"self":[{"href":"http:\/\/jordanvalleysolidarity.org\/fr\/wp-json\/wp\/v2\/posts\/1642"}],"collection":[{"href":"http:\/\/jordanvalleysolidarity.org\/fr\/wp-json\/wp\/v2\/posts"}],"about":[{"href":"http:\/\/jordanvalleysolidarity.org\/fr\/wp-json\/wp\/v2\/types\/post"}],"author":[{"embeddable":true,"href":"http:\/\/jordanvalleysolidarity.org\/fr\/wp-json\/wp\/v2\/users\/1"}],"replies":[{"embeddable":true,"href":"http:\/\/jordanvalleysolidarity.org\/fr\/wp-json\/wp\/v2\/comments?post=1642"}],"version-history":[{"count":1,"href":"http:\/\/jordanvalleysolidarity.org\/fr\/wp-json\/wp\/v2\/posts\/1642\/revisions"}],"predecessor-version":[{"id":2467,"href":"http:\/\/jordanvalleysolidarity.org\/fr\/wp-json\/wp\/v2\/posts\/1642\/revisions\/2467"}],"wp:featuredmedia":[{"embeddable":true,"href":"http:\/\/jordanvalleysolidarity.org\/fr\/wp-json\/wp\/v2\/media\/1639"}],"wp:attachment":[{"href":"http:\/\/jordanvalleysolidarity.org\/fr\/wp-json\/wp\/v2\/media?parent=1642"}],"wp:term":[{"taxonomy":"category","embeddable":true,"href":"http:\/\/jordanvalleysolidarity.org\/fr\/wp-json\/wp\/v2\/categories?post=1642"},{"taxonomy":"post_tag","embeddable":true,"href":"http:\/\/jordanvalleysolidarity.org\/fr\/wp-json\/wp\/v2\/tags?post=1642"}],"curies":[{"name":"wp","href":"https:\/\/api.w.org\/{rel}","templated":true}]}}