{"id":1606,"date":"2015-05-08T19:31:40","date_gmt":"2015-05-08T18:31:40","guid":{"rendered":"http:\/\/jordanvalleysolidarity.org\/fr\/2015\/05\/08\/appel-a-l-union-europeenne-agissez-maintenant-pour-mettre-fin-aux-militaires-israeliens-en-zones-habitees-par-des-civils\/"},"modified":"2015-12-18T20:22:38","modified_gmt":"2015-12-18T20:22:38","slug":"appel-a-l-union-europeenne-agissez-maintenant-pour-mettre-fin-aux-militaires-israeliens-en-zones-habitees-par-des-civils","status":"publish","type":"post","link":"http:\/\/jordanvalleysolidarity.org\/fr\/actualite\/appel-a-l-union-europeenne-agissez-maintenant-pour-mettre-fin-aux-militaires-israeliens-en-zones-habitees-par-des-civils\/","title":{"rendered":"Appel \u00e0 l&rsquo;Union Europ\u00e9enne \u2013 Agissez maintenant pour mettre fin aux militaires isra\u00e9liens en zones habit\u00e9es par des civils"},"content":{"rendered":"<h1 class=\"western\" style=\"font-variant: normal; font-style: normal; text-decoration: none;\"><span style=\"color: #000000;\"><span style=\"font-family: Calibri,sans-serif;\"><span style=\"font-size: medium;\"><strong><span style=\"background: none repeat scroll 0% 0% transparent;\">Appel \u00e0 l&rsquo;Union Europ\u00e9enne \u2013 Agissez maintenant pour mettre fin aux militaires isra\u00e9liens en zones habit\u00e9es par des civils<\/span><\/strong><\/span><\/span><\/span><\/h1>\n<p style=\"margin-bottom: 0.4cm; padding: 0cm; font-variant: normal; font-style: normal; font-weight: normal; line-height: 0.61cm; orphans: 1;\"><span style=\"color: #000000;\"><img loading=\"lazy\" decoding=\"async\" class=\" size-full wp-image-1592\" src=\"http:\/\/jordanvalleysolidarity.org\/fr\/wp-content\/uploads\/sites\/2\/2015\/05\/IMG_0645a.JPG\" alt=\"\" width=\"352\" height=\"291\" name=\"images1\" border=\"1\" hspace=\"5\" vspace=\"10\" srcset=\"http:\/\/jordanvalleysolidarity.org\/fr\/wp-content\/uploads\/sites\/2\/2015\/05\/IMG_0645a.JPG 1000w, http:\/\/jordanvalleysolidarity.org\/fr\/wp-content\/uploads\/sites\/2\/2015\/05\/IMG_0645a-300x248.jpg 300w\" sizes=\"(max-width: 352px) 100vw, 352px\" \/><\/span><\/p>\n<p style=\"margin-bottom: 0.4cm; padding: 0cm; font-variant: normal; font-style: normal; font-weight: normal; line-height: 0.61cm; orphans: 1;\"><span style=\"color: #000000;\"><span style=\"font-family: Calibri,sans-serif;\"><span style=\"font-size: small;\">Aujourd&rsquo;hui, le 4 mai 2015, les organisations <em>Land Defense Coalisation<\/em> et <em>Jordan Valley Solidarity<\/em> ont envoy\u00e9 une lettre \u00e0 la Commission Europ\u00e9enne et aux missions diplomatiques de ses \u00c9tats membres. Elles demandent une action d&rsquo;urgence, et la d\u00e9nonciation des exercices militaires d&rsquo;une dur\u00e9e et d&rsquo;une \u00e9tendue sans pr\u00e9c\u00e9dent que l&rsquo;arm\u00e9e isra\u00e9lienne effectue en ce moment dans la vall\u00e9e du Jourdain, \u00e0 l&rsquo;est des Territoires Palestiniens Occup\u00e9s. <\/span><\/span><\/span><\/p>\n<p style=\"margin-bottom: 0.4cm; padding: 0cm; font-variant: normal; font-style: normal; font-weight: normal; line-height: 0.61cm; orphans: 1;\"><span style=\"color: #000000;\"><span style=\"font-family: Calibri,sans-serif;\"><span style=\"font-size: small;\">Les organisations demandent une action claire, comprenant la suspension de l&rsquo;accord commercial entre l&rsquo;Union Europ\u00e9enne et l\u2019\u00c9tat d&rsquo;Isra\u00ebl, et l&rsquo;exclusion imm\u00e9diate des entreprises de d\u00e9fense et de s\u00e9curit\u00e9 isra\u00e9liennes du fond europ\u00e9en Horizon2020. <\/span><\/span><\/span><\/p>\n<p style=\"margin-bottom: 0.4cm; padding: 0cm; font-variant: normal; font-style: normal; font-weight: normal; line-height: 0.61cm; orphans: 1;\"><span style=\"color: #000000;\"><span style=\"font-family: Calibri,sans-serif;\"><span style=\"font-size: small;\">Ci-dessous, vous pouvez lire la lettre dans son ensemble\u00a0: <\/span><\/span><\/span><\/p>\n<p style=\"margin-bottom: 0.4cm; padding: 0cm; font-variant: normal; font-style: normal; font-weight: normal; line-height: 0.61cm; orphans: 1;\"><span style=\"color: #000000;\"><span style=\"font-family: Calibri,sans-serif;\"><span style=\"font-size: small;\">Nous demandons \u00e0 nos soutiens internationaux d&rsquo;en appeler \u00e0 leurs repr\u00e9sentants \u00e9lus pour exercer une pression sur les forces de l&rsquo;occupation, afin de METTRE UN TERME AUX ENTRA\u00ceNEMENTS MILITAIRES dans la vall\u00e9e du Jourdain. <\/span><\/span><\/span><\/p>\n<p style=\"margin-bottom: 0.4cm; padding: 0cm; font-variant: normal; font-weight: normal; line-height: 0.61cm; orphans: 1;\"><span style=\"color: #000000;\"><span style=\"font-family: Calibri,sans-serif;\"><span style=\"font-size: small;\"><em>Jordan Valley Solidarity, le 4 mai 2015<\/em><\/span><\/span><\/span><\/p>\n<p style=\"margin-bottom: 0.4cm; padding: 0cm; font-variant: normal; font-weight: normal; line-height: 0.61cm; orphans: 1;\"><span style=\"color: #000000;\"><span style=\"font-family: Calibri,sans-serif;\"><span style=\"font-size: small;\"><em>A l&rsquo;attention de\u00a0: La Repr\u00e9sentation de L&rsquo;Union Europ\u00e9enne pour la Cisjordanie et la Bande de Gaza, Missions diplomatiques des \u00c9tats Membres de l&rsquo;Union Europ\u00e9enne<\/em><\/span><\/span><\/span><\/p>\n<p style=\"margin-bottom: 0cm; padding: 0cm; line-height: 0.61cm; orphans: 1;\"><em><span style=\"font-variant: normal;\"><span style=\"color: #000000;\"><span style=\"font-family: Calibri,sans-serif;\"><span style=\"font-size: small;\"><span style=\"font-style: normal;\"><span style=\"text-decoration: underline;\"><span style=\"font-weight: normal;\"><span style=\"background: none repeat scroll 0% 0% transparent;\">Objet\u00a0<\/span><\/span><\/span><\/span><\/span><\/span><\/span><\/span><\/em><em><span style=\"font-variant: normal;\"><span style=\"color: #000000;\"><span style=\"font-family: Calibri,sans-serif;\"><span style=\"font-size: small;\"><span style=\"font-style: normal;\"><span style=\"font-weight: normal;\"><span style=\"background: none repeat scroll 0% 0% transparent;\">: appel \u00e0 la mise en place d&rsquo;une action d&rsquo;urgence contre un entra\u00eenement militaire \u00e0 grande \u00e9chelle de l&rsquo;arm\u00e9e isra\u00e9lienne dans la vall\u00e9e du Jourdain<\/span><\/span><\/span><\/span><\/span><\/span><\/span><\/em><\/p>\n<p style=\"margin-bottom: 0cm; padding: 0cm; line-height: 0.61cm; orphans: 1;\"><em><span style=\"font-variant: normal;\"><span style=\"color: #000000;\"><span style=\"font-family: Calibri,sans-serif;\"><span style=\"font-size: small;\"><span style=\"font-style: normal;\"><span style=\"font-weight: normal;\"><span style=\"background: none repeat scroll 0% 0% transparent;\">Madame, Monsieur,<\/span><\/span><\/span><\/span><\/span><\/span><\/span><\/em><\/p>\n<p style=\"margin-bottom: 0cm; padding: 0cm; line-height: 0.61cm; orphans: 1;\"><em><span style=\"font-variant: normal;\"><span style=\"color: #000000;\"><span style=\"font-family: Calibri,sans-serif;\"><span style=\"font-size: small;\"><span style=\"font-style: normal;\"><span style=\"font-weight: normal;\"><span style=\"background: none repeat scroll 0% 0% transparent;\">Nous vous \u00e9crivons pour vous demander a) Une intervention d&rsquo;urgence au nom du respect du droit international humanitaire et au travers des canaux diplomatiques appropri\u00e9s, pour exiger des autorit\u00e9s isra\u00e9liennes un arr\u00eat imm\u00e9diat des entra\u00eenements militaires actuellement en cours dans la vall\u00e9e du Jourdain. Ces entra\u00eenements sont effectu\u00e9s avec une envergure sans pr\u00e9c\u00e9dent depuis le dimanche 3 mai, et doivent d&rsquo;\u00e9tirer pour l&rsquo;instant jusqu&rsquo;au jeudi 7 mai. b) D&rsquo;exercer une pression sur les autorit\u00e9s isra\u00e9liennes afin qu&rsquo;elles mettent fin \u00e0 la pratique des exercices militaires et \u00e0 l&rsquo;existence de zones d&rsquo;entra\u00eenements militaires (\u00ab\u00a0firing zones\u00a0\u00bb) dans les Territoires Palestiniens Occup\u00e9s. c) De prendre des mesures d&rsquo;envergure pour mettre un terme au transfert forc\u00e9 de population effectu\u00e9 par l\u2019\u00c9tat Isra\u00e9lien dans les zones C, y compris par l&rsquo;exclusion des forces de s\u00e9curit\u00e9s et des compagnies de d\u00e9fense isra\u00e9liennes du fond europ\u00e9en Horizon2020, ainsi que par la suspension de l&rsquo;accord commercial entre Isra\u00ebl et l&rsquo;Union Europ\u00e9enne. <\/span><\/span><\/span><\/span><\/span><\/span><\/span><\/em><\/p>\n<p style=\"margin-bottom: 0cm; padding: 0cm; line-height: 0.61cm; orphans: 1;\"><em><span style=\"font-variant: normal;\"><span style=\"color: #000000;\"><span style=\"font-family: Calibri,sans-serif;\"><span style=\"font-size: small;\"><span style=\"font-style: normal;\"><span style=\"font-weight: normal;\"><span style=\"background: none repeat scroll 0% 0% transparent;\">Depuis le dimanche 3 mai 2015, un entra\u00eenement militaire isra\u00e9lien \u00e0 l&rsquo;artillerie lourde est en cours \u00e0 Twayyel,dans la r\u00e9gion d&rsquo;Aqraba au nord de la Vall\u00e9e du Jourdain. Selon des t\u00e9moins, il y aurait plus de cent v\u00e9hicules de l&rsquo;arm\u00e9e, y compris des h\u00e9licopt\u00e8res et de l&rsquo;artillerie. La population palestinienne locale n&rsquo;a pas \u00e9t\u00e9 mise au courant de la tenue de ces exercices, et a seulement \u00e9t\u00e9 alert\u00e9e de leur imminence lorsqu&rsquo;elles ont vu une base militaire provisoire \u00eatre construire une semaine auparavant. De nombreuses familles vivent dans cette zone, et sont r\u00e9guli\u00e8rement victimes de la mise en p\u00e9ril de leurs vies, de leurs maisons et de leurs cultures. <\/span><\/span><\/span><\/span><\/span><\/span><\/span><\/em><\/p>\n<p style=\"margin-bottom: 0cm; padding: 0cm; line-height: 0.61cm; orphans: 1;\"><em><span style=\"font-variant: normal;\"><span style=\"color: #000000;\"><span style=\"font-family: Calibri,sans-serif;\"><span style=\"font-size: small;\"><span style=\"font-style: normal;\"><span style=\"font-weight: normal;\"><span style=\"background: none repeat scroll 0% 0% transparent;\">Le 30 avril 2015, l&rsquo;arm\u00e9e isra\u00e9lienne a rendu visite aux familles de b\u00e9douins vivant dans la zone situ\u00e9e autour du checkpoint de Hamra, qui inclue les villages de Humsa Fouqa, Khirbet Ibziq, al Borj, al Meeta al Maleh, et Ras ar Ahmar, et les a contraint \u00e0 signer des papiers les obligeant \u00e0 quitter la zone entre le lundi 4 mai et le jeudi 7 mai, car l&rsquo;arm\u00e9e avait l&rsquo;intention d&rsquo;y effectuer un entra\u00eenement militaire. Ces communaut\u00e9s comprennent 47 familles. <\/span><\/span><\/span><\/span><\/span><\/span><\/span><\/em><\/p>\n<p style=\"margin-bottom: 0cm; padding: 0cm; line-height: 0.61cm; orphans: 1;\"><em><span style=\"font-variant: normal;\"><span style=\"color: #000000;\"><span style=\"font-family: Calibri,sans-serif;\"><span style=\"font-size: small;\"><span style=\"font-style: normal;\"><span style=\"font-weight: normal;\"><span style=\"background: none repeat scroll 0% 0% transparent;\">Depuis ce matin, le 4 mai, des explosions ont lieu dans la zone, similaires \u00e0 celles entendues lors de l\u2019entra\u00eenement militaire qui avait pris place dans la r\u00e9gion de Humsa Fouqa le 28 avril 2015. Cet entra\u00eenement avait eu pour cons\u00e9quence la destruction de plus de 300 hectares de cultures et de plantations par l&rsquo;utilisation de munitions qui avaient provoqu\u00e9 un feu sur les champs palestiniens. Les pompiers palestiniens s&rsquo;\u00e9taient alors vu interdire l&rsquo;acc\u00e8s \u00e0 la zone. <\/span><\/span><\/span><\/span><\/span><\/span><\/span><\/em><\/p>\n<p style=\"margin-bottom: 0cm; padding: 0cm; line-height: 0.61cm; orphans: 1;\"><em><span style=\"font-variant: normal;\"><span style=\"color: #000000;\"><span style=\"font-family: Calibri,sans-serif;\"><span style=\"font-size: small;\"><span style=\"font-style: normal;\"><span style=\"font-weight: normal;\"><span style=\"background: none repeat scroll 0% 0% transparent;\">Certaines familles ont aujourd&rsquo;hui quitt\u00e9 la zone, mais la plupart d&rsquo;entre elles a d\u00e9cid\u00e9 de rester sur place, autour du checkpoint de Hamra, dans leur maison. Leurs vies sont menac\u00e9es \u00e0 tout moment par les tirs de missiles qui ont lieu autour de leurs villages. Mais toutes sont trop inqui\u00e8tes pour leurs cultures, qui sont leur seul moyen de survie. Elles pourraient \u00eatre d\u00e9truites par un feu, ou l&rsquo;arm\u00e9e isra\u00e9lienne pourrait d\u00e9placer leurs stocks. Alors que nous sommes en pleine saison d&rsquo;agnelage, cela pourrait entra\u00eener la perte d&rsquo;un grand nombre de b\u00eates. De plus, les communaut\u00e9s rest\u00e9es sur place s&rsquo;inqui\u00e8te pour leurs biens\u00a0: leurs maisons et leurs r\u00e9servoirs d&rsquo;eau pourraient \u00eatre endommag\u00e9s ou d\u00e9truits, et leurs troupeaux sont en danger.<\/span><\/span><\/span><\/span><\/span><\/span><\/span><\/em><\/p>\n<p style=\"margin-bottom: 0cm; padding: 0cm; line-height: 0.61cm; orphans: 1;\"><em><span style=\"font-variant: normal;\"><span style=\"color: #000000;\"><span style=\"font-family: Calibri,sans-serif;\"><span style=\"font-size: small;\"><span style=\"font-style: normal;\"><span style=\"font-weight: normal;\"><span style=\"background: none repeat scroll 0% 0% transparent;\">Le nombre d&rsquo;entra\u00eenements militaires dans la vall\u00e9e du Jourdain a dramatiquement augment\u00e9 depuis 2012, et ne sont qu&rsquo;une partie des techniques mises en \u0153uvre par les autorit\u00e9s isra\u00e9liennes pour forcer indirectement la population palestinienne \u00e0 quitter la zone C. Ces techniques vont de la d\u00e9molition de maisons \u00e0 l&rsquo;interdiction d&rsquo;acc\u00e8s \u00e0 l&rsquo;eau potable, en passant pas de s\u00e9v\u00e8res restrictions de mouvement dans la vall\u00e9e. Les communaut\u00e9s b\u00e9douines qui vivent dans la r\u00e9gion, telle que celles concern\u00e9es par les entra\u00eenements aujourd&rsquo;hui, sont destin\u00e9es \u00e0 \u00eatre d\u00e9plac\u00e9es vers des zones appel\u00e9es \u00ab\u00a0zones de transfert\u00a0\u00bb, actuellement en construction dans la r\u00e9gion d&rsquo;Abu Dis, et en cours de planification autour de la ville de J\u00e9richo. <\/span><\/span><\/span><\/span><\/span><\/span><\/span><\/em><\/p>\n<p style=\"margin-bottom: 0cm; padding: 0cm; line-height: 0.61cm; orphans: 1;\"><em><span style=\"font-variant: normal;\"><span style=\"color: #000000;\"><span style=\"font-family: Calibri,sans-serif;\"><span style=\"font-size: small;\"><span style=\"font-style: normal;\"><span style=\"font-weight: normal;\"><span style=\"background: none repeat scroll 0% 0% transparent;\">En mai 2014, le Colonel Einav Shalev, officiel responsable des op\u00e9rations au Commandement Central, a d\u00e9clar\u00e9 au Comit\u00e9 des Affaires \u00c9trang\u00e8res et de D\u00e9fense de la Knesset [Parlement d&rsquo;Isra\u00ebl] que \u00ab\u00a0l&rsquo;objectif d&#8217;emp\u00eacher les constructions ill\u00e9gales est l&rsquo;une des principales raisons pour lesquelles le nombre d&rsquo;entra\u00eenements des Forces de D\u00e9fenses Isra\u00e9liennes dans la vall\u00e9e du Jourdain a r\u00e9cemment augment\u00e9\u00a0\u00bb<\/span><\/span><\/span><\/span><\/span><\/span><\/span><\/em><em><a href=\"http:\/\/www.stopthewall.org\/2015\/05\/04\/letter-eu-act-now-israeli-military-training#_ftn1\" name=\"_ftnref1\">[1]<\/a><\/em><em><span style=\"font-variant: normal;\"><span style=\"color: #000000;\"><span style=\"text-decoration: none;\"><span style=\"font-family: Calibri,sans-serif;\"><span style=\"font-size: small;\"><span style=\"font-style: normal;\"><span style=\"font-weight: normal;\"><span style=\"background: none repeat scroll 0% 0% transparent;\">.<\/span><\/span><\/span><\/span><\/span><\/span><\/span><\/span><\/em><\/p>\n<p style=\"margin-bottom: 0cm; font-weight: normal;\"><span style=\"color: #000000;\"><span style=\"font-family: Calibri,sans-serif;\"><span style=\"font-size: small;\">Une fois que les populations sont transf\u00e9r\u00e9es ailleurs, la zone est disponible pour \u00eatre annex\u00e9e par l\u2019\u00c9tat Isra\u00e9lien. L&rsquo;objectif de ce dernier est de regrouper l&rsquo;ensemble de la population palestinienne sur les 13% restants de leur territoire, r\u00e9duisant ces zones palestiniennes \u00e0 de simples ghettos ou Bantoustans. <\/span><\/span><\/span><\/p>\n<p style=\"margin-bottom: 0cm; padding: 0cm; line-height: 0.61cm; orphans: 1;\"><em><span style=\"font-variant: normal;\"><span style=\"color: #000000;\"><span style=\"font-family: Calibri,sans-serif;\"><span style=\"font-size: small;\"><span style=\"font-style: normal;\"><span style=\"font-weight: normal;\"><span style=\"background: none repeat scroll 0% 0% transparent;\">Les \u00e9quipement utilis\u00e9s lors de ces op\u00e9rations militaires sont fournis en partie par des compagnies militaires isra\u00e9liennes, qui trouvent dans les exercices militaires effectu\u00e9s en Cisjordanie l&rsquo;opportunit\u00e9 de d\u00e9velopper leur technologie, et d&rsquo;en faire la d\u00e9monstration. <\/span><\/span><\/span><\/span><\/span><\/span><\/span><\/em><\/p>\n<p style=\"margin-bottom: 0cm; padding: 0cm; line-height: 0.61cm; orphans: 1;\"><em><span style=\"font-variant: normal;\"><span style=\"color: #000000;\"><span style=\"font-family: Calibri,sans-serif;\"><span style=\"font-size: small;\"><span style=\"font-style: normal;\"><span style=\"font-weight: normal;\"><span style=\"background: none repeat scroll 0% 0% transparent;\">Selon l&rsquo;OCHA [Bureau de l&rsquo;ONU pour la Coordination des Affaires Humanitaires], environ 18% de la Cisjordanie sont aujourd&rsquo;hui des zones militaires destin\u00e9es aux entra\u00eenements (\u00ab\u00a0firing zones\u00a0\u00bb<\/span><\/span><\/span><\/span><\/span><\/span><\/span><\/em><em><a href=\"http:\/\/www.stopthewall.org\/2015\/05\/04\/letter-eu-act-now-israeli-military-training#_ftn2\" name=\"_ftnref2\">[2]<\/a><\/em><em><span style=\"font-variant: normal;\"><span style=\"color: #000000;\"><span style=\"text-decoration: none;\"><span style=\"font-family: Calibri,sans-serif;\"><span style=\"font-size: small;\"><span style=\"font-style: normal;\"><span style=\"font-weight: normal;\"><span style=\"background: none repeat scroll 0% 0% transparent;\">). Cela repr\u00e9sente la m\u00eame surface que celle laiss\u00e9e sous autorit\u00e9 Palestinienne par les Accords d&rsquo;Oslo (la zone A, 17,7%). Plus de 5000 Palestiniens vivent dans les zones militaires, regroup\u00e9s au sein de 38 villages. Ce sont pour la plupart des communaut\u00e9s de b\u00e9douins qui ont fuit le d\u00e9sert du N\u00e9gev (Naqab) entre 1948 et 1952, et se sont r\u00e9fugi\u00e9s en Cisjordanie. <\/span><\/span><\/span><\/span><\/span><\/span><\/span><\/span><\/em><\/p>\n<p style=\"margin-bottom: 0cm; padding: 0cm; line-height: 0.61cm; orphans: 1;\"><em><span style=\"font-variant: normal;\"><span style=\"color: #000000;\"><span style=\"font-family: Calibri,sans-serif;\"><span style=\"font-size: small;\"><span style=\"font-style: normal;\"><span style=\"font-weight: normal;\"><span style=\"background: none repeat scroll 0% 0% transparent;\">La cr\u00e9ation de zones militaires va de pair avec une s\u00e9rie d&rsquo;atteintes aux Droits de l&rsquo;Homme, et est une grave violation des obligations d&rsquo;Isra\u00ebl envers le droit international, y compris le respect du droit \u00e0 la vie, du droit au logement, du droit d&rsquo;acc\u00e8s \u00e0 l&rsquo;eau et aux installations sanitaires. L&rsquo;Etat isra\u00e9lien ne respecte donc pas la Quatri\u00e8me Convention de Gen\u00e8ve relative \u00e0 la protection des populations civiles, qui oblige notamment \u00e0 prot\u00e9ger une population occup\u00e9e, et \u00e0 ne pas modifier la composition d\u00e9mographique de la r\u00e9gion occup\u00e9e.<\/span><\/span><\/span><\/span><\/span><\/span><\/span><\/em><\/p>\n<p style=\"margin-bottom: 0cm; padding: 0cm; line-height: 0.61cm; orphans: 1;\"><em><span style=\"font-variant: normal;\"><span style=\"color: #000000;\"><span style=\"font-family: Calibri,sans-serif;\"><span style=\"font-size: small;\"><span style=\"font-style: normal;\"><span style=\"font-weight: normal;\"><span style=\"background: none repeat scroll 0% 0% transparent;\">La Cour P\u00e9nale International a d\u00e9fini le transfert forc\u00e9 et arbitraire de populations comme un crime contre l&rsquo;humanit\u00e9 lorsqu&rsquo;il est une attaque large et syst\u00e9matique contre une population civile. C&rsquo;est ce qui est actuellement en train de se passer dans la vall\u00e9e du Jourdain. Le crime du transfert forc\u00e9 de population peut \u00eatre commis par de nombreux \u00ab\u00a0moyens coercitifs\u00a0\u00bb pour contraindre les habitants \u00e0 quitter leurs maisons. Le d\u00e9placement d&rsquo;individus, lorsqu&rsquo;il est effectu\u00e9 sur des bases discriminatoires, consiste en de la pers\u00e9cution. Le transfert de population \u00ab\u00a0destin\u00e9 \u00e0 diviser la population selon des crit\u00e8res raciaux par la cr\u00e9ation de r\u00e9serves s\u00e9par\u00e9es et de ghettos pour les membres d&rsquo;un groupe ou de groupes raciaux\u00a0\u00bb, ainsi que \u00ab\u00a0la mise en place d\u00e9lib\u00e9r\u00e9e de conditions visant \u00e0 emp\u00eacher le bon d\u00e9veloppement des droits humanitaires de base de ce(s) groupe(s), dont [\u2026] le droit \u00e0 la libert\u00e9 de mouvement et de r\u00e9sidence\u00a0\u00bb est le n\u0153ud central des politiques qui constituent le crime d&rsquo;apartheid. <\/span><\/span><\/span><\/span><\/span><\/span><\/span><\/em><\/p>\n<p style=\"margin-bottom: 0cm; padding: 0cm; line-height: 0.61cm; orphans: 1;\"><em><span style=\"font-variant: normal;\"><span style=\"color: #000000;\"><span style=\"font-family: Calibri,sans-serif;\"><span style=\"font-size: small;\"><span style=\"font-style: normal;\"><span style=\"font-weight: normal;\"><span style=\"background: none repeat scroll 0% 0% transparent;\">En 2011 d\u00e9j\u00e0, les rapports de missions des \u00e9missaires de l&rsquo;Union Europ\u00e9enne sur la zone C et le d\u00e9veloppement de l\u2019\u00c9tat palestinien<\/span><\/span><\/span><\/span><\/span><\/span><\/span><\/em><em><a href=\"http:\/\/www.stopthewall.org\/2015\/05\/04\/letter-eu-act-now-israeli-military-training#_ftn3\" name=\"_ftnref3\">[3]<\/a><\/em><em><span style=\"font-variant: normal;\"><span style=\"color: #000000;\"><span style=\"text-decoration: none;\"><span style=\"font-family: Calibri,sans-serif;\"><span style=\"font-size: small;\"><span style=\"font-style: normal;\"><span style=\"font-weight: normal;\"><span style=\"background: none repeat scroll 0% 0% transparent;\"> avaient soulign\u00e9 que la politique isra\u00e9lienne mise en place en zone C \u00ab\u00a0a pour cons\u00e9quence le transfert forc\u00e9 de la population autochtone\u00a0\u00bb. Ils avaient \u00e9galement mis l&rsquo;accent sur le maintien depuis des dizaines d&rsquo;ann\u00e9es de zones militaires et de \u00ab\u00a0firing zones\u00a0\u00bb, une pratique ill\u00e9gale et avec de graves cons\u00e9quences sur la population. <\/span><\/span><\/span><\/span><\/span><\/span><\/span><\/span><\/em><\/p>\n<p style=\"margin-bottom: 0cm; padding: 0cm; line-height: 0.61cm; orphans: 1;\"><em><span style=\"font-variant: normal;\"><span style=\"color: #000000;\"><span style=\"text-decoration: none;\"><span style=\"font-family: Calibri,sans-serif;\"><span style=\"font-size: small;\"><span style=\"font-style: normal;\"><span style=\"font-weight: normal;\"><span style=\"background: none repeat scroll 0% 0% transparent;\">En 2012, le Secr\u00e9taire G\u00e9n\u00e9ral des Nations Unies avait d\u00e9clar\u00e9 que la mise en place des \u00ab\u00a0tranferts\u00a0\u00bb rel\u00e8verait du d\u00e9placement de masse et d&rsquo;expulsions forc\u00e9es d&rsquo;individus, ce qui est interdit par le droit humanitaire international et les droits de l&rsquo;Homme. <\/span><\/span><\/span><\/span><\/span><\/span><\/span><\/span><\/em><\/p>\n<p style=\"margin-bottom: 0cm; padding: 0cm; line-height: 0.61cm; orphans: 1;\"><em><span style=\"font-variant: normal;\"><span style=\"color: #000000;\"><span style=\"text-decoration: none;\"><span style=\"font-family: Calibri,sans-serif;\"><span style=\"font-size: small;\"><span style=\"font-style: normal;\"><span style=\"font-weight: normal;\"><span style=\"background: none repeat scroll 0% 0% transparent;\">Toujours en 2012, les conclusions du Conseil sur le processus de paix au Moyen Orient avait exprim\u00e9 \u00ab\u00a0de profondes inqui\u00e9tudes concernant des pratiques sur le terrain qui sont une menace et rendent la mise en place de la solution \u00e0 deux \u00c9tats impossible\u00a0\u00bb<\/span><\/span><\/span><\/span><\/span><\/span><\/span><\/span><\/em><em><a href=\"http:\/\/www.stopthewall.org\/2015\/05\/04\/letter-eu-act-now-israeli-military-training#_ftn4\" name=\"_ftnref4\">[4]<\/a><\/em><em><span style=\"font-variant: normal;\"><span style=\"color: #000000;\"><span style=\"text-decoration: none;\"><span style=\"font-family: Calibri,sans-serif;\"><span style=\"font-size: small;\"><span style=\"font-style: normal;\"><span style=\"font-weight: normal;\"><span style=\"background: none repeat scroll 0% 0% transparent;\">, en particulier les pratiques isra\u00e9liennes de transfert forc\u00e9 dans les zones C. <\/span><\/span><\/span><\/span><\/span><\/span><\/span><\/span><\/em><\/p>\n<p style=\"margin-bottom: 0cm; padding: 0cm; line-height: 0.61cm; orphans: 1;\"><em><span style=\"font-variant: normal;\"><span style=\"color: #000000;\"><span style=\"text-decoration: none;\"><span style=\"font-family: Calibri,sans-serif;\"><span style=\"font-size: small;\"><span style=\"font-style: normal;\"><span style=\"font-weight: normal;\"><span style=\"background: none repeat scroll 0% 0% transparent;\">En 2012 \u00e9galement, la r\u00e9solution du Parlement Europ\u00e9en sur la politique en Cisjordanie et \u00e0 J\u00e9rusalem avait appel\u00e9 \u00ab\u00a0le Conseil et la Commission \u00e0 continuer \u00e0 s&rsquo;inqui\u00e9ter de ses probl\u00e8mes \u00e0 tous les niveaux de la relation bilat\u00e9rale entre l&rsquo;Union Europ\u00e9enne, l\u2019\u00c9tat d&rsquo;Isra\u00ebl et l&rsquo;Autorit\u00e9 Palestinienne\u00a0\u00bb, en soulignant que \u00ab\u00a0l&rsquo;engament de l\u2019\u00c9tat d&rsquo;Isra\u00ebl \u00e0 respecter ses obligations face au droit international humanitaire et envers la population palestinienne doit \u00eatre pris en consid\u00e9ration lors des relations bilat\u00e9rales entre les \u00c9tats de l&rsquo;Union Europ\u00e9enne et ce pays.\u00a0\u00bb<\/span><\/span><\/span><\/span><\/span><\/span><\/span><\/span><\/em><em><a href=\"http:\/\/www.stopthewall.org\/2015\/05\/04\/letter-eu-act-now-israeli-military-training#_ftn5\" name=\"_ftnref5\">[5]<\/a><\/em><\/p>\n<p style=\"margin-bottom: 0cm; padding: 0cm; line-height: 0.61cm; orphans: 1;\"><em><span style=\"font-variant: normal;\"><span style=\"color: #000000;\"><span style=\"font-family: Calibri,sans-serif;\"><span style=\"font-size: small;\"><span style=\"font-style: normal;\"><span style=\"font-weight: normal;\"><span style=\"background: none repeat scroll 0% 0% transparent;\">Le rapport sur la zone C par le d\u00e9partement du Directeur G\u00e9n\u00e9ral pour les Relations Ext\u00e9rieures de l&rsquo;Union Europ\u00e9enne avait conclu que \u00ab\u00a0rien de substantiel a \u00e9t\u00e9 accompli pour mettre en \u0153uvre les recommandations minimales fix\u00e9es par le rapport sur la zone C de 2011. Alors que l&rsquo;UE a exprim\u00e9 sa pr\u00e9occupation \u00e0 propos de l&rsquo;\u00e9tat des choses sur le terrain, une action d\u00e9cisive effective est attendue depuis longtemps \u00ab\u00a0<\/span><\/span><\/span><\/span><\/span><\/span><\/span><\/em><em><a href=\"http:\/\/www.stopthewall.org\/2015\/05\/04\/letter-eu-act-now-israeli-military-training#_ftn6\" name=\"_ftnref6\">[6]<\/a><\/em><em><span style=\"font-variant: normal;\"><span style=\"color: #000000;\"><span style=\"text-decoration: none;\"><span style=\"font-family: Calibri,sans-serif;\"><span style=\"font-size: small;\"><span style=\"font-style: normal;\"><span style=\"font-weight: normal;\"><span style=\"background: none repeat scroll 0% 0% transparent;\">, y compris la suspension de l&rsquo;accord commercial entre l\u2019\u00c9tat d&rsquo;Isra\u00ebl et l&rsquo;Union Europ\u00e9enne.<\/span><\/span><\/span><\/span><\/span><\/span><\/span><\/span><\/em><\/p>\n<p style=\"margin-bottom: 0cm; padding: 0cm; line-height: 0.61cm; orphans: 1;\"><em><span style=\"font-variant: normal;\"><span style=\"color: #000000;\"><span style=\"font-family: Calibri,sans-serif;\"><span style=\"font-size: small;\"><span style=\"font-style: normal;\"><span style=\"font-weight: normal;\"><span style=\"background: none repeat scroll 0% 0% transparent;\">En 1967, 350 000 Palestiniens vivaient dans les r\u00e9gions aujourd&rsquo;hui d\u00e9sign\u00e9es comme \u00ab\u00a0zone C\u00a0\u00bb. Aujourd&rsquo;hui, ils ne sont plus que 150 000. De nombreux repr\u00e9sentants politiques isra\u00e9liens consid\u00e8rent ce chiffre \u00ab\u00a0acceptable pour \u00eatre int\u00e9gr\u00e9 \u00e0 l&rsquo;int\u00e9rieur d&rsquo;un \u00c9tat Juif\u00a0\u00bb<\/span><\/span><\/span><\/span><\/span><\/span><\/span><\/em><em><a href=\"http:\/\/www.stopthewall.org\/2015\/05\/04\/letter-eu-act-now-israeli-military-training#_ftn7\" name=\"_ftnref7\">[7]<\/a><\/em><em><span style=\"font-variant: normal;\"><span style=\"color: #000000;\"><span style=\"text-decoration: none;\"><span style=\"font-family: Calibri,sans-serif;\"><span style=\"font-size: small;\"><span style=\"font-style: normal;\"><span style=\"font-weight: normal;\"><span style=\"background: none repeat scroll 0% 0% transparent;\">.<\/span><\/span><\/span><\/span><\/span><\/span><\/span><\/span><\/em><\/p>\n<p style=\"margin-bottom: 0cm; padding: 0cm; line-height: 0.61cm; orphans: 1;\"><em><span style=\"font-variant: normal;\"><span style=\"color: #000000;\"><span style=\"text-decoration: none;\"><span style=\"font-family: Calibri,sans-serif;\"><span style=\"font-size: small;\"><span style=\"font-style: normal;\"><span style=\"font-weight: normal;\"><span style=\"background: none repeat scroll 0% 0% transparent;\">Le transfert de population est une annexion <\/span><\/span><\/span><\/span><\/span><\/span><\/span><\/span><\/em><em><span style=\"font-variant: normal;\"><span style=\"color: #000000;\"><span style=\"text-decoration: none;\"><span style=\"font-family: Calibri,sans-serif;\"><span style=\"font-size: small;\"><em><span style=\"font-weight: normal;\"><span style=\"background: none repeat scroll 0% 0% transparent;\">de facto<\/span><\/span><\/em><\/span><\/span><\/span><\/span><\/span><\/em><em><span style=\"font-variant: normal;\"><span style=\"color: #000000;\"><span style=\"text-decoration: none;\"><span style=\"font-family: Calibri,sans-serif;\"><span style=\"font-size: small;\"><span style=\"font-style: normal;\"><span style=\"font-weight: normal;\"><span style=\"background: none repeat scroll 0% 0% transparent;\"> qui rend toute mesure formelle superflue. L&rsquo;Union Europ\u00e9enne ne doit pas attendre plus longtemps pour prendre des mesures fortes et efficaces, y compris\u00a0: <\/span><\/span><\/span><\/span><\/span><\/span><\/span><\/span><\/em><\/p>\n<ul>\n<li>\n<p style=\"margin-bottom: 0cm; padding: 0cm; line-height: 0.61cm; orphans: 1;\"><em><span style=\"font-variant: normal;\"><span style=\"color: #000000;\"><span style=\"font-family: Calibri,sans-serif;\"><span style=\"font-size: small;\"><span style=\"font-style: normal;\"><span style=\"font-weight: normal;\"><span style=\"background: none repeat scroll 0% 0% transparent;\">Une intervention d&rsquo;urgence pour mettre fin \u00e0 l&rsquo;entra\u00eenement militaire isra\u00e9lien<\/span><\/span><\/span><\/span><\/span><\/span><\/span><\/em><\/p>\n<\/li>\n<li>\n<p style=\"margin-bottom: 0cm; padding: 0cm; line-height: 0.61cm; orphans: 1;\"><em><span style=\"font-variant: normal;\"><span style=\"color: #000000;\"><span style=\"font-family: Calibri,sans-serif;\"><span style=\"font-size: small;\"><span style=\"font-style: normal;\"><span style=\"font-weight: normal;\"><span style=\"background: none repeat scroll 0% 0% transparent;\">L&rsquo;exercice d&rsquo;une pression sur les autorit\u00e9s isra\u00e9liennes pour r\u00e9voquer tous les ordres militaires cr\u00e9ant des \u00ab\u00a0zones militaires ferm\u00e9es\u00a0\u00bb et des \u00ab\u00a0zones d&rsquo;entra\u00eenements militaires\u00a0\u00bb, qui entrent en contradiction avec le droit international et sont un moyen de transfert forc\u00e9 de la population <\/span><\/span><\/span><\/span><\/span><\/span><\/span><\/em><\/p>\n<\/li>\n<li>\n<p style=\"margin-bottom: 0cm; padding: 0cm; line-height: 0.61cm; orphans: 1;\"><em><span style=\"font-variant: normal;\"><span style=\"color: #000000;\"><span style=\"font-family: Calibri,sans-serif;\"><span style=\"font-size: small;\"><span style=\"font-style: normal;\"><span style=\"font-weight: normal;\"><span style=\"background: none repeat scroll 0% 0% transparent;\">L&rsquo;exclusion imm\u00e9diate des compagnies isra\u00e9liennes de s\u00e9curit\u00e9 et de d\u00e9fense du fond europ\u00e9en Horizon2020<\/span><\/span><\/span><\/span><\/span><\/span><\/span><\/em><\/p>\n<\/li>\n<li>\n<p style=\"margin-bottom: 0cm; padding: 0cm; line-height: 0.61cm; orphans: 1;\"><em><span style=\"font-variant: normal;\"><span style=\"color: #000000;\"><span style=\"font-family: Calibri,sans-serif;\"><span style=\"font-size: small;\"><span style=\"font-style: normal;\"><span style=\"font-weight: normal;\"><span style=\"background: none repeat scroll 0% 0% transparent;\">La suspension imm\u00e9diate de l&rsquo;association commerciale avec l\u2019\u00c9tat isra\u00e9lien <\/span><\/span><\/span><\/span><\/span><\/span><\/span><\/em><\/p>\n<\/li>\n<\/ul>\n<p style=\"margin-bottom: 0cm; background: none repeat scroll 0% 0% transparent; padding: 0cm; line-height: 0.61cm; orphans: 1;\"><em><span style=\"font-variant: normal;\"><span style=\"color: #000000;\"><span style=\"font-family: Calibri,sans-serif;\"><span style=\"font-size: small;\"><span style=\"font-style: normal;\"><strong><span style=\"background: none repeat scroll 0% 0% transparent;\">La Coalition de D\u00e9fense de la Terre [The land defense coalition] et Jordan Valley Solidarity<\/span><\/strong><\/span><\/span><\/span><\/span><\/span><\/em><\/p>\n<p style=\"margin-bottom: 0cm; padding: 0cm; line-height: 0.61cm; orphans: 1;\"><em><span style=\"font-variant: normal;\"><span style=\"color: #000000;\"><span style=\"font-family: Calibri,sans-serif;\"><span style=\"font-size: small;\"><span style=\"font-style: normal;\"><span style=\"text-decoration: underline;\"><span style=\"font-weight: normal;\"><span style=\"background: none repeat scroll 0% 0% transparent;\">Les organisations membres\u00a0:<\/span><\/span><\/span><\/span><\/span><\/span><\/span><\/span><\/em><\/p>\n<ul>\n<li>\n<p style=\"margin-bottom: 0cm; background: none repeat scroll 0% 0% transparent; padding: 0cm; line-height: 0.61cm; orphans: 1;\"><em><span style=\"font-variant: normal;\"><span style=\"color: #000000;\"><span style=\"font-family: Calibri,sans-serif;\"><span style=\"font-size: small;\"><span style=\"font-style: normal;\"><span style=\"font-weight: normal;\"><span style=\"background: none repeat scroll 0% 0% transparent;\">The Popular Council to Protect the Jordan Valley<\/span><\/span><\/span><\/span><\/span><\/span><\/span><\/em><\/p>\n<\/li>\n<li>\n<p style=\"margin-bottom: 0cm; background: none repeat scroll 0% 0% transparent; padding: 0cm; line-height: 0.61cm; orphans: 1;\"><em><span style=\"font-variant: normal;\"><span style=\"color: #000000;\"><span style=\"font-family: Calibri,sans-serif;\"><span style=\"font-size: small;\"><span style=\"font-style: normal;\"><span style=\"font-weight: normal;\"><span style=\"background: none repeat scroll 0% 0% transparent;\">Stop the Wall Campaign<\/span><\/span><\/span><\/span><\/span><\/span><\/span><\/em><\/p>\n<\/li>\n<li>\n<p style=\"margin-bottom: 0cm; background: none repeat scroll 0% 0% transparent; padding: 0cm; line-height: 0.61cm; orphans: 1;\"><em><span style=\"font-variant: normal;\"><span style=\"color: #000000;\"><span style=\"font-family: Calibri,sans-serif;\"><span style=\"font-size: small;\"><span style=\"font-style: normal;\"><span style=\"font-weight: normal;\"><span style=\"background: none repeat scroll 0% 0% transparent;\">Palestinian Farmers Union<\/span><\/span><\/span><\/span><\/span><\/span><\/span><\/em><\/p>\n<\/li>\n<li>\n<p style=\"margin-bottom: 0cm; background: none repeat scroll 0% 0% transparent; padding: 0cm; line-height: 0.61cm; orphans: 1;\"><em><span style=\"font-variant: normal;\"><span style=\"color: #000000;\"><span style=\"font-family: Calibri,sans-serif;\"><span style=\"font-size: small;\"><span style=\"font-style: normal;\"><span style=\"font-weight: normal;\"><span style=\"background: none repeat scroll 0% 0% transparent;\">Palestinian New Federation of Trade Unions<\/span><\/span><\/span><\/span><\/span><\/span><\/span><\/em><\/p>\n<\/li>\n<li>\n<p style=\"margin-bottom: 0cm; background: none repeat scroll 0% 0% transparent; padding: 0cm; line-height: 0.61cm; orphans: 1;\"><em><span style=\"font-variant: normal;\"><span style=\"color: #000000;\"><span style=\"font-family: Calibri,sans-serif;\"><span style=\"font-size: small;\"><span style=\"font-style: normal;\"><span style=\"font-weight: normal;\"><span style=\"background: none repeat scroll 0% 0% transparent;\">Palestine Youth Forum<\/span><\/span><\/span><\/span><\/span><\/span><\/span><\/em><\/p>\n<\/li>\n<li>\n<p style=\"margin-bottom: 0cm; background: none repeat scroll 0% 0% transparent; padding: 0cm; line-height: 0.61cm; orphans: 1;\"><em><span style=\"font-variant: normal;\"><span style=\"color: #000000;\"><span style=\"font-family: Calibri,sans-serif;\"><span style=\"font-size: small;\"><span style=\"font-style: normal;\"><span style=\"font-weight: normal;\"><span style=\"background: none repeat scroll 0% 0% transparent;\">Association for Farmers\u2019 Rights and for the Preservation of the Environment<\/span><\/span><\/span><\/span><\/span><\/span><\/span><\/em><\/p>\n<\/li>\n<li>\n<p style=\"margin-bottom: 0cm; background: none repeat scroll 0% 0% transparent; padding: 0cm; line-height: 0.61cm; orphans: 1;\"><em><span style=\"font-variant: normal;\"><span style=\"color: #000000;\"><span style=\"font-family: Calibri,sans-serif;\"><span style=\"font-size: small;\"><span style=\"font-style: normal;\"><span style=\"font-weight: normal;\"><span style=\"background: none repeat scroll 0% 0% transparent;\">Women Center for Social Development<\/span><\/span><\/span><\/span><\/span><\/span><\/span><\/em><\/p>\n<\/li>\n<li>\n<p style=\"margin-bottom: 0cm; background: none repeat scroll 0% 0% transparent; padding: 0cm; line-height: 0.61cm; orphans: 1;\"><em><span style=\"font-variant: normal;\"><span style=\"color: #000000;\"><span style=\"font-family: Calibri,sans-serif;\"><span style=\"font-size: small;\"><span style=\"font-style: normal;\"><span style=\"font-weight: normal;\"><span style=\"background: none repeat scroll 0% 0% transparent;\">Association Jadayel\/Palestinian Center for Culture<\/span><\/span><\/span><\/span><\/span><\/span><\/span><\/em><\/p>\n<\/li>\n<li>\n<p style=\"margin-bottom: 0cm; background: none repeat scroll 0% 0% transparent; padding: 0cm; line-height: 0.61cm; orphans: 1;\"><em><span style=\"font-variant: normal;\"><span style=\"color: #000000;\"><span style=\"font-family: Calibri,sans-serif;\"><span style=\"font-size: small;\"><span style=\"font-style: normal;\"><span style=\"font-weight: normal;\"><span style=\"background: none repeat scroll 0% 0% transparent;\">Arts and Creativity<\/span><\/span><\/span><\/span><\/span><\/span><\/span><\/em><\/p>\n<\/li>\n<li>\n<p style=\"margin-bottom: 0cm; background: none repeat scroll 0% 0% transparent; padding: 0cm; line-height: 0.61cm; orphans: 1;\"><em><span style=\"font-variant: normal;\"><span style=\"color: #000000;\"><span style=\"font-family: Calibri,sans-serif;\"><span style=\"font-size: small;\"><span style=\"font-style: normal;\"><span style=\"font-weight: normal;\"><span style=\"background: none repeat scroll 0% 0% transparent;\">Palestinian Farms Society-Tulkarem<\/span><\/span><\/span><\/span><\/span><\/span><\/span><\/em><\/p>\n<\/li>\n<li>\n<p style=\"margin-bottom: 0cm; background: none repeat scroll 0% 0% transparent; padding: 0cm; line-height: 0.61cm; orphans: 1;\"><em><span style=\"font-variant: normal;\"><span style=\"color: #000000;\"><span style=\"font-family: Calibri,sans-serif;\"><span style=\"font-size: small;\"><span style=\"font-style: normal;\"><span style=\"font-weight: normal;\"><span style=\"background: none repeat scroll 0% 0% transparent;\">N&rsquo;lin Society for Development Community Work<\/span><\/span><\/span><\/span><\/span><\/span><\/span><\/em><\/p>\n<\/li>\n<li>\n<p style=\"margin-bottom: 0cm; background: none repeat scroll 0% 0% transparent; padding: 0cm; line-height: 0.61cm; orphans: 1;\"><em><span style=\"font-variant: normal;\"><span style=\"color: #000000;\"><span style=\"font-family: Calibri,sans-serif;\"><span style=\"font-size: small;\"><span style=\"font-style: normal;\"><span style=\"font-weight: normal;\"><span style=\"background: none repeat scroll 0% 0% transparent;\">Al-Amal Association for Childhood and Development<\/span><\/span><\/span><\/span><\/span><\/span><\/span><\/em><\/p>\n<\/li>\n<\/ul>\n<p style=\"margin-bottom: 0cm; padding: 0cm; line-height: 0.61cm; orphans: 1;\"><a href=\"http:\/\/www.stopthewall.org\/2015\/05\/04\/letter-eu-act-now-israeli-military-training#_ftnref1\" name=\"_ftn1\">[1]<\/a><a href=\"http:\/\/www.haaretz.com\/news\/diplomacy-defense\/.premium-1.591881\">http:\/\/www.haaretz.com\/news\/diplomacy-defense\/.premium-1.591881<\/a><\/p>\n<div id=\"ftn2\" dir=\"LTR\" style=\"background: none repeat scroll 0% 0% transparent;\">\n<p style=\"margin-bottom: 0cm; padding: 0cm; line-height: 0.61cm; orphans: 1;\"><a href=\"http:\/\/www.stopthewall.org\/2015\/05\/04\/letter-eu-act-now-israeli-military-training#_ftnref2\" name=\"_ftn2\">[2]<\/a><a href=\"https:\/\/www.ochaopt.org\/documents\/ocha_opt_firing_zone_factsheet_august_2012_english.pdf\">https:\/\/www.ochaopt.org\/documents\/ocha_opt_firing_zone_factsheet_august_2012_english.pdf<\/a><\/p>\n<\/div>\n<div id=\"ftn3\" dir=\"LTR\" style=\"background: none repeat scroll 0% 0% transparent;\">\n<p style=\"margin-bottom: 0cm; padding: 0cm; line-height: 0.61cm; orphans: 1;\"><a href=\"http:\/\/www.stopthewall.org\/2015\/05\/04\/letter-eu-act-now-israeli-military-training#_ftnref3\" name=\"_ftn3\">[3]<\/a><a href=\"http:\/\/thecepr.org\/images\/stories\/pdf\/area%20c%20%20final%20report%20july%202011.pdf\">http:\/\/thecepr.org\/images\/stories\/pdf\/area c\u00a0 final report july 2011.pdf<\/a><\/p>\n<\/div>\n<div id=\"ftn4\" dir=\"LTR\" style=\"background: none repeat scroll 0% 0% transparent;\">\n<p style=\"margin-bottom: 0cm; padding: 0cm; line-height: 0.61cm; orphans: 1;\"><a href=\"http:\/\/www.stopthewall.org\/2015\/05\/04\/letter-eu-act-now-israeli-military-training#_ftnref4\" name=\"_ftn4\">[4]<\/a><a href=\"https:\/\/www.consilium.europa.eu\/uedocs\/cms_data\/docs\/pressdata\/EN\/foraff\/130195.pdf\">https:\/\/www.consilium.europa.eu\/uedocs\/cms_data\/docs\/pressdata\/EN\/foraff\/130195.pdf<\/a><\/p>\n<\/div>\n<div id=\"ftn5\" dir=\"LTR\" style=\"background: none repeat scroll 0% 0% transparent;\">\n<p style=\"margin-bottom: 0cm; padding: 0cm; line-height: 0.61cm; orphans: 1;\"><a href=\"http:\/\/www.stopthewall.org\/2015\/05\/04\/letter-eu-act-now-israeli-military-training#_ftnref5\" name=\"_ftn5\"><span style=\"color: #000000;\"><span style=\"text-decoration: none;\"><span style=\"font-family: Calibri,sans-serif;\"><span style=\"font-size: small;\"><span style=\"font-weight: normal;\">[5]<\/span><\/span><\/span><\/span><\/span><\/a><span style=\"color: #000000;\"><span style=\"font-family: Calibri,sans-serif;\"><span style=\"font-size: small;\"><span style=\"font-weight: normal;\">\u00a0European Parliament resolution of 5 July 2012 on EU policy on the West Bank and East Jerusalem (<\/span><\/span><\/span><\/span><a href=\"http:\/\/www.europarl.europa.eu\/oeil\/popups\/ficheprocedure.do?lang=en&amp;reference=2012\/2694%28RSP%29\"><span style=\"color: #000000;\"><span style=\"text-decoration: none;\"><span style=\"font-family: Calibri,sans-serif;\"><span style=\"font-size: small;\"><span style=\"font-weight: normal;\">2012\/2694(RSP)<\/span><\/span><\/span><\/span><\/span><\/a><span style=\"color: #000000;\"><span style=\"font-family: Calibri,sans-serif;\"><span style=\"font-size: small;\"><span style=\"font-weight: normal;\">),\u00a0<\/span><\/span><\/span><\/span><a href=\"http:\/\/www.europarl.europa.eu\/sides\/getDoc.do?type=TA&amp;reference=P7-TA-2012-0298&amp;language=EN\"><span style=\"color: #000000;\"><span style=\"text-decoration: none;\"><span style=\"font-family: Calibri,sans-serif;\"><span style=\"font-size: small;\"><span style=\"font-weight: normal;\">http:\/\/www.europarl.europa.eu\/sides\/getDoc.do?type=TA&amp;reference=P7-TA-2012-0298&amp;language=EN<\/span><\/span><\/span><\/span><\/span><\/a><\/p>\n<\/div>\n<div id=\"ftn6\" dir=\"LTR\" style=\"background: none repeat scroll 0% 0% transparent;\">\n<p style=\"margin-bottom: 0cm; padding: 0cm; line-height: 0.61cm; orphans: 1;\"><a href=\"http:\/\/www.stopthewall.org\/2015\/05\/04\/letter-eu-act-now-israeli-military-training#_ftnref6\" name=\"_ftn6\">[6]<\/a><a href=\"http:\/\/www.europarl.europa.eu\/RegData\/etudes\/briefing_note\/join\/2013\/491495\/EXPO-AFET_SP%282013%29491495_EN.pdf\">http:\/\/www.europarl.europa.eu\/RegData\/etudes\/briefing_note\/join\/2013\/491495\/EXPO-AFET_SP(2013)491495_EN.pdf<\/a><\/p>\n<\/div>\n<div id=\"ftn7\" dir=\"LTR\" style=\"background: none repeat scroll 0% 0% transparent;\">\n<p style=\"margin-bottom: 0cm; padding: 0cm; line-height: 0.61cm; orphans: 1;\"><a href=\"http:\/\/www.stopthewall.org\/2015\/05\/04\/letter-eu-act-now-israeli-military-training#_ftnref7\" name=\"_ftn7\">[7]<\/a><a href=\"http:\/\/www.undp.ps\/en\/newsroom\/publications\/pdf\/other\/Bedouins%20in%20the%20occupied%20Palestinian%20territory.pdf\">http:\/\/www.undp.ps\/en\/newsroom\/publications\/pdf\/other\/Bedouins%20in%20the%20occupied%20Palestinian%20territory.pdf<\/a><\/p>\n<\/div>\n<!-- AddThis Advanced Settings generic via filter on the_content --><!-- AddThis Share Buttons generic via filter on the_content -->","protected":false},"excerpt":{"rendered":"<p>Appel \u00e0 l&rsquo;Union Europ\u00e9enne \u2013 Agissez maintenant pour mettre fin aux militaires isra\u00e9liens en zones habit\u00e9es par des civils Aujourd&rsquo;hui, [&hellip;]<!-- AddThis Advanced Settings generic via filter on get_the_excerpt --><!-- AddThis Share Buttons generic via filter on get_the_excerpt --><\/p>\n","protected":false},"author":1,"featured_media":1592,"comment_status":"open","ping_status":"open","sticky":false,"template":"","format":"standard","meta":{"footnotes":""},"categories":[18],"tags":[],"yoast_head":"<!-- This site is optimized with the Yoast SEO plugin v22.8 - https:\/\/yoast.com\/wordpress\/plugins\/seo\/ -->\n<title>Appel \u00e0 l&#039;Union Europ\u00e9enne \u2013 Agissez maintenant pour mettre fin aux militaires isra\u00e9liens en zones habit\u00e9es par des civils - Jordan Valley Solidarity FR<\/title>\n<meta name=\"robots\" content=\"index, follow, max-snippet:-1, max-image-preview:large, max-video-preview:-1\" \/>\n<link rel=\"canonical\" href=\"http:\/\/jordanvalleysolidarity.org\/fr\/actualite\/appel-a-l-union-europeenne-agissez-maintenant-pour-mettre-fin-aux-militaires-israeliens-en-zones-habitees-par-des-civils\/\" \/>\n<meta property=\"og:locale\" content=\"fr_FR\" \/>\n<meta property=\"og:type\" content=\"article\" \/>\n<meta property=\"og:title\" content=\"Appel \u00e0 l&#039;Union Europ\u00e9enne \u2013 Agissez maintenant pour mettre fin aux militaires isra\u00e9liens en zones habit\u00e9es par des civils - Jordan Valley Solidarity FR\" \/>\n<meta property=\"og:description\" content=\"Appel \u00e0 l&rsquo;Union Europ\u00e9enne \u2013 Agissez maintenant pour mettre fin aux militaires isra\u00e9liens en zones habit\u00e9es par des civils Aujourd&rsquo;hui, [&hellip;]\" \/>\n<meta property=\"og:url\" content=\"http:\/\/jordanvalleysolidarity.org\/fr\/actualite\/appel-a-l-union-europeenne-agissez-maintenant-pour-mettre-fin-aux-militaires-israeliens-en-zones-habitees-par-des-civils\/\" \/>\n<meta property=\"og:site_name\" content=\"Jordan Valley Solidarity FR\" \/>\n<meta property=\"article:published_time\" content=\"2015-05-08T18:31:40+00:00\" \/>\n<meta property=\"article:modified_time\" content=\"2015-12-18T20:22:38+00:00\" \/>\n<meta property=\"og:image\" content=\"http:\/\/jordanvalleysolidarity.org\/fr\/wp-content\/uploads\/sites\/2\/2015\/05\/IMG_0645a.JPG\" \/>\n\t<meta property=\"og:image:width\" content=\"1000\" \/>\n\t<meta property=\"og:image:height\" content=\"827\" \/>\n\t<meta property=\"og:image:type\" content=\"image\/jpeg\" \/>\n<meta name=\"author\" content=\"jvsadmin\" \/>\n<meta name=\"twitter:card\" content=\"summary_large_image\" \/>\n<meta name=\"twitter:label1\" content=\"\u00c9crit par\" \/>\n\t<meta name=\"twitter:data1\" content=\"jvsadmin\" \/>\n\t<meta name=\"twitter:label2\" content=\"Dur\u00e9e de lecture estim\u00e9e\" \/>\n\t<meta name=\"twitter:data2\" content=\"11 minutes\" \/>\n<script type=\"application\/ld+json\" class=\"yoast-schema-graph\">{\"@context\":\"https:\/\/schema.org\",\"@graph\":[{\"@type\":\"WebPage\",\"@id\":\"http:\/\/jordanvalleysolidarity.org\/fr\/actualite\/appel-a-l-union-europeenne-agissez-maintenant-pour-mettre-fin-aux-militaires-israeliens-en-zones-habitees-par-des-civils\/\",\"url\":\"http:\/\/jordanvalleysolidarity.org\/fr\/actualite\/appel-a-l-union-europeenne-agissez-maintenant-pour-mettre-fin-aux-militaires-israeliens-en-zones-habitees-par-des-civils\/\",\"name\":\"Appel \u00e0 l'Union Europ\u00e9enne \u2013 Agissez maintenant pour mettre fin aux militaires isra\u00e9liens en zones habit\u00e9es par des civils - Jordan Valley Solidarity FR\",\"isPartOf\":{\"@id\":\"http:\/\/jordanvalleysolidarity.org\/fr\/#website\"},\"primaryImageOfPage\":{\"@id\":\"http:\/\/jordanvalleysolidarity.org\/fr\/actualite\/appel-a-l-union-europeenne-agissez-maintenant-pour-mettre-fin-aux-militaires-israeliens-en-zones-habitees-par-des-civils\/#primaryimage\"},\"image\":{\"@id\":\"http:\/\/jordanvalleysolidarity.org\/fr\/actualite\/appel-a-l-union-europeenne-agissez-maintenant-pour-mettre-fin-aux-militaires-israeliens-en-zones-habitees-par-des-civils\/#primaryimage\"},\"thumbnailUrl\":\"http:\/\/jordanvalleysolidarity.org\/fr\/wp-content\/uploads\/sites\/2\/2015\/05\/IMG_0645a.JPG\",\"datePublished\":\"2015-05-08T18:31:40+00:00\",\"dateModified\":\"2015-12-18T20:22:38+00:00\",\"author\":{\"@id\":\"http:\/\/jordanvalleysolidarity.org\/fr\/#\/schema\/person\/9a6ba4dd6dc34314b80b535fb4a49416\"},\"breadcrumb\":{\"@id\":\"http:\/\/jordanvalleysolidarity.org\/fr\/actualite\/appel-a-l-union-europeenne-agissez-maintenant-pour-mettre-fin-aux-militaires-israeliens-en-zones-habitees-par-des-civils\/#breadcrumb\"},\"inLanguage\":\"fr-FR\",\"potentialAction\":[{\"@type\":\"ReadAction\",\"target\":[\"http:\/\/jordanvalleysolidarity.org\/fr\/actualite\/appel-a-l-union-europeenne-agissez-maintenant-pour-mettre-fin-aux-militaires-israeliens-en-zones-habitees-par-des-civils\/\"]}]},{\"@type\":\"ImageObject\",\"inLanguage\":\"fr-FR\",\"@id\":\"http:\/\/jordanvalleysolidarity.org\/fr\/actualite\/appel-a-l-union-europeenne-agissez-maintenant-pour-mettre-fin-aux-militaires-israeliens-en-zones-habitees-par-des-civils\/#primaryimage\",\"url\":\"http:\/\/jordanvalleysolidarity.org\/fr\/wp-content\/uploads\/sites\/2\/2015\/05\/IMG_0645a.JPG\",\"contentUrl\":\"http:\/\/jordanvalleysolidarity.org\/fr\/wp-content\/uploads\/sites\/2\/2015\/05\/IMG_0645a.JPG\",\"width\":1000,\"height\":827},{\"@type\":\"BreadcrumbList\",\"@id\":\"http:\/\/jordanvalleysolidarity.org\/fr\/actualite\/appel-a-l-union-europeenne-agissez-maintenant-pour-mettre-fin-aux-militaires-israeliens-en-zones-habitees-par-des-civils\/#breadcrumb\",\"itemListElement\":[{\"@type\":\"ListItem\",\"position\":1,\"name\":\"Home\",\"item\":\"http:\/\/jordanvalleysolidarity.org\/fr\/\"},{\"@type\":\"ListItem\",\"position\":2,\"name\":\"Appel \u00e0 l&rsquo;Union Europ\u00e9enne \u2013 Agissez maintenant pour mettre fin aux militaires isra\u00e9liens en zones habit\u00e9es par des civils\"}]},{\"@type\":\"WebSite\",\"@id\":\"http:\/\/jordanvalleysolidarity.org\/fr\/#website\",\"url\":\"http:\/\/jordanvalleysolidarity.org\/fr\/\",\"name\":\"Jordan Valley Solidarity FR\",\"description\":\"Just another Jordan Valley Solidarity Test Sites site\",\"potentialAction\":[{\"@type\":\"SearchAction\",\"target\":{\"@type\":\"EntryPoint\",\"urlTemplate\":\"http:\/\/jordanvalleysolidarity.org\/fr\/?s={search_term_string}\"},\"query-input\":\"required name=search_term_string\"}],\"inLanguage\":\"fr-FR\"},{\"@type\":\"Person\",\"@id\":\"http:\/\/jordanvalleysolidarity.org\/fr\/#\/schema\/person\/9a6ba4dd6dc34314b80b535fb4a49416\",\"name\":\"jvsadmin\",\"image\":{\"@type\":\"ImageObject\",\"inLanguage\":\"fr-FR\",\"@id\":\"http:\/\/jordanvalleysolidarity.org\/fr\/#\/schema\/person\/image\/\",\"url\":\"http:\/\/0.gravatar.com\/avatar\/3d310b98c27b561cfb32ff94bad7cb9a?s=96&d=mm&r=g\",\"contentUrl\":\"http:\/\/0.gravatar.com\/avatar\/3d310b98c27b561cfb32ff94bad7cb9a?s=96&d=mm&r=g\",\"caption\":\"jvsadmin\"},\"url\":\"http:\/\/jordanvalleysolidarity.org\/fr\/author\/jvsadmin\/\"}]}<\/script>\n<!-- \/ Yoast SEO plugin. -->","yoast_head_json":{"title":"Appel \u00e0 l'Union Europ\u00e9enne \u2013 Agissez maintenant pour mettre fin aux militaires isra\u00e9liens en zones habit\u00e9es par des civils - Jordan Valley Solidarity FR","robots":{"index":"index","follow":"follow","max-snippet":"max-snippet:-1","max-image-preview":"max-image-preview:large","max-video-preview":"max-video-preview:-1"},"canonical":"http:\/\/jordanvalleysolidarity.org\/fr\/actualite\/appel-a-l-union-europeenne-agissez-maintenant-pour-mettre-fin-aux-militaires-israeliens-en-zones-habitees-par-des-civils\/","og_locale":"fr_FR","og_type":"article","og_title":"Appel \u00e0 l'Union Europ\u00e9enne \u2013 Agissez maintenant pour mettre fin aux militaires isra\u00e9liens en zones habit\u00e9es par des civils - Jordan Valley Solidarity FR","og_description":"Appel \u00e0 l&rsquo;Union Europ\u00e9enne \u2013 Agissez maintenant pour mettre fin aux militaires isra\u00e9liens en zones habit\u00e9es par des civils Aujourd&rsquo;hui, [&hellip;]","og_url":"http:\/\/jordanvalleysolidarity.org\/fr\/actualite\/appel-a-l-union-europeenne-agissez-maintenant-pour-mettre-fin-aux-militaires-israeliens-en-zones-habitees-par-des-civils\/","og_site_name":"Jordan Valley Solidarity FR","article_published_time":"2015-05-08T18:31:40+00:00","article_modified_time":"2015-12-18T20:22:38+00:00","og_image":[{"width":1000,"height":827,"url":"http:\/\/jordanvalleysolidarity.org\/fr\/wp-content\/uploads\/sites\/2\/2015\/05\/IMG_0645a.JPG","type":"image\/jpeg"}],"author":"jvsadmin","twitter_card":"summary_large_image","twitter_misc":{"\u00c9crit par":"jvsadmin","Dur\u00e9e de lecture estim\u00e9e":"11 minutes"},"schema":{"@context":"https:\/\/schema.org","@graph":[{"@type":"WebPage","@id":"http:\/\/jordanvalleysolidarity.org\/fr\/actualite\/appel-a-l-union-europeenne-agissez-maintenant-pour-mettre-fin-aux-militaires-israeliens-en-zones-habitees-par-des-civils\/","url":"http:\/\/jordanvalleysolidarity.org\/fr\/actualite\/appel-a-l-union-europeenne-agissez-maintenant-pour-mettre-fin-aux-militaires-israeliens-en-zones-habitees-par-des-civils\/","name":"Appel \u00e0 l'Union Europ\u00e9enne \u2013 Agissez maintenant pour mettre fin aux militaires isra\u00e9liens en zones habit\u00e9es par des civils - Jordan Valley Solidarity FR","isPartOf":{"@id":"http:\/\/jordanvalleysolidarity.org\/fr\/#website"},"primaryImageOfPage":{"@id":"http:\/\/jordanvalleysolidarity.org\/fr\/actualite\/appel-a-l-union-europeenne-agissez-maintenant-pour-mettre-fin-aux-militaires-israeliens-en-zones-habitees-par-des-civils\/#primaryimage"},"image":{"@id":"http:\/\/jordanvalleysolidarity.org\/fr\/actualite\/appel-a-l-union-europeenne-agissez-maintenant-pour-mettre-fin-aux-militaires-israeliens-en-zones-habitees-par-des-civils\/#primaryimage"},"thumbnailUrl":"http:\/\/jordanvalleysolidarity.org\/fr\/wp-content\/uploads\/sites\/2\/2015\/05\/IMG_0645a.JPG","datePublished":"2015-05-08T18:31:40+00:00","dateModified":"2015-12-18T20:22:38+00:00","author":{"@id":"http:\/\/jordanvalleysolidarity.org\/fr\/#\/schema\/person\/9a6ba4dd6dc34314b80b535fb4a49416"},"breadcrumb":{"@id":"http:\/\/jordanvalleysolidarity.org\/fr\/actualite\/appel-a-l-union-europeenne-agissez-maintenant-pour-mettre-fin-aux-militaires-israeliens-en-zones-habitees-par-des-civils\/#breadcrumb"},"inLanguage":"fr-FR","potentialAction":[{"@type":"ReadAction","target":["http:\/\/jordanvalleysolidarity.org\/fr\/actualite\/appel-a-l-union-europeenne-agissez-maintenant-pour-mettre-fin-aux-militaires-israeliens-en-zones-habitees-par-des-civils\/"]}]},{"@type":"ImageObject","inLanguage":"fr-FR","@id":"http:\/\/jordanvalleysolidarity.org\/fr\/actualite\/appel-a-l-union-europeenne-agissez-maintenant-pour-mettre-fin-aux-militaires-israeliens-en-zones-habitees-par-des-civils\/#primaryimage","url":"http:\/\/jordanvalleysolidarity.org\/fr\/wp-content\/uploads\/sites\/2\/2015\/05\/IMG_0645a.JPG","contentUrl":"http:\/\/jordanvalleysolidarity.org\/fr\/wp-content\/uploads\/sites\/2\/2015\/05\/IMG_0645a.JPG","width":1000,"height":827},{"@type":"BreadcrumbList","@id":"http:\/\/jordanvalleysolidarity.org\/fr\/actualite\/appel-a-l-union-europeenne-agissez-maintenant-pour-mettre-fin-aux-militaires-israeliens-en-zones-habitees-par-des-civils\/#breadcrumb","itemListElement":[{"@type":"ListItem","position":1,"name":"Home","item":"http:\/\/jordanvalleysolidarity.org\/fr\/"},{"@type":"ListItem","position":2,"name":"Appel \u00e0 l&rsquo;Union Europ\u00e9enne \u2013 Agissez maintenant pour mettre fin aux militaires isra\u00e9liens en zones habit\u00e9es par des civils"}]},{"@type":"WebSite","@id":"http:\/\/jordanvalleysolidarity.org\/fr\/#website","url":"http:\/\/jordanvalleysolidarity.org\/fr\/","name":"Jordan Valley Solidarity FR","description":"Just another Jordan Valley Solidarity Test Sites site","potentialAction":[{"@type":"SearchAction","target":{"@type":"EntryPoint","urlTemplate":"http:\/\/jordanvalleysolidarity.org\/fr\/?s={search_term_string}"},"query-input":"required name=search_term_string"}],"inLanguage":"fr-FR"},{"@type":"Person","@id":"http:\/\/jordanvalleysolidarity.org\/fr\/#\/schema\/person\/9a6ba4dd6dc34314b80b535fb4a49416","name":"jvsadmin","image":{"@type":"ImageObject","inLanguage":"fr-FR","@id":"http:\/\/jordanvalleysolidarity.org\/fr\/#\/schema\/person\/image\/","url":"http:\/\/0.gravatar.com\/avatar\/3d310b98c27b561cfb32ff94bad7cb9a?s=96&d=mm&r=g","contentUrl":"http:\/\/0.gravatar.com\/avatar\/3d310b98c27b561cfb32ff94bad7cb9a?s=96&d=mm&r=g","caption":"jvsadmin"},"url":"http:\/\/jordanvalleysolidarity.org\/fr\/author\/jvsadmin\/"}]}},"_links":{"self":[{"href":"http:\/\/jordanvalleysolidarity.org\/fr\/wp-json\/wp\/v2\/posts\/1606"}],"collection":[{"href":"http:\/\/jordanvalleysolidarity.org\/fr\/wp-json\/wp\/v2\/posts"}],"about":[{"href":"http:\/\/jordanvalleysolidarity.org\/fr\/wp-json\/wp\/v2\/types\/post"}],"author":[{"embeddable":true,"href":"http:\/\/jordanvalleysolidarity.org\/fr\/wp-json\/wp\/v2\/users\/1"}],"replies":[{"embeddable":true,"href":"http:\/\/jordanvalleysolidarity.org\/fr\/wp-json\/wp\/v2\/comments?post=1606"}],"version-history":[{"count":2,"href":"http:\/\/jordanvalleysolidarity.org\/fr\/wp-json\/wp\/v2\/posts\/1606\/revisions"}],"predecessor-version":[{"id":2616,"href":"http:\/\/jordanvalleysolidarity.org\/fr\/wp-json\/wp\/v2\/posts\/1606\/revisions\/2616"}],"wp:featuredmedia":[{"embeddable":true,"href":"http:\/\/jordanvalleysolidarity.org\/fr\/wp-json\/wp\/v2\/media\/1592"}],"wp:attachment":[{"href":"http:\/\/jordanvalleysolidarity.org\/fr\/wp-json\/wp\/v2\/media?parent=1606"}],"wp:term":[{"taxonomy":"category","embeddable":true,"href":"http:\/\/jordanvalleysolidarity.org\/fr\/wp-json\/wp\/v2\/categories?post=1606"},{"taxonomy":"post_tag","embeddable":true,"href":"http:\/\/jordanvalleysolidarity.org\/fr\/wp-json\/wp\/v2\/tags?post=1606"}],"curies":[{"name":"wp","href":"https:\/\/api.w.org\/{rel}","templated":true}]}}