{"id":1068,"date":"2012-07-24T17:26:04","date_gmt":"2012-07-24T16:26:04","guid":{"rendered":"http:\/\/jordanvalleysolidarity.org\/fr\/2012\/07\/24\/les-forces-d-occupation-israeliennes-attribuent-une-terre-palestinienne-a-la-colonie-de-ro-i\/"},"modified":"2015-10-11T14:11:54","modified_gmt":"2015-10-11T13:11:54","slug":"les-forces-d-occupation-israeliennes-attribuent-une-terre-palestinienne-a-la-colonie-de-ro-i","status":"publish","type":"post","link":"http:\/\/jordanvalleysolidarity.org\/fr\/actualite\/les-forces-d-occupation-israeliennes-attribuent-une-terre-palestinienne-a-la-colonie-de-ro-i\/","title":{"rendered":"Les Forces d\u2019Occupation Isra\u00e9liennes attribuent une terre Palestinienne \u00e0 la colonie de RO\u2019I."},"content":{"rendered":"<p><span class=\"hps\">Dans un contexte de recrudescence d\u2019expansion de colonies<\/span> <span class=\"hps\">dans<\/span> <span class=\"hps\">la vall\u00e9e du Jourdain<\/span>, <span class=\"hps\">les<\/span> <span class=\"hps\">Forces<\/span> <span class=\"hps\">d&rsquo;Occupation Isra\u00e9liennes<\/span> <span class=\"hps\">ont<\/span> <span class=\"hps\">remis<\/span> <span class=\"hps\">des terres<\/span> <span class=\"hps\">\u00e0 la colonie<\/span> <span class=\"hps\">de<\/span> <span class=\"hps\">Ro&rsquo;i, \u00e0 proximit\u00e9 des<\/span> <span class=\"hps\">communaut\u00e9s b\u00e9douines<\/span> <span class=\"hps\">d&rsquo;Al<\/span> <span class=\"hps\">Hadidiya et<\/span> <span class=\"hps\">Mak<\/span><span class=\"atn\">-H<\/span>ul. <span class=\"hps\">La terre<\/span>, <span class=\"hps\">qui appartient aux<\/span> <span class=\"hps\">palestiniens<\/span> <span class=\"hps\">de la ville de<\/span> <span class=\"hps\">Tubas<\/span>, <span class=\"hps\">a \u00e9t\u00e9 confisqu\u00e9e<\/span> <span class=\"hps\">en 1997 et<\/span> <span class=\"hps\">d\u00e9clar\u00e9e zone<\/span> <span class=\"hps\">militaire ferm\u00e9e<\/span>. <span class=\"hps\">R\u00e9cemment, elle a<\/span> <span class=\"hps\">\u00e9t\u00e9<\/span> <span class=\"hps\">le site<\/span> <span class=\"hps\">d&rsquo;intenses<\/span> <span class=\"hps\">exercices militaires<\/span> <span class=\"hps\">isra\u00e9liens, d\u00e9monstrations d\u2019autorit\u00e9, pour intimider<\/span> <span class=\"hps\">les<\/span> <span class=\"hps\">Palestiniens<\/span>.<br \/> <span class=\"hps\">Depuis que l&rsquo;arm\u00e9e<\/span> <span class=\"hps\">a pris le contr\u00f4le<\/span> <span class=\"hps\">de cette zone<\/span>, <span class=\"hps\">ces 15<\/span> derni\u00e8res <span class=\"hps\">ann\u00e9es,<\/span> l<span class=\"hps\">es Palestiniens n\u2019ont pas pu cultiver cette terre.<\/span> R<span class=\"hps\">\u00e9cemment,<\/span> <span class=\"hps\">Oxfam<\/span> <span class=\"hps\">et de l&rsquo;Union<\/span> <span class=\"hps\">europ\u00e9enne ont condamn\u00e9 Isra\u00ebl<\/span> <span class=\"hps\">pour son<\/span> <span class=\"hps\">expansion agressive<\/span> <span class=\"hps\">de colonies dans la zone C<\/span>. Cette nouvelle appropriation de terres Palestiniennes <span class=\"hps\">est encore<\/span> <span class=\"hps\">une preuve suppl\u00e9mentaire<\/span> <span class=\"hps\">que toute critique<\/span> <span class=\"hps\">de l&rsquo;occupation<\/span> <span class=\"hps\">reste lettre morte,<\/span> <span class=\"hps\">alors qu&rsquo;Isra\u00ebl continue<\/span> <span class=\"hps\">ses<\/span> <span class=\"hps\">tentatives de colonisation<\/span> <span class=\"hps\">dans l&rsquo;ensemble<\/span> <span class=\"hps\">de<\/span> <span class=\"hps\">la Vall\u00e9e du Jourdain.<\/span><\/p>\n<!-- AddThis Advanced Settings generic via filter on the_content --><!-- AddThis Share Buttons generic via filter on the_content -->","protected":false},"excerpt":{"rendered":"<p>Dans un contexte de recrudescence d\u2019expansion de colonies dans la vall\u00e9e du Jourdain, les Forces d&rsquo;Occupation Isra\u00e9liennes ont remis des [&hellip;]<!-- AddThis Advanced Settings generic via filter on get_the_excerpt --><!-- AddThis Share Buttons generic via filter on get_the_excerpt --><\/p>\n","protected":false},"author":1,"featured_media":0,"comment_status":"open","ping_status":"open","sticky":false,"template":"","format":"standard","meta":{"footnotes":""},"categories":[18],"tags":[],"yoast_head":"<!-- This site is optimized with the Yoast SEO plugin v22.8 - https:\/\/yoast.com\/wordpress\/plugins\/seo\/ -->\n<title>Les Forces d\u2019Occupation Isra\u00e9liennes attribuent une terre Palestinienne \u00e0 la colonie de RO\u2019I. - Jordan Valley Solidarity FR<\/title>\n<meta name=\"robots\" content=\"index, follow, max-snippet:-1, max-image-preview:large, max-video-preview:-1\" \/>\n<link rel=\"canonical\" href=\"http:\/\/jordanvalleysolidarity.org\/fr\/actualite\/les-forces-d-occupation-israeliennes-attribuent-une-terre-palestinienne-a-la-colonie-de-ro-i\/\" \/>\n<meta property=\"og:locale\" content=\"fr_FR\" \/>\n<meta property=\"og:type\" content=\"article\" \/>\n<meta property=\"og:title\" content=\"Les Forces d\u2019Occupation Isra\u00e9liennes attribuent une terre Palestinienne \u00e0 la colonie de RO\u2019I. - Jordan Valley Solidarity FR\" \/>\n<meta property=\"og:description\" content=\"Dans un contexte de recrudescence d\u2019expansion de colonies dans la vall\u00e9e du Jourdain, les Forces d&rsquo;Occupation Isra\u00e9liennes ont remis des [&hellip;]\" \/>\n<meta property=\"og:url\" content=\"http:\/\/jordanvalleysolidarity.org\/fr\/actualite\/les-forces-d-occupation-israeliennes-attribuent-une-terre-palestinienne-a-la-colonie-de-ro-i\/\" \/>\n<meta property=\"og:site_name\" content=\"Jordan Valley Solidarity FR\" \/>\n<meta property=\"article:published_time\" content=\"2012-07-24T16:26:04+00:00\" \/>\n<meta property=\"article:modified_time\" content=\"2015-10-11T13:11:54+00:00\" \/>\n<meta name=\"author\" content=\"jvsadmin\" \/>\n<meta name=\"twitter:card\" content=\"summary_large_image\" \/>\n<meta name=\"twitter:label1\" content=\"\u00c9crit par\" \/>\n\t<meta name=\"twitter:data1\" content=\"jvsadmin\" \/>\n\t<meta name=\"twitter:label2\" content=\"Dur\u00e9e de lecture estim\u00e9e\" \/>\n\t<meta name=\"twitter:data2\" content=\"1 minute\" \/>\n<script type=\"application\/ld+json\" class=\"yoast-schema-graph\">{\"@context\":\"https:\/\/schema.org\",\"@graph\":[{\"@type\":\"WebPage\",\"@id\":\"http:\/\/jordanvalleysolidarity.org\/fr\/actualite\/les-forces-d-occupation-israeliennes-attribuent-une-terre-palestinienne-a-la-colonie-de-ro-i\/\",\"url\":\"http:\/\/jordanvalleysolidarity.org\/fr\/actualite\/les-forces-d-occupation-israeliennes-attribuent-une-terre-palestinienne-a-la-colonie-de-ro-i\/\",\"name\":\"Les Forces d\u2019Occupation Isra\u00e9liennes attribuent une terre Palestinienne \u00e0 la colonie de RO\u2019I. - Jordan Valley Solidarity FR\",\"isPartOf\":{\"@id\":\"http:\/\/jordanvalleysolidarity.org\/fr\/#website\"},\"datePublished\":\"2012-07-24T16:26:04+00:00\",\"dateModified\":\"2015-10-11T13:11:54+00:00\",\"author\":{\"@id\":\"http:\/\/jordanvalleysolidarity.org\/fr\/#\/schema\/person\/9a6ba4dd6dc34314b80b535fb4a49416\"},\"breadcrumb\":{\"@id\":\"http:\/\/jordanvalleysolidarity.org\/fr\/actualite\/les-forces-d-occupation-israeliennes-attribuent-une-terre-palestinienne-a-la-colonie-de-ro-i\/#breadcrumb\"},\"inLanguage\":\"fr-FR\",\"potentialAction\":[{\"@type\":\"ReadAction\",\"target\":[\"http:\/\/jordanvalleysolidarity.org\/fr\/actualite\/les-forces-d-occupation-israeliennes-attribuent-une-terre-palestinienne-a-la-colonie-de-ro-i\/\"]}]},{\"@type\":\"BreadcrumbList\",\"@id\":\"http:\/\/jordanvalleysolidarity.org\/fr\/actualite\/les-forces-d-occupation-israeliennes-attribuent-une-terre-palestinienne-a-la-colonie-de-ro-i\/#breadcrumb\",\"itemListElement\":[{\"@type\":\"ListItem\",\"position\":1,\"name\":\"Home\",\"item\":\"http:\/\/jordanvalleysolidarity.org\/fr\/\"},{\"@type\":\"ListItem\",\"position\":2,\"name\":\"Les Forces d\u2019Occupation Isra\u00e9liennes attribuent une terre Palestinienne \u00e0 la colonie de RO\u2019I.\"}]},{\"@type\":\"WebSite\",\"@id\":\"http:\/\/jordanvalleysolidarity.org\/fr\/#website\",\"url\":\"http:\/\/jordanvalleysolidarity.org\/fr\/\",\"name\":\"Jordan Valley Solidarity FR\",\"description\":\"Just another Jordan Valley Solidarity Test Sites site\",\"potentialAction\":[{\"@type\":\"SearchAction\",\"target\":{\"@type\":\"EntryPoint\",\"urlTemplate\":\"http:\/\/jordanvalleysolidarity.org\/fr\/?s={search_term_string}\"},\"query-input\":\"required name=search_term_string\"}],\"inLanguage\":\"fr-FR\"},{\"@type\":\"Person\",\"@id\":\"http:\/\/jordanvalleysolidarity.org\/fr\/#\/schema\/person\/9a6ba4dd6dc34314b80b535fb4a49416\",\"name\":\"jvsadmin\",\"image\":{\"@type\":\"ImageObject\",\"inLanguage\":\"fr-FR\",\"@id\":\"http:\/\/jordanvalleysolidarity.org\/fr\/#\/schema\/person\/image\/\",\"url\":\"http:\/\/0.gravatar.com\/avatar\/3d310b98c27b561cfb32ff94bad7cb9a?s=96&d=mm&r=g\",\"contentUrl\":\"http:\/\/0.gravatar.com\/avatar\/3d310b98c27b561cfb32ff94bad7cb9a?s=96&d=mm&r=g\",\"caption\":\"jvsadmin\"},\"url\":\"http:\/\/jordanvalleysolidarity.org\/fr\/author\/jvsadmin\/\"}]}<\/script>\n<!-- \/ Yoast SEO plugin. -->","yoast_head_json":{"title":"Les Forces d\u2019Occupation Isra\u00e9liennes attribuent une terre Palestinienne \u00e0 la colonie de RO\u2019I. - Jordan Valley Solidarity FR","robots":{"index":"index","follow":"follow","max-snippet":"max-snippet:-1","max-image-preview":"max-image-preview:large","max-video-preview":"max-video-preview:-1"},"canonical":"http:\/\/jordanvalleysolidarity.org\/fr\/actualite\/les-forces-d-occupation-israeliennes-attribuent-une-terre-palestinienne-a-la-colonie-de-ro-i\/","og_locale":"fr_FR","og_type":"article","og_title":"Les Forces d\u2019Occupation Isra\u00e9liennes attribuent une terre Palestinienne \u00e0 la colonie de RO\u2019I. - Jordan Valley Solidarity FR","og_description":"Dans un contexte de recrudescence d\u2019expansion de colonies dans la vall\u00e9e du Jourdain, les Forces d&rsquo;Occupation Isra\u00e9liennes ont remis des [&hellip;]","og_url":"http:\/\/jordanvalleysolidarity.org\/fr\/actualite\/les-forces-d-occupation-israeliennes-attribuent-une-terre-palestinienne-a-la-colonie-de-ro-i\/","og_site_name":"Jordan Valley Solidarity FR","article_published_time":"2012-07-24T16:26:04+00:00","article_modified_time":"2015-10-11T13:11:54+00:00","author":"jvsadmin","twitter_card":"summary_large_image","twitter_misc":{"\u00c9crit par":"jvsadmin","Dur\u00e9e de lecture estim\u00e9e":"1 minute"},"schema":{"@context":"https:\/\/schema.org","@graph":[{"@type":"WebPage","@id":"http:\/\/jordanvalleysolidarity.org\/fr\/actualite\/les-forces-d-occupation-israeliennes-attribuent-une-terre-palestinienne-a-la-colonie-de-ro-i\/","url":"http:\/\/jordanvalleysolidarity.org\/fr\/actualite\/les-forces-d-occupation-israeliennes-attribuent-une-terre-palestinienne-a-la-colonie-de-ro-i\/","name":"Les Forces d\u2019Occupation Isra\u00e9liennes attribuent une terre Palestinienne \u00e0 la colonie de RO\u2019I. - Jordan Valley Solidarity FR","isPartOf":{"@id":"http:\/\/jordanvalleysolidarity.org\/fr\/#website"},"datePublished":"2012-07-24T16:26:04+00:00","dateModified":"2015-10-11T13:11:54+00:00","author":{"@id":"http:\/\/jordanvalleysolidarity.org\/fr\/#\/schema\/person\/9a6ba4dd6dc34314b80b535fb4a49416"},"breadcrumb":{"@id":"http:\/\/jordanvalleysolidarity.org\/fr\/actualite\/les-forces-d-occupation-israeliennes-attribuent-une-terre-palestinienne-a-la-colonie-de-ro-i\/#breadcrumb"},"inLanguage":"fr-FR","potentialAction":[{"@type":"ReadAction","target":["http:\/\/jordanvalleysolidarity.org\/fr\/actualite\/les-forces-d-occupation-israeliennes-attribuent-une-terre-palestinienne-a-la-colonie-de-ro-i\/"]}]},{"@type":"BreadcrumbList","@id":"http:\/\/jordanvalleysolidarity.org\/fr\/actualite\/les-forces-d-occupation-israeliennes-attribuent-une-terre-palestinienne-a-la-colonie-de-ro-i\/#breadcrumb","itemListElement":[{"@type":"ListItem","position":1,"name":"Home","item":"http:\/\/jordanvalleysolidarity.org\/fr\/"},{"@type":"ListItem","position":2,"name":"Les Forces d\u2019Occupation Isra\u00e9liennes attribuent une terre Palestinienne \u00e0 la colonie de RO\u2019I."}]},{"@type":"WebSite","@id":"http:\/\/jordanvalleysolidarity.org\/fr\/#website","url":"http:\/\/jordanvalleysolidarity.org\/fr\/","name":"Jordan Valley Solidarity FR","description":"Just another Jordan Valley Solidarity Test Sites site","potentialAction":[{"@type":"SearchAction","target":{"@type":"EntryPoint","urlTemplate":"http:\/\/jordanvalleysolidarity.org\/fr\/?s={search_term_string}"},"query-input":"required name=search_term_string"}],"inLanguage":"fr-FR"},{"@type":"Person","@id":"http:\/\/jordanvalleysolidarity.org\/fr\/#\/schema\/person\/9a6ba4dd6dc34314b80b535fb4a49416","name":"jvsadmin","image":{"@type":"ImageObject","inLanguage":"fr-FR","@id":"http:\/\/jordanvalleysolidarity.org\/fr\/#\/schema\/person\/image\/","url":"http:\/\/0.gravatar.com\/avatar\/3d310b98c27b561cfb32ff94bad7cb9a?s=96&d=mm&r=g","contentUrl":"http:\/\/0.gravatar.com\/avatar\/3d310b98c27b561cfb32ff94bad7cb9a?s=96&d=mm&r=g","caption":"jvsadmin"},"url":"http:\/\/jordanvalleysolidarity.org\/fr\/author\/jvsadmin\/"}]}},"_links":{"self":[{"href":"http:\/\/jordanvalleysolidarity.org\/fr\/wp-json\/wp\/v2\/posts\/1068"}],"collection":[{"href":"http:\/\/jordanvalleysolidarity.org\/fr\/wp-json\/wp\/v2\/posts"}],"about":[{"href":"http:\/\/jordanvalleysolidarity.org\/fr\/wp-json\/wp\/v2\/types\/post"}],"author":[{"embeddable":true,"href":"http:\/\/jordanvalleysolidarity.org\/fr\/wp-json\/wp\/v2\/users\/1"}],"replies":[{"embeddable":true,"href":"http:\/\/jordanvalleysolidarity.org\/fr\/wp-json\/wp\/v2\/comments?post=1068"}],"version-history":[{"count":1,"href":"http:\/\/jordanvalleysolidarity.org\/fr\/wp-json\/wp\/v2\/posts\/1068\/revisions"}],"predecessor-version":[{"id":2483,"href":"http:\/\/jordanvalleysolidarity.org\/fr\/wp-json\/wp\/v2\/posts\/1068\/revisions\/2483"}],"wp:attachment":[{"href":"http:\/\/jordanvalleysolidarity.org\/fr\/wp-json\/wp\/v2\/media?parent=1068"}],"wp:term":[{"taxonomy":"category","embeddable":true,"href":"http:\/\/jordanvalleysolidarity.org\/fr\/wp-json\/wp\/v2\/categories?post=1068"},{"taxonomy":"post_tag","embeddable":true,"href":"http:\/\/jordanvalleysolidarity.org\/fr\/wp-json\/wp\/v2\/tags?post=1068"}],"curies":[{"name":"wp","href":"https:\/\/api.w.org\/{rel}","templated":true}]}}