{"id":1067,"date":"2012-09-16T16:00:06","date_gmt":"2012-09-16T15:00:06","guid":{"rendered":"http:\/\/jordanvalleysolidarity.org\/fr\/2012\/09\/16\/des-ordres-de-demolitions-emis-a-abu-al-ajaj-al-jiftlik\/"},"modified":"2015-10-11T14:11:54","modified_gmt":"2015-10-11T13:11:54","slug":"des-ordres-de-demolitions-emis-a-abu-al-ajaj-al-jiftlik","status":"publish","type":"post","link":"http:\/\/jordanvalleysolidarity.org\/fr\/actualite\/des-ordres-de-demolitions-emis-a-abu-al-ajaj-al-jiftlik\/","title":{"rendered":"Des ordres de d\u00e9molitions \u00e9mis \u00e0 Abu Al Ajaj, Al Jiftlik"},"content":{"rendered":"<p style=\"text-align: justify;\"><span class=\"hps\"><span style=\"font-size: 16.3636px;\"><img loading=\"lazy\" decoding=\"async\" class=\" alignright size-full wp-image-1066\" style=\"border: 1px solid #000000; padding: 5px; margin: 10px 0px 10px 10px; float: right;\" src=\"http:\/\/jordanvalleysolidarity.org\/fr\/wp-content\/uploads\/sites\/2\/2012\/09\/Demolition-in-Abu-Al-Ajaj-December-2010.jpg\" alt=\"Demolition-in-Abu-Al-Ajaj-December-2010\" height=\"144\" width=\"220\" \/><\/span>L\u2019administration isra\u00e9lienne<\/span> <span class=\"hps\">miliaire<\/span> <span class=\"hps\">a<\/span> <span class=\"hps\">\u00e9mis trois<\/span> <span class=\"hps\">ordres de d\u00e9molition<\/span> \u00e0 <span class=\"hps\">de nouvelles<\/span> <span class=\"hps\">familles<\/span> <span class=\"hps\">d&rsquo;Abu<\/span> <span class=\"hps\">Al<\/span> <span class=\"hps\">Ajaj<\/span>.<\/p>\n<p style=\"text-align: justify;\"><span class=\"hps\">Dans la matin\u00e9e<\/span> <span class=\"hps\">du 30<\/span> <span class=\"hps\">Ao\u00fbt<\/span> <span class=\"hps\">2012, l&rsquo;<\/span>arm\u00e9e s\u2019est rendue dans cette<span class=\"hps\"> petite communaut\u00e9<\/span> de <span class=\"hps\">b\u00e9douins. Ils se sont tout d&rsquo;abord pr\u00e9sent\u00e9s \u00e0<\/span> <span class=\"hps\">la maison d\u2019Ayman<\/span> <span class=\"hps\">Adeis<\/span> <span class=\"hps\">(<\/span>dont la maison <span class=\"hps\">a \u00e9t\u00e9<\/span> <span class=\"hps\">d\u00e9molie<\/span> <span class=\"hps\">pr\u00e9c\u00e9demment<\/span> <span class=\"hps\">il y a 6 mois<\/span>) et leur ont remis <span class=\"hps\">un ordre de d\u00e9molition<\/span>. <span class=\"hps\">Ils se sont ensuite dirig\u00e9s vers la maison<\/span> <span class=\"hps\">des Saud<\/span> <span class=\"hps\">Salim<\/span> <span class=\"hps\">Kaabna<\/span>, pour finir par la <span class=\"hps\">maison<\/span> <span class=\"hps\">de <\/span> <span class=\"hps\">Mahmoud Ali Kaabna<\/span>.<\/p>\n<p> <span class=\"hps\">Ces derni\u00e8res ann\u00e9es Abu<\/span> <span class=\"hps\">Al<\/span> <span class=\"hps\">Ajaj<\/span> <span class=\"hps\">fait face<\/span> \u00e0 de <span class=\"hps\">constantes<\/span> <span class=\"hps\">r\u00e9pressions, intimidations<\/span> <span class=\"hps\">et d\u00e9molitions avec des <\/span>attaques de colons <span class=\"hps\">et des<\/span> <span class=\"hps\">saisies de terres<\/span>. <span class=\"hps\">Une grande partie de<\/span> <span class=\"hps\">la violence<\/span> <span class=\"hps\">vient de<\/span> la <span class=\"hps\">colonie voisine, Massu&rsquo;a<\/span>. M<span class=\"hps\">ais, ces derniers mois,<\/span> <span class=\"hps\">une nouvelle colonie<\/span> s\u2019<span class=\"hps\">est \u00e9tablie \u00e0 moins<\/span> <span class=\"hps\">d&rsquo;un kilom\u00e8tre de<\/span> <span class=\"hps\">cette communaut\u00e9<\/span>. Celle-ci est <span class=\"hps\">pleinement soutenue par les forces d&rsquo;occupation<\/span> <span class=\"hps\">et leur gouvernement.<\/span><br \/> <span class=\"hps\">Ces actions<\/span> <span class=\"hps\">arbitraires, de la part du gouvernement isra\u00e9lien<\/span> <span class=\"hps\">envers les citoyens<\/span> <span class=\"hps\">palestiniens de<\/span> <span class=\"hps\">la Vall\u00e9e du Jourdain,<\/span> <span class=\"hps\">sont<\/span> <span class=\"hps\">dans la continuit\u00e9 de leur<\/span> <span class=\"hps\">politique de confiscation<\/span> <span class=\"hps\">de nouvelles terres<\/span> <span class=\"hps\">et l&rsquo;expulsion<\/span> <span class=\"hps\">de la population indig\u00e8ne.<\/span> <span class=\"hps\">Alors que les<\/span> <span class=\"hps\">services de premi\u00e8res n\u00e9cessit\u00e9s sont fournis<\/span> <span class=\"hps\">aux colons isra\u00e9liens<\/span>: la terre, <span class=\"hps\">l&rsquo;eau<\/span>, l&rsquo;\u00e9lectricit\u00e9, les infrastructures et <span class=\"hps\">du l&rsquo;appui gouvernement<\/span>.<\/p>\n<!-- AddThis Advanced Settings generic via filter on the_content --><!-- AddThis Share Buttons generic via filter on the_content -->","protected":false},"excerpt":{"rendered":"<p>L\u2019administration isra\u00e9lienne miliaire a \u00e9mis trois ordres de d\u00e9molition \u00e0 de nouvelles familles d&rsquo;Abu Al Ajaj. Dans la matin\u00e9e du [&hellip;]<!-- AddThis Advanced Settings generic via filter on get_the_excerpt --><!-- AddThis Share Buttons generic via filter on get_the_excerpt --><\/p>\n","protected":false},"author":1,"featured_media":1066,"comment_status":"open","ping_status":"open","sticky":false,"template":"","format":"standard","meta":{"footnotes":""},"categories":[18],"tags":[],"yoast_head":"<!-- This site is optimized with the Yoast SEO plugin v22.8 - https:\/\/yoast.com\/wordpress\/plugins\/seo\/ -->\n<title>Des ordres de d\u00e9molitions \u00e9mis \u00e0 Abu Al Ajaj, Al Jiftlik - Jordan Valley Solidarity FR<\/title>\n<meta name=\"robots\" content=\"index, follow, max-snippet:-1, max-image-preview:large, max-video-preview:-1\" \/>\n<link rel=\"canonical\" href=\"http:\/\/jordanvalleysolidarity.org\/fr\/actualite\/des-ordres-de-demolitions-emis-a-abu-al-ajaj-al-jiftlik\/\" \/>\n<meta property=\"og:locale\" content=\"fr_FR\" \/>\n<meta property=\"og:type\" content=\"article\" \/>\n<meta property=\"og:title\" content=\"Des ordres de d\u00e9molitions \u00e9mis \u00e0 Abu Al Ajaj, Al Jiftlik - Jordan Valley Solidarity FR\" \/>\n<meta property=\"og:description\" content=\"L\u2019administration isra\u00e9lienne miliaire a \u00e9mis trois ordres de d\u00e9molition \u00e0 de nouvelles familles d&rsquo;Abu Al Ajaj. Dans la matin\u00e9e du [&hellip;]\" \/>\n<meta property=\"og:url\" content=\"http:\/\/jordanvalleysolidarity.org\/fr\/actualite\/des-ordres-de-demolitions-emis-a-abu-al-ajaj-al-jiftlik\/\" \/>\n<meta property=\"og:site_name\" content=\"Jordan Valley Solidarity FR\" \/>\n<meta property=\"article:published_time\" content=\"2012-09-16T15:00:06+00:00\" \/>\n<meta property=\"article:modified_time\" content=\"2015-10-11T13:11:54+00:00\" \/>\n<meta property=\"og:image\" content=\"http:\/\/jordanvalleysolidarity.org\/fr\/wp-content\/uploads\/sites\/2\/2012\/09\/Demolition-in-Abu-Al-Ajaj-December-2010.jpg\" \/>\n\t<meta property=\"og:image:width\" content=\"640\" \/>\n\t<meta property=\"og:image:height\" content=\"360\" \/>\n\t<meta property=\"og:image:type\" content=\"image\/jpeg\" \/>\n<meta name=\"author\" content=\"jvsadmin\" \/>\n<meta name=\"twitter:card\" content=\"summary_large_image\" \/>\n<meta name=\"twitter:label1\" content=\"\u00c9crit par\" \/>\n\t<meta name=\"twitter:data1\" content=\"jvsadmin\" \/>\n\t<meta name=\"twitter:label2\" content=\"Dur\u00e9e de lecture estim\u00e9e\" \/>\n\t<meta name=\"twitter:data2\" content=\"1 minute\" \/>\n<script type=\"application\/ld+json\" class=\"yoast-schema-graph\">{\"@context\":\"https:\/\/schema.org\",\"@graph\":[{\"@type\":\"WebPage\",\"@id\":\"http:\/\/jordanvalleysolidarity.org\/fr\/actualite\/des-ordres-de-demolitions-emis-a-abu-al-ajaj-al-jiftlik\/\",\"url\":\"http:\/\/jordanvalleysolidarity.org\/fr\/actualite\/des-ordres-de-demolitions-emis-a-abu-al-ajaj-al-jiftlik\/\",\"name\":\"Des ordres de d\u00e9molitions \u00e9mis \u00e0 Abu Al Ajaj, Al Jiftlik - Jordan Valley Solidarity FR\",\"isPartOf\":{\"@id\":\"http:\/\/jordanvalleysolidarity.org\/fr\/#website\"},\"primaryImageOfPage\":{\"@id\":\"http:\/\/jordanvalleysolidarity.org\/fr\/actualite\/des-ordres-de-demolitions-emis-a-abu-al-ajaj-al-jiftlik\/#primaryimage\"},\"image\":{\"@id\":\"http:\/\/jordanvalleysolidarity.org\/fr\/actualite\/des-ordres-de-demolitions-emis-a-abu-al-ajaj-al-jiftlik\/#primaryimage\"},\"thumbnailUrl\":\"http:\/\/jordanvalleysolidarity.org\/fr\/wp-content\/uploads\/sites\/2\/2012\/09\/Demolition-in-Abu-Al-Ajaj-December-2010.jpg\",\"datePublished\":\"2012-09-16T15:00:06+00:00\",\"dateModified\":\"2015-10-11T13:11:54+00:00\",\"author\":{\"@id\":\"http:\/\/jordanvalleysolidarity.org\/fr\/#\/schema\/person\/9a6ba4dd6dc34314b80b535fb4a49416\"},\"breadcrumb\":{\"@id\":\"http:\/\/jordanvalleysolidarity.org\/fr\/actualite\/des-ordres-de-demolitions-emis-a-abu-al-ajaj-al-jiftlik\/#breadcrumb\"},\"inLanguage\":\"fr-FR\",\"potentialAction\":[{\"@type\":\"ReadAction\",\"target\":[\"http:\/\/jordanvalleysolidarity.org\/fr\/actualite\/des-ordres-de-demolitions-emis-a-abu-al-ajaj-al-jiftlik\/\"]}]},{\"@type\":\"ImageObject\",\"inLanguage\":\"fr-FR\",\"@id\":\"http:\/\/jordanvalleysolidarity.org\/fr\/actualite\/des-ordres-de-demolitions-emis-a-abu-al-ajaj-al-jiftlik\/#primaryimage\",\"url\":\"http:\/\/jordanvalleysolidarity.org\/fr\/wp-content\/uploads\/sites\/2\/2012\/09\/Demolition-in-Abu-Al-Ajaj-December-2010.jpg\",\"contentUrl\":\"http:\/\/jordanvalleysolidarity.org\/fr\/wp-content\/uploads\/sites\/2\/2012\/09\/Demolition-in-Abu-Al-Ajaj-December-2010.jpg\",\"width\":640,\"height\":360,\"caption\":\"Demolition-in-Abu-Al-Ajaj-December-2010\"},{\"@type\":\"BreadcrumbList\",\"@id\":\"http:\/\/jordanvalleysolidarity.org\/fr\/actualite\/des-ordres-de-demolitions-emis-a-abu-al-ajaj-al-jiftlik\/#breadcrumb\",\"itemListElement\":[{\"@type\":\"ListItem\",\"position\":1,\"name\":\"Home\",\"item\":\"http:\/\/jordanvalleysolidarity.org\/fr\/\"},{\"@type\":\"ListItem\",\"position\":2,\"name\":\"Des ordres de d\u00e9molitions \u00e9mis \u00e0 Abu Al Ajaj, Al Jiftlik\"}]},{\"@type\":\"WebSite\",\"@id\":\"http:\/\/jordanvalleysolidarity.org\/fr\/#website\",\"url\":\"http:\/\/jordanvalleysolidarity.org\/fr\/\",\"name\":\"Jordan Valley Solidarity FR\",\"description\":\"Just another Jordan Valley Solidarity Test Sites site\",\"potentialAction\":[{\"@type\":\"SearchAction\",\"target\":{\"@type\":\"EntryPoint\",\"urlTemplate\":\"http:\/\/jordanvalleysolidarity.org\/fr\/?s={search_term_string}\"},\"query-input\":\"required name=search_term_string\"}],\"inLanguage\":\"fr-FR\"},{\"@type\":\"Person\",\"@id\":\"http:\/\/jordanvalleysolidarity.org\/fr\/#\/schema\/person\/9a6ba4dd6dc34314b80b535fb4a49416\",\"name\":\"jvsadmin\",\"image\":{\"@type\":\"ImageObject\",\"inLanguage\":\"fr-FR\",\"@id\":\"http:\/\/jordanvalleysolidarity.org\/fr\/#\/schema\/person\/image\/\",\"url\":\"http:\/\/0.gravatar.com\/avatar\/3d310b98c27b561cfb32ff94bad7cb9a?s=96&d=mm&r=g\",\"contentUrl\":\"http:\/\/0.gravatar.com\/avatar\/3d310b98c27b561cfb32ff94bad7cb9a?s=96&d=mm&r=g\",\"caption\":\"jvsadmin\"},\"url\":\"http:\/\/jordanvalleysolidarity.org\/fr\/author\/jvsadmin\/\"}]}<\/script>\n<!-- \/ Yoast SEO plugin. -->","yoast_head_json":{"title":"Des ordres de d\u00e9molitions \u00e9mis \u00e0 Abu Al Ajaj, Al Jiftlik - Jordan Valley Solidarity FR","robots":{"index":"index","follow":"follow","max-snippet":"max-snippet:-1","max-image-preview":"max-image-preview:large","max-video-preview":"max-video-preview:-1"},"canonical":"http:\/\/jordanvalleysolidarity.org\/fr\/actualite\/des-ordres-de-demolitions-emis-a-abu-al-ajaj-al-jiftlik\/","og_locale":"fr_FR","og_type":"article","og_title":"Des ordres de d\u00e9molitions \u00e9mis \u00e0 Abu Al Ajaj, Al Jiftlik - Jordan Valley Solidarity FR","og_description":"L\u2019administration isra\u00e9lienne miliaire a \u00e9mis trois ordres de d\u00e9molition \u00e0 de nouvelles familles d&rsquo;Abu Al Ajaj. Dans la matin\u00e9e du [&hellip;]","og_url":"http:\/\/jordanvalleysolidarity.org\/fr\/actualite\/des-ordres-de-demolitions-emis-a-abu-al-ajaj-al-jiftlik\/","og_site_name":"Jordan Valley Solidarity FR","article_published_time":"2012-09-16T15:00:06+00:00","article_modified_time":"2015-10-11T13:11:54+00:00","og_image":[{"width":640,"height":360,"url":"http:\/\/jordanvalleysolidarity.org\/fr\/wp-content\/uploads\/sites\/2\/2012\/09\/Demolition-in-Abu-Al-Ajaj-December-2010.jpg","type":"image\/jpeg"}],"author":"jvsadmin","twitter_card":"summary_large_image","twitter_misc":{"\u00c9crit par":"jvsadmin","Dur\u00e9e de lecture estim\u00e9e":"1 minute"},"schema":{"@context":"https:\/\/schema.org","@graph":[{"@type":"WebPage","@id":"http:\/\/jordanvalleysolidarity.org\/fr\/actualite\/des-ordres-de-demolitions-emis-a-abu-al-ajaj-al-jiftlik\/","url":"http:\/\/jordanvalleysolidarity.org\/fr\/actualite\/des-ordres-de-demolitions-emis-a-abu-al-ajaj-al-jiftlik\/","name":"Des ordres de d\u00e9molitions \u00e9mis \u00e0 Abu Al Ajaj, Al Jiftlik - Jordan Valley Solidarity FR","isPartOf":{"@id":"http:\/\/jordanvalleysolidarity.org\/fr\/#website"},"primaryImageOfPage":{"@id":"http:\/\/jordanvalleysolidarity.org\/fr\/actualite\/des-ordres-de-demolitions-emis-a-abu-al-ajaj-al-jiftlik\/#primaryimage"},"image":{"@id":"http:\/\/jordanvalleysolidarity.org\/fr\/actualite\/des-ordres-de-demolitions-emis-a-abu-al-ajaj-al-jiftlik\/#primaryimage"},"thumbnailUrl":"http:\/\/jordanvalleysolidarity.org\/fr\/wp-content\/uploads\/sites\/2\/2012\/09\/Demolition-in-Abu-Al-Ajaj-December-2010.jpg","datePublished":"2012-09-16T15:00:06+00:00","dateModified":"2015-10-11T13:11:54+00:00","author":{"@id":"http:\/\/jordanvalleysolidarity.org\/fr\/#\/schema\/person\/9a6ba4dd6dc34314b80b535fb4a49416"},"breadcrumb":{"@id":"http:\/\/jordanvalleysolidarity.org\/fr\/actualite\/des-ordres-de-demolitions-emis-a-abu-al-ajaj-al-jiftlik\/#breadcrumb"},"inLanguage":"fr-FR","potentialAction":[{"@type":"ReadAction","target":["http:\/\/jordanvalleysolidarity.org\/fr\/actualite\/des-ordres-de-demolitions-emis-a-abu-al-ajaj-al-jiftlik\/"]}]},{"@type":"ImageObject","inLanguage":"fr-FR","@id":"http:\/\/jordanvalleysolidarity.org\/fr\/actualite\/des-ordres-de-demolitions-emis-a-abu-al-ajaj-al-jiftlik\/#primaryimage","url":"http:\/\/jordanvalleysolidarity.org\/fr\/wp-content\/uploads\/sites\/2\/2012\/09\/Demolition-in-Abu-Al-Ajaj-December-2010.jpg","contentUrl":"http:\/\/jordanvalleysolidarity.org\/fr\/wp-content\/uploads\/sites\/2\/2012\/09\/Demolition-in-Abu-Al-Ajaj-December-2010.jpg","width":640,"height":360,"caption":"Demolition-in-Abu-Al-Ajaj-December-2010"},{"@type":"BreadcrumbList","@id":"http:\/\/jordanvalleysolidarity.org\/fr\/actualite\/des-ordres-de-demolitions-emis-a-abu-al-ajaj-al-jiftlik\/#breadcrumb","itemListElement":[{"@type":"ListItem","position":1,"name":"Home","item":"http:\/\/jordanvalleysolidarity.org\/fr\/"},{"@type":"ListItem","position":2,"name":"Des ordres de d\u00e9molitions \u00e9mis \u00e0 Abu Al Ajaj, Al Jiftlik"}]},{"@type":"WebSite","@id":"http:\/\/jordanvalleysolidarity.org\/fr\/#website","url":"http:\/\/jordanvalleysolidarity.org\/fr\/","name":"Jordan Valley Solidarity FR","description":"Just another Jordan Valley Solidarity Test Sites site","potentialAction":[{"@type":"SearchAction","target":{"@type":"EntryPoint","urlTemplate":"http:\/\/jordanvalleysolidarity.org\/fr\/?s={search_term_string}"},"query-input":"required name=search_term_string"}],"inLanguage":"fr-FR"},{"@type":"Person","@id":"http:\/\/jordanvalleysolidarity.org\/fr\/#\/schema\/person\/9a6ba4dd6dc34314b80b535fb4a49416","name":"jvsadmin","image":{"@type":"ImageObject","inLanguage":"fr-FR","@id":"http:\/\/jordanvalleysolidarity.org\/fr\/#\/schema\/person\/image\/","url":"http:\/\/0.gravatar.com\/avatar\/3d310b98c27b561cfb32ff94bad7cb9a?s=96&d=mm&r=g","contentUrl":"http:\/\/0.gravatar.com\/avatar\/3d310b98c27b561cfb32ff94bad7cb9a?s=96&d=mm&r=g","caption":"jvsadmin"},"url":"http:\/\/jordanvalleysolidarity.org\/fr\/author\/jvsadmin\/"}]}},"_links":{"self":[{"href":"http:\/\/jordanvalleysolidarity.org\/fr\/wp-json\/wp\/v2\/posts\/1067"}],"collection":[{"href":"http:\/\/jordanvalleysolidarity.org\/fr\/wp-json\/wp\/v2\/posts"}],"about":[{"href":"http:\/\/jordanvalleysolidarity.org\/fr\/wp-json\/wp\/v2\/types\/post"}],"author":[{"embeddable":true,"href":"http:\/\/jordanvalleysolidarity.org\/fr\/wp-json\/wp\/v2\/users\/1"}],"replies":[{"embeddable":true,"href":"http:\/\/jordanvalleysolidarity.org\/fr\/wp-json\/wp\/v2\/comments?post=1067"}],"version-history":[{"count":1,"href":"http:\/\/jordanvalleysolidarity.org\/fr\/wp-json\/wp\/v2\/posts\/1067\/revisions"}],"predecessor-version":[{"id":2482,"href":"http:\/\/jordanvalleysolidarity.org\/fr\/wp-json\/wp\/v2\/posts\/1067\/revisions\/2482"}],"wp:featuredmedia":[{"embeddable":true,"href":"http:\/\/jordanvalleysolidarity.org\/fr\/wp-json\/wp\/v2\/media\/1066"}],"wp:attachment":[{"href":"http:\/\/jordanvalleysolidarity.org\/fr\/wp-json\/wp\/v2\/media?parent=1067"}],"wp:term":[{"taxonomy":"category","embeddable":true,"href":"http:\/\/jordanvalleysolidarity.org\/fr\/wp-json\/wp\/v2\/categories?post=1067"},{"taxonomy":"post_tag","embeddable":true,"href":"http:\/\/jordanvalleysolidarity.org\/fr\/wp-json\/wp\/v2\/tags?post=1067"}],"curies":[{"name":"wp","href":"https:\/\/api.w.org\/{rel}","templated":true}]}}