{"id":853,"date":"2012-03-28T15:46:56","date_gmt":"2012-03-28T14:46:56","guid":{"rendered":"http:\/\/jordanvalleysolidarity.org\/es\/2012\/03\/28\/pobreza-y-desempleo\/"},"modified":"2015-10-27T19:46:02","modified_gmt":"2015-10-27T19:46:02","slug":"pobreza-y-desempleo","status":"publish","type":"post","link":"http:\/\/jordanvalleysolidarity.org\/es\/acerca-de-valle-del-jordan\/pobreza-y-desempleo\/","title":{"rendered":"Pobreza y Desempleo"},"content":{"rendered":"<p><img loading=\"lazy\" decoding=\"async\" class=\" size-full wp-image-852\" src=\"http:\/\/jordanvalleysolidarity.org\/es\/wp-content\/uploads\/sites\/3\/2012\/03\/sh%20al%20jiftlik.jpg\" width=\"350\" height=\"70\" \/><\/p>\n<p>Como resultado de las restricciones y pol\u00edticas de opresi\u00f3n, los palestinos del Valle de Jord\u00e1n est\u00e1n sufriendo altos rangos de pobreza y desempleo. La mayor\u00eda de los palestinos del Valle viven por debajo de la l\u00ednea de pobreza. En 2006, el \u00edndice de desempleo alcanz\u00f3 el 21% en los distritos de Jeric\u00f3 y Tubas, el 20.5% de ellos eran empleados de la Autoridad Palestina que no estaban recibiendo ning\u00fan salario. M\u00e1s all\u00e1 de esto y, a pesar de las ventajas agr\u00edcolas, aproximadamente el 53% de los residentes del Valle de Jord\u00e1n en Jeric\u00f3 y Tubas padec\u00edan inseguridad alimentaria, un 10% m\u00e1s que en 2005.<\/p>\n<h4><strong>Procesos de la Ocupaci\u00f3n que inhiben al turismo<\/strong><\/h4>\n<p>Estrictos procedimientos de control en los puestos \u201ccheckpoints\u201d para entrar o salir del Valle.<\/p>\n<ul style=\"list-style-type: circle;\">\n<li>\n<p>Aislamiento y control total sobre Jeric\u00f3 por parte de Israel.<\/p>\n<\/li>\n<li>\n<p>Control militar y\/o destrucci\u00f3n de sitios tur\u00edsticos.<\/p>\n<\/li>\n<li>\n<p>Entrenamiento militar de Israel en la zona y explosiones, da\u00f1ando sitios, tales como el Monasterio Griego de Hijla.<\/p>\n<\/li>\n<li>\n<p>Prohibici\u00f3n a conductores israel\u00edes y gu\u00edas tur\u00edsticos de entrar en \u00e1reas palestinas, dejando como \u00fanica opci\u00f3n a los turistas que si quieren llegar, lo hagan a pie, o no vayan.<\/p>\n<\/li>\n<li>\n<p>Prohibici\u00f3n a los palestinos de celebrar festivales religiosos o culturales.<\/p>\n<\/li>\n<li>\n<p>Cierre de la Carretera de Wadi el-Qilt, que conduce hacia el Monasterio de San Jorge.<\/p>\n<\/li>\n<li>\n<p>Prohibici\u00f3n a los empleados de la Autoridad Palestina de entrar en Jeric\u00f3 para observar y documentar la destrucci\u00f3n de los sitios arqueol\u00f3gicos y el saqueo de piezas hist\u00f3ricas.<\/p>\n<\/li>\n<li>\n<p>Suspensi\u00f3n por parte de Israel de las visitas a Jeric\u00f3 y sus sitios arqueol\u00f3gicos y cancelaci\u00f3n de programas tur\u00edsticos internacionales.<\/p>\n<\/li>\n<li>\n<p>Construcci\u00f3n del Muro de Separaci\u00f3n, el cual se interpone en la continuidad geogr\u00e1fica territorial entre tres destinos tur\u00edsticos fundamentales: Jerusal\u00e9n, Bel\u00e9n y Jeric\u00f3.<\/p>\n<\/li>\n<li>\n<p>Detenci\u00f3n en la inversi\u00f3n despu\u00e9s de la segunda intifada.<\/p>\n<\/li>\n<li>\n<p>Detenci\u00f3n de todos los proyectos entre el Ministro Palestino de Turismo y Antig\u00fcedades y los pa\u00edses y organizaciones donantes, despu\u00e9s de las elecciones legislativas palestinas. Los proyectos incluyen excavaciones anuales para el agua, reacondicionamiento y rehabilitaci\u00f3n de infraestructura.<\/p>\n<\/li>\n<\/ul>\n<!-- AddThis Advanced Settings generic via filter on the_content --><!-- AddThis Share Buttons generic via filter on the_content -->","protected":false},"excerpt":{"rendered":"<p>Como resultado de las restricciones y pol\u00edticas de opresi\u00f3n, los palestinos del Valle de Jord\u00e1n est\u00e1n sufriendo altos rangos de pobreza y desempleo. La mayor\u00eda de los palestinos del Valle [&hellip;]<!-- AddThis Advanced Settings generic via filter on get_the_excerpt --><!-- AddThis Share Buttons generic via filter on get_the_excerpt --><\/p>\n","protected":false},"author":1,"featured_media":852,"comment_status":"open","ping_status":"open","sticky":false,"template":"","format":"standard","meta":{"footnotes":""},"categories":[87],"tags":[],"yoast_head":"<!-- This site is optimized with the Yoast SEO plugin v22.8 - https:\/\/yoast.com\/wordpress\/plugins\/seo\/ -->\n<title>Pobreza y Desempleo - Jordan Valley Solidarity ES<\/title>\n<meta name=\"robots\" content=\"index, follow, max-snippet:-1, max-image-preview:large, max-video-preview:-1\" \/>\n<link rel=\"canonical\" href=\"http:\/\/jordanvalleysolidarity.org\/es\/acerca-de-valle-del-jordan\/pobreza-y-desempleo\/\" \/>\n<meta property=\"og:locale\" content=\"es_ES\" \/>\n<meta property=\"og:type\" content=\"article\" \/>\n<meta property=\"og:title\" content=\"Pobreza y Desempleo - Jordan Valley Solidarity ES\" \/>\n<meta property=\"og:description\" content=\"Como resultado de las restricciones y pol\u00edticas de opresi\u00f3n, los palestinos del Valle de Jord\u00e1n est\u00e1n sufriendo altos rangos de pobreza y desempleo. La mayor\u00eda de los palestinos del Valle [&hellip;]\" \/>\n<meta property=\"og:url\" content=\"http:\/\/jordanvalleysolidarity.org\/es\/acerca-de-valle-del-jordan\/pobreza-y-desempleo\/\" \/>\n<meta property=\"og:site_name\" content=\"Jordan Valley Solidarity ES\" \/>\n<meta property=\"article:published_time\" content=\"2012-03-28T14:46:56+00:00\" \/>\n<meta property=\"article:modified_time\" content=\"2015-10-27T19:46:02+00:00\" \/>\n<meta property=\"og:image\" content=\"http:\/\/jordanvalleysolidarity.org\/es\/wp-content\/uploads\/sites\/3\/2012\/03\/sh%20al%20jiftlik.jpg\" \/>\n\t<meta property=\"og:image:width\" content=\"827\" \/>\n\t<meta property=\"og:image:height\" content=\"165\" \/>\n\t<meta property=\"og:image:type\" content=\"image\/jpeg\" \/>\n<meta name=\"author\" content=\"jvsadmin\" \/>\n<meta name=\"twitter:card\" content=\"summary_large_image\" \/>\n<meta name=\"twitter:label1\" content=\"Escrito por\" \/>\n\t<meta name=\"twitter:data1\" content=\"jvsadmin\" \/>\n\t<meta name=\"twitter:label2\" content=\"Tiempo de lectura\" \/>\n\t<meta name=\"twitter:data2\" content=\"2 minutos\" \/>\n<script type=\"application\/ld+json\" class=\"yoast-schema-graph\">{\"@context\":\"https:\/\/schema.org\",\"@graph\":[{\"@type\":\"WebPage\",\"@id\":\"http:\/\/jordanvalleysolidarity.org\/es\/acerca-de-valle-del-jordan\/pobreza-y-desempleo\/\",\"url\":\"http:\/\/jordanvalleysolidarity.org\/es\/acerca-de-valle-del-jordan\/pobreza-y-desempleo\/\",\"name\":\"Pobreza y Desempleo - Jordan Valley Solidarity ES\",\"isPartOf\":{\"@id\":\"http:\/\/jordanvalleysolidarity.org\/es\/#website\"},\"primaryImageOfPage\":{\"@id\":\"http:\/\/jordanvalleysolidarity.org\/es\/acerca-de-valle-del-jordan\/pobreza-y-desempleo\/#primaryimage\"},\"image\":{\"@id\":\"http:\/\/jordanvalleysolidarity.org\/es\/acerca-de-valle-del-jordan\/pobreza-y-desempleo\/#primaryimage\"},\"thumbnailUrl\":\"http:\/\/jordanvalleysolidarity.org\/es\/wp-content\/uploads\/sites\/3\/2012\/03\/sh al jiftlik.jpg\",\"datePublished\":\"2012-03-28T14:46:56+00:00\",\"dateModified\":\"2015-10-27T19:46:02+00:00\",\"author\":{\"@id\":\"http:\/\/jordanvalleysolidarity.org\/es\/#\/schema\/person\/9a6ba4dd6dc34314b80b535fb4a49416\"},\"breadcrumb\":{\"@id\":\"http:\/\/jordanvalleysolidarity.org\/es\/acerca-de-valle-del-jordan\/pobreza-y-desempleo\/#breadcrumb\"},\"inLanguage\":\"es\",\"potentialAction\":[{\"@type\":\"ReadAction\",\"target\":[\"http:\/\/jordanvalleysolidarity.org\/es\/acerca-de-valle-del-jordan\/pobreza-y-desempleo\/\"]}]},{\"@type\":\"ImageObject\",\"inLanguage\":\"es\",\"@id\":\"http:\/\/jordanvalleysolidarity.org\/es\/acerca-de-valle-del-jordan\/pobreza-y-desempleo\/#primaryimage\",\"url\":\"http:\/\/jordanvalleysolidarity.org\/es\/wp-content\/uploads\/sites\/3\/2012\/03\/sh al jiftlik.jpg\",\"contentUrl\":\"http:\/\/jordanvalleysolidarity.org\/es\/wp-content\/uploads\/sites\/3\/2012\/03\/sh al jiftlik.jpg\",\"width\":827,\"height\":165},{\"@type\":\"BreadcrumbList\",\"@id\":\"http:\/\/jordanvalleysolidarity.org\/es\/acerca-de-valle-del-jordan\/pobreza-y-desempleo\/#breadcrumb\",\"itemListElement\":[{\"@type\":\"ListItem\",\"position\":1,\"name\":\"Home\",\"item\":\"http:\/\/jordanvalleysolidarity.org\/es\/\"},{\"@type\":\"ListItem\",\"position\":2,\"name\":\"Pobreza y Desempleo\"}]},{\"@type\":\"WebSite\",\"@id\":\"http:\/\/jordanvalleysolidarity.org\/es\/#website\",\"url\":\"http:\/\/jordanvalleysolidarity.org\/es\/\",\"name\":\"Jordan Valley Solidarity ES\",\"description\":\"Just another Jordan Valley Solidarity Test Sites site\",\"potentialAction\":[{\"@type\":\"SearchAction\",\"target\":{\"@type\":\"EntryPoint\",\"urlTemplate\":\"http:\/\/jordanvalleysolidarity.org\/es\/?s={search_term_string}\"},\"query-input\":\"required name=search_term_string\"}],\"inLanguage\":\"es\"},{\"@type\":\"Person\",\"@id\":\"http:\/\/jordanvalleysolidarity.org\/es\/#\/schema\/person\/9a6ba4dd6dc34314b80b535fb4a49416\",\"name\":\"jvsadmin\",\"image\":{\"@type\":\"ImageObject\",\"inLanguage\":\"es\",\"@id\":\"http:\/\/jordanvalleysolidarity.org\/es\/#\/schema\/person\/image\/\",\"url\":\"http:\/\/0.gravatar.com\/avatar\/3d310b98c27b561cfb32ff94bad7cb9a?s=96&d=mm&r=g\",\"contentUrl\":\"http:\/\/0.gravatar.com\/avatar\/3d310b98c27b561cfb32ff94bad7cb9a?s=96&d=mm&r=g\",\"caption\":\"jvsadmin\"},\"url\":\"http:\/\/jordanvalleysolidarity.org\/es\/author\/jvsadmin\/\"}]}<\/script>\n<!-- \/ Yoast SEO plugin. -->","yoast_head_json":{"title":"Pobreza y Desempleo - Jordan Valley Solidarity ES","robots":{"index":"index","follow":"follow","max-snippet":"max-snippet:-1","max-image-preview":"max-image-preview:large","max-video-preview":"max-video-preview:-1"},"canonical":"http:\/\/jordanvalleysolidarity.org\/es\/acerca-de-valle-del-jordan\/pobreza-y-desempleo\/","og_locale":"es_ES","og_type":"article","og_title":"Pobreza y Desempleo - Jordan Valley Solidarity ES","og_description":"Como resultado de las restricciones y pol\u00edticas de opresi\u00f3n, los palestinos del Valle de Jord\u00e1n est\u00e1n sufriendo altos rangos de pobreza y desempleo. La mayor\u00eda de los palestinos del Valle [&hellip;]","og_url":"http:\/\/jordanvalleysolidarity.org\/es\/acerca-de-valle-del-jordan\/pobreza-y-desempleo\/","og_site_name":"Jordan Valley Solidarity ES","article_published_time":"2012-03-28T14:46:56+00:00","article_modified_time":"2015-10-27T19:46:02+00:00","og_image":[{"width":827,"height":165,"url":"http:\/\/jordanvalleysolidarity.org\/es\/wp-content\/uploads\/sites\/3\/2012\/03\/sh al jiftlik.jpg","type":"image\/jpeg"}],"author":"jvsadmin","twitter_card":"summary_large_image","twitter_misc":{"Escrito por":"jvsadmin","Tiempo de lectura":"2 minutos"},"schema":{"@context":"https:\/\/schema.org","@graph":[{"@type":"WebPage","@id":"http:\/\/jordanvalleysolidarity.org\/es\/acerca-de-valle-del-jordan\/pobreza-y-desempleo\/","url":"http:\/\/jordanvalleysolidarity.org\/es\/acerca-de-valle-del-jordan\/pobreza-y-desempleo\/","name":"Pobreza y Desempleo - Jordan Valley Solidarity ES","isPartOf":{"@id":"http:\/\/jordanvalleysolidarity.org\/es\/#website"},"primaryImageOfPage":{"@id":"http:\/\/jordanvalleysolidarity.org\/es\/acerca-de-valle-del-jordan\/pobreza-y-desempleo\/#primaryimage"},"image":{"@id":"http:\/\/jordanvalleysolidarity.org\/es\/acerca-de-valle-del-jordan\/pobreza-y-desempleo\/#primaryimage"},"thumbnailUrl":"http:\/\/jordanvalleysolidarity.org\/es\/wp-content\/uploads\/sites\/3\/2012\/03\/sh al jiftlik.jpg","datePublished":"2012-03-28T14:46:56+00:00","dateModified":"2015-10-27T19:46:02+00:00","author":{"@id":"http:\/\/jordanvalleysolidarity.org\/es\/#\/schema\/person\/9a6ba4dd6dc34314b80b535fb4a49416"},"breadcrumb":{"@id":"http:\/\/jordanvalleysolidarity.org\/es\/acerca-de-valle-del-jordan\/pobreza-y-desempleo\/#breadcrumb"},"inLanguage":"es","potentialAction":[{"@type":"ReadAction","target":["http:\/\/jordanvalleysolidarity.org\/es\/acerca-de-valle-del-jordan\/pobreza-y-desempleo\/"]}]},{"@type":"ImageObject","inLanguage":"es","@id":"http:\/\/jordanvalleysolidarity.org\/es\/acerca-de-valle-del-jordan\/pobreza-y-desempleo\/#primaryimage","url":"http:\/\/jordanvalleysolidarity.org\/es\/wp-content\/uploads\/sites\/3\/2012\/03\/sh al jiftlik.jpg","contentUrl":"http:\/\/jordanvalleysolidarity.org\/es\/wp-content\/uploads\/sites\/3\/2012\/03\/sh al jiftlik.jpg","width":827,"height":165},{"@type":"BreadcrumbList","@id":"http:\/\/jordanvalleysolidarity.org\/es\/acerca-de-valle-del-jordan\/pobreza-y-desempleo\/#breadcrumb","itemListElement":[{"@type":"ListItem","position":1,"name":"Home","item":"http:\/\/jordanvalleysolidarity.org\/es\/"},{"@type":"ListItem","position":2,"name":"Pobreza y Desempleo"}]},{"@type":"WebSite","@id":"http:\/\/jordanvalleysolidarity.org\/es\/#website","url":"http:\/\/jordanvalleysolidarity.org\/es\/","name":"Jordan Valley Solidarity ES","description":"Just another Jordan Valley Solidarity Test Sites site","potentialAction":[{"@type":"SearchAction","target":{"@type":"EntryPoint","urlTemplate":"http:\/\/jordanvalleysolidarity.org\/es\/?s={search_term_string}"},"query-input":"required name=search_term_string"}],"inLanguage":"es"},{"@type":"Person","@id":"http:\/\/jordanvalleysolidarity.org\/es\/#\/schema\/person\/9a6ba4dd6dc34314b80b535fb4a49416","name":"jvsadmin","image":{"@type":"ImageObject","inLanguage":"es","@id":"http:\/\/jordanvalleysolidarity.org\/es\/#\/schema\/person\/image\/","url":"http:\/\/0.gravatar.com\/avatar\/3d310b98c27b561cfb32ff94bad7cb9a?s=96&d=mm&r=g","contentUrl":"http:\/\/0.gravatar.com\/avatar\/3d310b98c27b561cfb32ff94bad7cb9a?s=96&d=mm&r=g","caption":"jvsadmin"},"url":"http:\/\/jordanvalleysolidarity.org\/es\/author\/jvsadmin\/"}]}},"_links":{"self":[{"href":"http:\/\/jordanvalleysolidarity.org\/es\/wp-json\/wp\/v2\/posts\/853"}],"collection":[{"href":"http:\/\/jordanvalleysolidarity.org\/es\/wp-json\/wp\/v2\/posts"}],"about":[{"href":"http:\/\/jordanvalleysolidarity.org\/es\/wp-json\/wp\/v2\/types\/post"}],"author":[{"embeddable":true,"href":"http:\/\/jordanvalleysolidarity.org\/es\/wp-json\/wp\/v2\/users\/1"}],"replies":[{"embeddable":true,"href":"http:\/\/jordanvalleysolidarity.org\/es\/wp-json\/wp\/v2\/comments?post=853"}],"version-history":[{"count":0,"href":"http:\/\/jordanvalleysolidarity.org\/es\/wp-json\/wp\/v2\/posts\/853\/revisions"}],"wp:featuredmedia":[{"embeddable":true,"href":"http:\/\/jordanvalleysolidarity.org\/es\/wp-json\/wp\/v2\/media\/852"}],"wp:attachment":[{"href":"http:\/\/jordanvalleysolidarity.org\/es\/wp-json\/wp\/v2\/media?parent=853"}],"wp:term":[{"taxonomy":"category","embeddable":true,"href":"http:\/\/jordanvalleysolidarity.org\/es\/wp-json\/wp\/v2\/categories?post=853"},{"taxonomy":"post_tag","embeddable":true,"href":"http:\/\/jordanvalleysolidarity.org\/es\/wp-json\/wp\/v2\/tags?post=853"}],"curies":[{"name":"wp","href":"https:\/\/api.w.org\/{rel}","templated":true}]}}