{"id":850,"date":"2012-03-28T15:37:30","date_gmt":"2012-03-28T14:37:30","guid":{"rendered":"http:\/\/jordanvalleysolidarity.org\/es\/2012\/03\/28\/geografia-y-demografia\/"},"modified":"2015-10-27T19:46:02","modified_gmt":"2015-10-27T19:46:02","slug":"geografia-y-demografia","status":"publish","type":"post","link":"http:\/\/jordanvalleysolidarity.org\/es\/acerca-de-valle-del-jordan\/geografia-y-demografia\/","title":{"rendered":"Geograf\u00eda y Demograf\u00eda"},"content":{"rendered":"<p>&nbsp;<img loading=\"lazy\" decoding=\"async\" class=\" size-full wp-image-35\" src=\"http:\/\/jordanvalleysolidarity.org\/es\/wp-content\/uploads\/sites\/3\/2010\/04\/sh%20furush%20beit%20dejan.jpg\" width=\"350\" height=\"70\" \/><\/p>\n<p>El Valle del Jord\u00e1n forma parte del Gran Valle del Rift. Este se extiende entre los continentes de Europa, Asia y \u00c1frica. El Mar Muerto, en el sur del Valle del Jord\u00e1n, es el punto m\u00e1s bajo de la Tierra, a alrededor de 400 metros bajo el nivel del mar. La cadena de monta\u00f1as que corre al oeste de Cisjordania a lo largo del valle que yace bajo el nivel del mar, crea un paisaje espectacular y diverso. El Valle es la regi\u00f3n m\u00e1s f\u00e9rtil para la agricultura en los Territorios Ocupados.<\/p>\n<p>El Valle del Jord\u00e1n constituye el 30% del territorio de Cisjordania. Abarca una superficie de 2400 kil\u00f3metros cuadrados, desde el Mar Muerto en el sur, hasta la ciudad de Bisan en el norte -la frontera completa entre Cisjordania y Jordania.<\/p>\n<p>Cuando Israel ocup\u00f3 el Valle del Jord\u00e1n en 1967, 320000 personas resid\u00edan en el \u00e1rea. La continua limpieza \u00e9tnica que lleva a cabo Israel, ha conseguido que sean solamente 56000 los palestinos que contin\u00faan viviendo permanentemente en el Valle; otros, viven como n\u00f3mades, mud\u00e1ndose de un sitio a otro para cultivar, cosechar sus tierras y pastar los reba\u00f1os, seg\u00fan las temporadas.<\/p>\n<h4><strong>Clima<\/strong><\/h4>\n<p>El Valle de Jord\u00e1n posee un clima particular dentro de la regi\u00f3n Cisjordana. Las temperaturas suben algunos grados en relaci\u00f3n a otros sitios de Cisjordania. El promedio en invierno es de 15\u00ba C y en verano puede alcanzar los 40\u00ba.&nbsp;<\/p>\n<!-- AddThis Advanced Settings generic via filter on the_content --><!-- AddThis Share Buttons generic via filter on the_content -->","protected":false},"excerpt":{"rendered":"<p>&nbsp; El Valle del Jord\u00e1n forma parte del Gran Valle del Rift. Este se extiende entre los continentes de Europa, Asia y \u00c1frica. El Mar Muerto, en el sur del [&hellip;]<!-- AddThis Advanced Settings generic via filter on get_the_excerpt --><!-- AddThis Share Buttons generic via filter on get_the_excerpt --><\/p>\n","protected":false},"author":1,"featured_media":35,"comment_status":"open","ping_status":"open","sticky":false,"template":"","format":"standard","meta":{"footnotes":""},"categories":[87],"tags":[],"yoast_head":"<!-- This site is optimized with the Yoast SEO plugin v22.8 - https:\/\/yoast.com\/wordpress\/plugins\/seo\/ -->\n<title>Geograf\u00eda y Demograf\u00eda - Jordan Valley Solidarity ES<\/title>\n<meta name=\"robots\" content=\"index, follow, max-snippet:-1, max-image-preview:large, max-video-preview:-1\" \/>\n<link rel=\"canonical\" href=\"http:\/\/jordanvalleysolidarity.org\/es\/acerca-de-valle-del-jordan\/geografia-y-demografia\/\" \/>\n<meta property=\"og:locale\" content=\"es_ES\" \/>\n<meta property=\"og:type\" content=\"article\" \/>\n<meta property=\"og:title\" content=\"Geograf\u00eda y Demograf\u00eda - Jordan Valley Solidarity ES\" \/>\n<meta property=\"og:description\" content=\"&nbsp; El Valle del Jord\u00e1n forma parte del Gran Valle del Rift. Este se extiende entre los continentes de Europa, Asia y \u00c1frica. El Mar Muerto, en el sur del [&hellip;]\" \/>\n<meta property=\"og:url\" content=\"http:\/\/jordanvalleysolidarity.org\/es\/acerca-de-valle-del-jordan\/geografia-y-demografia\/\" \/>\n<meta property=\"og:site_name\" content=\"Jordan Valley Solidarity ES\" \/>\n<meta property=\"article:published_time\" content=\"2012-03-28T14:37:30+00:00\" \/>\n<meta property=\"article:modified_time\" content=\"2015-10-27T19:46:02+00:00\" \/>\n<meta property=\"og:image\" content=\"http:\/\/jordanvalleysolidarity.org\/es\/wp-content\/uploads\/sites\/3\/2010\/04\/sh%20furush%20beit%20dejan.jpg\" \/>\n\t<meta property=\"og:image:width\" content=\"827\" \/>\n\t<meta property=\"og:image:height\" content=\"165\" \/>\n\t<meta property=\"og:image:type\" content=\"image\/jpeg\" \/>\n<meta name=\"author\" content=\"jvsadmin\" \/>\n<meta name=\"twitter:card\" content=\"summary_large_image\" \/>\n<meta name=\"twitter:label1\" content=\"Escrito por\" \/>\n\t<meta name=\"twitter:data1\" content=\"jvsadmin\" \/>\n\t<meta name=\"twitter:label2\" content=\"Tiempo de lectura\" \/>\n\t<meta name=\"twitter:data2\" content=\"1 minuto\" \/>\n<script type=\"application\/ld+json\" class=\"yoast-schema-graph\">{\"@context\":\"https:\/\/schema.org\",\"@graph\":[{\"@type\":\"WebPage\",\"@id\":\"http:\/\/jordanvalleysolidarity.org\/es\/acerca-de-valle-del-jordan\/geografia-y-demografia\/\",\"url\":\"http:\/\/jordanvalleysolidarity.org\/es\/acerca-de-valle-del-jordan\/geografia-y-demografia\/\",\"name\":\"Geograf\u00eda y Demograf\u00eda - Jordan Valley Solidarity ES\",\"isPartOf\":{\"@id\":\"http:\/\/jordanvalleysolidarity.org\/es\/#website\"},\"primaryImageOfPage\":{\"@id\":\"http:\/\/jordanvalleysolidarity.org\/es\/acerca-de-valle-del-jordan\/geografia-y-demografia\/#primaryimage\"},\"image\":{\"@id\":\"http:\/\/jordanvalleysolidarity.org\/es\/acerca-de-valle-del-jordan\/geografia-y-demografia\/#primaryimage\"},\"thumbnailUrl\":\"http:\/\/jordanvalleysolidarity.org\/es\/wp-content\/uploads\/sites\/3\/2010\/04\/sh furush beit dejan.jpg\",\"datePublished\":\"2012-03-28T14:37:30+00:00\",\"dateModified\":\"2015-10-27T19:46:02+00:00\",\"author\":{\"@id\":\"http:\/\/jordanvalleysolidarity.org\/es\/#\/schema\/person\/9a6ba4dd6dc34314b80b535fb4a49416\"},\"breadcrumb\":{\"@id\":\"http:\/\/jordanvalleysolidarity.org\/es\/acerca-de-valle-del-jordan\/geografia-y-demografia\/#breadcrumb\"},\"inLanguage\":\"es\",\"potentialAction\":[{\"@type\":\"ReadAction\",\"target\":[\"http:\/\/jordanvalleysolidarity.org\/es\/acerca-de-valle-del-jordan\/geografia-y-demografia\/\"]}]},{\"@type\":\"ImageObject\",\"inLanguage\":\"es\",\"@id\":\"http:\/\/jordanvalleysolidarity.org\/es\/acerca-de-valle-del-jordan\/geografia-y-demografia\/#primaryimage\",\"url\":\"http:\/\/jordanvalleysolidarity.org\/es\/wp-content\/uploads\/sites\/3\/2010\/04\/sh furush beit dejan.jpg\",\"contentUrl\":\"http:\/\/jordanvalleysolidarity.org\/es\/wp-content\/uploads\/sites\/3\/2010\/04\/sh furush beit dejan.jpg\",\"width\":827,\"height\":165},{\"@type\":\"BreadcrumbList\",\"@id\":\"http:\/\/jordanvalleysolidarity.org\/es\/acerca-de-valle-del-jordan\/geografia-y-demografia\/#breadcrumb\",\"itemListElement\":[{\"@type\":\"ListItem\",\"position\":1,\"name\":\"Home\",\"item\":\"http:\/\/jordanvalleysolidarity.org\/es\/\"},{\"@type\":\"ListItem\",\"position\":2,\"name\":\"Geograf\u00eda y Demograf\u00eda\"}]},{\"@type\":\"WebSite\",\"@id\":\"http:\/\/jordanvalleysolidarity.org\/es\/#website\",\"url\":\"http:\/\/jordanvalleysolidarity.org\/es\/\",\"name\":\"Jordan Valley Solidarity ES\",\"description\":\"Just another Jordan Valley Solidarity Test Sites site\",\"potentialAction\":[{\"@type\":\"SearchAction\",\"target\":{\"@type\":\"EntryPoint\",\"urlTemplate\":\"http:\/\/jordanvalleysolidarity.org\/es\/?s={search_term_string}\"},\"query-input\":\"required name=search_term_string\"}],\"inLanguage\":\"es\"},{\"@type\":\"Person\",\"@id\":\"http:\/\/jordanvalleysolidarity.org\/es\/#\/schema\/person\/9a6ba4dd6dc34314b80b535fb4a49416\",\"name\":\"jvsadmin\",\"image\":{\"@type\":\"ImageObject\",\"inLanguage\":\"es\",\"@id\":\"http:\/\/jordanvalleysolidarity.org\/es\/#\/schema\/person\/image\/\",\"url\":\"http:\/\/0.gravatar.com\/avatar\/3d310b98c27b561cfb32ff94bad7cb9a?s=96&d=mm&r=g\",\"contentUrl\":\"http:\/\/0.gravatar.com\/avatar\/3d310b98c27b561cfb32ff94bad7cb9a?s=96&d=mm&r=g\",\"caption\":\"jvsadmin\"},\"url\":\"http:\/\/jordanvalleysolidarity.org\/es\/author\/jvsadmin\/\"}]}<\/script>\n<!-- \/ Yoast SEO plugin. -->","yoast_head_json":{"title":"Geograf\u00eda y Demograf\u00eda - Jordan Valley Solidarity ES","robots":{"index":"index","follow":"follow","max-snippet":"max-snippet:-1","max-image-preview":"max-image-preview:large","max-video-preview":"max-video-preview:-1"},"canonical":"http:\/\/jordanvalleysolidarity.org\/es\/acerca-de-valle-del-jordan\/geografia-y-demografia\/","og_locale":"es_ES","og_type":"article","og_title":"Geograf\u00eda y Demograf\u00eda - Jordan Valley Solidarity ES","og_description":"&nbsp; El Valle del Jord\u00e1n forma parte del Gran Valle del Rift. Este se extiende entre los continentes de Europa, Asia y \u00c1frica. El Mar Muerto, en el sur del [&hellip;]","og_url":"http:\/\/jordanvalleysolidarity.org\/es\/acerca-de-valle-del-jordan\/geografia-y-demografia\/","og_site_name":"Jordan Valley Solidarity ES","article_published_time":"2012-03-28T14:37:30+00:00","article_modified_time":"2015-10-27T19:46:02+00:00","og_image":[{"width":827,"height":165,"url":"http:\/\/jordanvalleysolidarity.org\/es\/wp-content\/uploads\/sites\/3\/2010\/04\/sh furush beit dejan.jpg","type":"image\/jpeg"}],"author":"jvsadmin","twitter_card":"summary_large_image","twitter_misc":{"Escrito por":"jvsadmin","Tiempo de lectura":"1 minuto"},"schema":{"@context":"https:\/\/schema.org","@graph":[{"@type":"WebPage","@id":"http:\/\/jordanvalleysolidarity.org\/es\/acerca-de-valle-del-jordan\/geografia-y-demografia\/","url":"http:\/\/jordanvalleysolidarity.org\/es\/acerca-de-valle-del-jordan\/geografia-y-demografia\/","name":"Geograf\u00eda y Demograf\u00eda - Jordan Valley Solidarity ES","isPartOf":{"@id":"http:\/\/jordanvalleysolidarity.org\/es\/#website"},"primaryImageOfPage":{"@id":"http:\/\/jordanvalleysolidarity.org\/es\/acerca-de-valle-del-jordan\/geografia-y-demografia\/#primaryimage"},"image":{"@id":"http:\/\/jordanvalleysolidarity.org\/es\/acerca-de-valle-del-jordan\/geografia-y-demografia\/#primaryimage"},"thumbnailUrl":"http:\/\/jordanvalleysolidarity.org\/es\/wp-content\/uploads\/sites\/3\/2010\/04\/sh furush beit dejan.jpg","datePublished":"2012-03-28T14:37:30+00:00","dateModified":"2015-10-27T19:46:02+00:00","author":{"@id":"http:\/\/jordanvalleysolidarity.org\/es\/#\/schema\/person\/9a6ba4dd6dc34314b80b535fb4a49416"},"breadcrumb":{"@id":"http:\/\/jordanvalleysolidarity.org\/es\/acerca-de-valle-del-jordan\/geografia-y-demografia\/#breadcrumb"},"inLanguage":"es","potentialAction":[{"@type":"ReadAction","target":["http:\/\/jordanvalleysolidarity.org\/es\/acerca-de-valle-del-jordan\/geografia-y-demografia\/"]}]},{"@type":"ImageObject","inLanguage":"es","@id":"http:\/\/jordanvalleysolidarity.org\/es\/acerca-de-valle-del-jordan\/geografia-y-demografia\/#primaryimage","url":"http:\/\/jordanvalleysolidarity.org\/es\/wp-content\/uploads\/sites\/3\/2010\/04\/sh furush beit dejan.jpg","contentUrl":"http:\/\/jordanvalleysolidarity.org\/es\/wp-content\/uploads\/sites\/3\/2010\/04\/sh furush beit dejan.jpg","width":827,"height":165},{"@type":"BreadcrumbList","@id":"http:\/\/jordanvalleysolidarity.org\/es\/acerca-de-valle-del-jordan\/geografia-y-demografia\/#breadcrumb","itemListElement":[{"@type":"ListItem","position":1,"name":"Home","item":"http:\/\/jordanvalleysolidarity.org\/es\/"},{"@type":"ListItem","position":2,"name":"Geograf\u00eda y Demograf\u00eda"}]},{"@type":"WebSite","@id":"http:\/\/jordanvalleysolidarity.org\/es\/#website","url":"http:\/\/jordanvalleysolidarity.org\/es\/","name":"Jordan Valley Solidarity ES","description":"Just another Jordan Valley Solidarity Test Sites site","potentialAction":[{"@type":"SearchAction","target":{"@type":"EntryPoint","urlTemplate":"http:\/\/jordanvalleysolidarity.org\/es\/?s={search_term_string}"},"query-input":"required name=search_term_string"}],"inLanguage":"es"},{"@type":"Person","@id":"http:\/\/jordanvalleysolidarity.org\/es\/#\/schema\/person\/9a6ba4dd6dc34314b80b535fb4a49416","name":"jvsadmin","image":{"@type":"ImageObject","inLanguage":"es","@id":"http:\/\/jordanvalleysolidarity.org\/es\/#\/schema\/person\/image\/","url":"http:\/\/0.gravatar.com\/avatar\/3d310b98c27b561cfb32ff94bad7cb9a?s=96&d=mm&r=g","contentUrl":"http:\/\/0.gravatar.com\/avatar\/3d310b98c27b561cfb32ff94bad7cb9a?s=96&d=mm&r=g","caption":"jvsadmin"},"url":"http:\/\/jordanvalleysolidarity.org\/es\/author\/jvsadmin\/"}]}},"_links":{"self":[{"href":"http:\/\/jordanvalleysolidarity.org\/es\/wp-json\/wp\/v2\/posts\/850"}],"collection":[{"href":"http:\/\/jordanvalleysolidarity.org\/es\/wp-json\/wp\/v2\/posts"}],"about":[{"href":"http:\/\/jordanvalleysolidarity.org\/es\/wp-json\/wp\/v2\/types\/post"}],"author":[{"embeddable":true,"href":"http:\/\/jordanvalleysolidarity.org\/es\/wp-json\/wp\/v2\/users\/1"}],"replies":[{"embeddable":true,"href":"http:\/\/jordanvalleysolidarity.org\/es\/wp-json\/wp\/v2\/comments?post=850"}],"version-history":[{"count":0,"href":"http:\/\/jordanvalleysolidarity.org\/es\/wp-json\/wp\/v2\/posts\/850\/revisions"}],"wp:featuredmedia":[{"embeddable":true,"href":"http:\/\/jordanvalleysolidarity.org\/es\/wp-json\/wp\/v2\/media\/35"}],"wp:attachment":[{"href":"http:\/\/jordanvalleysolidarity.org\/es\/wp-json\/wp\/v2\/media?parent=850"}],"wp:term":[{"taxonomy":"category","embeddable":true,"href":"http:\/\/jordanvalleysolidarity.org\/es\/wp-json\/wp\/v2\/categories?post=850"},{"taxonomy":"post_tag","embeddable":true,"href":"http:\/\/jordanvalleysolidarity.org\/es\/wp-json\/wp\/v2\/tags?post=850"}],"curies":[{"name":"wp","href":"https:\/\/api.w.org\/{rel}","templated":true}]}}